{"id":417738,"date":"2025-09-26T00:38:11","date_gmt":"2025-09-26T00:38:11","guid":{"rendered":"https:\/\/www.europesays.com\/fr\/417738\/"},"modified":"2025-09-26T00:38:11","modified_gmt":"2025-09-26T00:38:11","slug":"a-vos-agendas-le-30-septembre-participez-au-colloque-bio-au-siege-de-region-a-lille","status":"publish","type":"post","link":"https:\/\/www.europesays.com\/fr\/417738\/","title":{"rendered":"\u00c0 vos agendas : le 30 septembre participez au colloque bio au Si\u00e8ge de R\u00e9gion \u00e0 Lille"},"content":{"rendered":"<p>Mardi 30 septembre 2025, \u00e0 partir de 9h30, le Si\u00e8ge de R\u00e9gion \u00e0 Lille accueillera un colloque exceptionnel autour d\u2019un sujet d\u2019actualit\u00e9 : \u00ab\u00a0Quelles contributions de l\u2019agriculture biologique \u00e0 la pr\u00e9servation des ressources naturelles, du climat et de la sant\u00e9 ?\u00a0\u00bb.\n<\/p>\n<p>Organis\u00e9 par la R\u00e9gion Hauts-de-France, en partenariat avec la <a href=\"https:\/\/draaf.hauts-de-france.agriculture.gouv.fr\/\" target=\"_blank\" rel=\"noopener nofollow\">Direction r\u00e9gionale de l\u2019Alimentation, de l\u2019Agriculture et de la For\u00eat (DRAAF)<\/a>,<a href=\"https:\/\/www.eau-artois-picardie.fr\/\" target=\"_blank\" rel=\"noopener nofollow\"> l\u2019Agence de l\u2019eau Artois-Picardie (AEAP)<\/a> et <a href=\"https:\/\/www.eau-seine-normandie.fr\/\" target=\"_blank\" rel=\"noopener nofollow\">l\u2019Agence de l\u2019eau Seine-Normandie (AESN)<\/a>, ce rendez-vous s\u2019inscrit dans le cadre des 40 ans du <a href=\"https:\/\/agriculture.gouv.fr\/la-certification-en-agriculture-biologique\" target=\"_blank\" rel=\"noopener nofollow\">label Agriculture Biologique (AB)<\/a> et du <a href=\"https:\/\/www.hautsdefrance.fr\/le-plan-bio-2023-2027-une-ambition-renouvelee-en-hauts-de-france\/\" target=\"_blank\" rel=\"noopener nofollow\">Plan Bio r\u00e9gional 2023-2027<\/a>.<\/p>\n<p><a href=\"https:\/\/www.bio-hautsdefrance.org\/agenda\/quelles-contributions-de-lagriculture-biologique-a-la-preservation-des-ressources-naturelles-du-climat-et-de-la-sante\/\" target=\"_blank\" rel=\"noopener nofollow\"><strong>Inscription obligatoire avant le 20 septembre<\/strong><\/a><\/p>\n<p>Le Plan Bio r\u00e9gional 2023-2027, de quoi parlons-nous ?<\/p>\n<p>Deuxi\u00e8me \u00e9dition du plan partenarial pour le d\u00e9veloppement du bio dans la r\u00e9gion, il associe 9 partenaires institutionnels et 4 partenaires professionnels. Structur\u00e9 autour de 4 axes strat\u00e9giques, il agit pour :<\/p>\n<ol>\n<li>S\u00e9curiser et d\u00e9velopper les surfaces bio,<\/li>\n<li>Structurer les fili\u00e8res r\u00e9gionales,<\/li>\n<li>Accro\u00eetre la consommation et l\u2019approvisionnement en bio,<\/li>\n<li>Animer une strat\u00e9gie collective et visible.<\/li>\n<\/ol>\n<p>Depuis 2017, plus de 15 millions d\u2019euros ont \u00e9t\u00e9 mobilis\u00e9s pour soutenir les producteurs, financer l\u2019innovation et renforcer les actions de sensibilisation aupr\u00e8s des citoyens.<\/p>\n<p>Agriculture biologique : un levier pour l\u2019avenir<\/p>\n<p>Dans un contexte de fragilit\u00e9 \u00e9conomique de la fili\u00e8re et de baisse de consommation, ce colloque souhaite rappeler le r\u00f4le fondamental de l\u2019agriculture biologique pour :<\/p>\n<ul>\n<li>La qualit\u00e9 de l\u2019eau,<\/li>\n<li>La fertilit\u00e9 des sols,<\/li>\n<li>La pr\u00e9servation de la biodiversit\u00e9,<\/li>\n<li>La sant\u00e9 humaine,<\/li>\n<li>La lutte contre le changement climatique.<\/li>\n<\/ul>\n<p>Il s\u2019agit aussi d\u2019un appel \u00e0 l\u2019action pour consolider les politiques publiques et acc\u00e9l\u00e9rer la transition agro \u00e9cologique en Hauts-de-France.<\/p>\n<p>Un programme riche et engag\u00e9<\/p>\n<ul>\n<li>9h30 : accueil des participants,<\/li>\n<li>Introduction par la R\u00e9gion, la DRAAF, l\u2019AEAP et l\u2019AESN,<\/li>\n<li>T\u00e9moignage de terrain : J\u00e9r\u00f4me Hochin, agriculteur bio dans le Pas-de-Calais, laur\u00e9at du concours national des pratiques agro \u00e9cologiques,<\/li>\n<li>\u00c9tude scientifique in\u00e9dite de<a href=\"https:\/\/itab.bio\/\" target=\"_blank\" rel=\"noopener nofollow\"> l\u2019Institut Technique de l\u2019Agriculture Biologique (ITAB)<\/a> : impacts de l\u2019agriculture biologique sur le sol, le climat, la biodiversit\u00e9 et la sant\u00e9,<\/li>\n<li>Focus politique r\u00e9gionale : enjeux de la strat\u00e9gie \u00ab\u00a0Une seule sant\u00e9\u00a0\u00bb du <a href=\"https:\/\/www.hautsdefrance.fr\/sante-environnement-le-plan-regional-est-lance\/\" target=\"_blank\" rel=\"noopener nofollow\">Plan R\u00e9gional Sant\u00e9 Environnement,<\/a><\/li>\n<li>Engagements concrets : ordonnances vertes pour les femmes enceintes et partenariats sant\u00e9-bio.<\/li>\n<\/ul>\n<p>Des personnalit\u00e9s au rendez-vous<\/p>\n<p>Le colloque r\u00e9unira de nombreux acteurs institutionnels et de terrain, parmi lesquels :<\/p>\n<ul>\n<li>Marie-Sophie Lesne, vice-Pr\u00e9sidente de la R\u00e9gion en charge de l\u2019agriculture et de l\u2019agroalimentaire,<\/li>\n<li>Bjorn Desmet, Directeur r\u00e9gional de l\u2019Alimentation, de l\u2019Agriculture et de la For\u00eat,<\/li>\n<li>Isabelle Matykowski, Directrice g\u00e9n\u00e9rale de l\u2019Agence de l\u2019Eau Artois-Picardie,<\/li>\n<li>Pascale Mercier, Directrice Territoriale de l\u2019Agence de l\u2019eau Seine-Normandie,<\/li>\n<li>Sophie Tabary, Pr\u00e9sidente de Bio en Hauts-de-France.<\/li>\n<\/ul>\n<p>Quelques chiffres cl\u00e9s<\/p>\n<ul>\n<li>1 375 fermes biologiques en Hauts-de-France en 2024 (6,1 % des exploitations),<\/li>\n<li>Une dynamique en recul : davantage d\u2019arr\u00eats que de nouvelles conversions,<\/li>\n<li>Le Nord (436 fermes) et le Pas-de-Calais (287 fermes) restent en t\u00eate,<\/li>\n<li>43 % des GIEE r\u00e9gionaux incluent des producteurs bio,<\/li>\n<li>Au niveau national, le march\u00e9 du bio atteint 12 milliards d\u2019euros en 2024, soit 5,7 % de la consommation alimentaire des m\u00e9nages.<\/li>\n<\/ul>\n","protected":false},"excerpt":{"rendered":"Mardi 30 septembre 2025, \u00e0 partir de 9h30, le Si\u00e8ge de R\u00e9gion \u00e0 Lille accueillera un colloque exceptionnel&hellip;\n","protected":false},"author":2,"featured_media":417739,"comment_status":"","ping_status":"","sticky":false,"template":"","format":"standard","meta":{"footnotes":""},"categories":[2815],"tags":[1111,11,327,436,1777,674,1011,27,811,1307,12,25,71],"class_list":{"0":"post-417738","1":"post","2":"type-post","3":"status-publish","4":"format-standard","5":"has-post-thumbnail","7":"category-lille","8":"tag-actu","9":"tag-actualites","10":"tag-agriculture","11":"tag-environnement","12":"tag-eu","13":"tag-europe","14":"tag-fr","15":"tag-france","16":"tag-hauts-de-france","17":"tag-lille","18":"tag-news","19":"tag-republique-francaise","20":"tag-sante"},"share_on_mastodon":{"url":"https:\/\/pubeurope.com\/@fr\/115267810379591450","error":""},"_links":{"self":[{"href":"https:\/\/www.europesays.com\/fr\/wp-json\/wp\/v2\/posts\/417738","targetHints":{"allow":["GET"]}}],"collection":[{"href":"https:\/\/www.europesays.com\/fr\/wp-json\/wp\/v2\/posts"}],"about":[{"href":"https:\/\/www.europesays.com\/fr\/wp-json\/wp\/v2\/types\/post"}],"author":[{"embeddable":true,"href":"https:\/\/www.europesays.com\/fr\/wp-json\/wp\/v2\/users\/2"}],"replies":[{"embeddable":true,"href":"https:\/\/www.europesays.com\/fr\/wp-json\/wp\/v2\/comments?post=417738"}],"version-history":[{"count":0,"href":"https:\/\/www.europesays.com\/fr\/wp-json\/wp\/v2\/posts\/417738\/revisions"}],"wp:featuredmedia":[{"embeddable":true,"href":"https:\/\/www.europesays.com\/fr\/wp-json\/wp\/v2\/media\/417739"}],"wp:attachment":[{"href":"https:\/\/www.europesays.com\/fr\/wp-json\/wp\/v2\/media?parent=417738"}],"wp:term":[{"taxonomy":"category","embeddable":true,"href":"https:\/\/www.europesays.com\/fr\/wp-json\/wp\/v2\/categories?post=417738"},{"taxonomy":"post_tag","embeddable":true,"href":"https:\/\/www.europesays.com\/fr\/wp-json\/wp\/v2\/tags?post=417738"}],"curies":[{"name":"wp","href":"https:\/\/api.w.org\/{rel}","templated":true}]}}