{"id":417740,"date":"2025-09-26T00:39:17","date_gmt":"2025-09-26T00:39:17","guid":{"rendered":"https:\/\/www.europesays.com\/fr\/417740\/"},"modified":"2025-09-26T00:39:17","modified_gmt":"2025-09-26T00:39:17","slug":"le-pana-leader-lille-dans-le-top-8-c3-j1","status":"publish","type":"post","link":"https:\/\/www.europesays.com\/fr\/417740\/","title":{"rendered":"Le Pana leader, Lille dans le top 8 &#8211; C3 &#8211; J1"},"content":{"rendered":"<p>D\u2019un Z qui veut dire Zaroury.<\/p>\n<p>Le Panathina\u00efkos est le premier <strong>leader officiel de la Ligue Europa<\/strong> cette saison, et il le doit en grande partie \u00e0 Anass Zaroury. L\u2019ancien lensois a inscrit un tripl\u00e9 (13e, 19e, 68e) lors de la large victoire de son \u00e9quipe sur la pelouse des Young Boys (1-4). Le Dinamo Zagreb, tombeur de Fenerbah\u00e7e (3-1), et Midtjylland, vainqueur de Graz (2-0), compl\u00e8tent ce podium tr\u00e8s provisoire. Un autre ex de Ligue 1 a brill\u00e9 ce jeudi : <strong>Badredine Bouanani, buteur d\u00e9cisif dans le succ\u00e8s de Stuttgart<\/strong> contre le Celta (2-1).<\/p>\n<p>Rel\u00e9gable en Premier League, <strong>Aston Villa a gagn\u00e9 pour la premi\u00e8re fois de la saison<\/strong> contre Bologne, gr\u00e2ce \u00e0 John McGinn (1-0), tandis que William Gomes a crucifi\u00e9 Salzbourg en Autriche, \u00e0 la 90e+3, pour <strong>placer Porto dans le bon wagon<\/strong> (0-1). En revanche,<strong> les Rangers continuent de tirer la tronche<\/strong> : r\u00e9duits \u00e0 10 pendant 50 minutes, ils ont mordu la poussi\u00e8re face \u00e0 Genk (0-1).<\/p>\n<p>Au classement, <strong>Lille se situe dans le top 8<\/strong> gr\u00e2ce \u00e0 ses deux buts contre Brann (2-1), quelques rangs devant Lyon. Pour Nice, battu \u00e0 Rome l\u2019honneur est sauf : le Gym fait partie du top 30.<\/p>\n<p>Vivement la suite !<\/p>\n<p>\t\t\t\t\t\t\t\t\t\t<a class=\"lien-connexe\" href=\"https:\/\/www.sofoot.com\/articles\/ligue-europa-lyon-simpose-dans-la-douleur-a-utrecht\" rel=\"nofollow noopener\" target=\"_blank\">L&rsquo;OL s&rsquo;impose dans la douleur \u00e0 Utrecht<\/a>\t\t\t\t\t<\/p>\n","protected":false},"excerpt":{"rendered":"D\u2019un Z qui veut dire Zaroury. Le Panathina\u00efkos est le premier leader officiel de la Ligue Europa cette&hellip;\n","protected":false},"author":2,"featured_media":417741,"comment_status":"","ping_status":"","sticky":false,"template":"","format":"standard","meta":{"footnotes":""},"categories":[2815],"tags":[1111,47,11,61,69,65,64,1777,674,63,1011,27,811,68,66,1307,12,62,70,25,67],"class_list":{"0":"post-417740","1":"post","2":"type-post","3":"status-publish","4":"format-standard","5":"has-post-thumbnail","7":"category-lille","8":"tag-actu","9":"tag-actualite","10":"tag-actualites","11":"tag-actus-football","12":"tag-bundesliga","13":"tag-championnats-europeens","14":"tag-equipe-de-france","15":"tag-eu","16":"tag-europe","17":"tag-football","18":"tag-fr","19":"tag-france","20":"tag-hauts-de-france","21":"tag-ligua","22":"tag-ligue-1","23":"tag-lille","24":"tag-news","25":"tag-news-foot","26":"tag-premier-league","27":"tag-republique-francaise","28":"tag-serie-a"},"share_on_mastodon":{"url":"https:\/\/pubeurope.com\/@fr\/115267814254674273","error":""},"_links":{"self":[{"href":"https:\/\/www.europesays.com\/fr\/wp-json\/wp\/v2\/posts\/417740","targetHints":{"allow":["GET"]}}],"collection":[{"href":"https:\/\/www.europesays.com\/fr\/wp-json\/wp\/v2\/posts"}],"about":[{"href":"https:\/\/www.europesays.com\/fr\/wp-json\/wp\/v2\/types\/post"}],"author":[{"embeddable":true,"href":"https:\/\/www.europesays.com\/fr\/wp-json\/wp\/v2\/users\/2"}],"replies":[{"embeddable":true,"href":"https:\/\/www.europesays.com\/fr\/wp-json\/wp\/v2\/comments?post=417740"}],"version-history":[{"count":0,"href":"https:\/\/www.europesays.com\/fr\/wp-json\/wp\/v2\/posts\/417740\/revisions"}],"wp:featuredmedia":[{"embeddable":true,"href":"https:\/\/www.europesays.com\/fr\/wp-json\/wp\/v2\/media\/417741"}],"wp:attachment":[{"href":"https:\/\/www.europesays.com\/fr\/wp-json\/wp\/v2\/media?parent=417740"}],"wp:term":[{"taxonomy":"category","embeddable":true,"href":"https:\/\/www.europesays.com\/fr\/wp-json\/wp\/v2\/categories?post=417740"},{"taxonomy":"post_tag","embeddable":true,"href":"https:\/\/www.europesays.com\/fr\/wp-json\/wp\/v2\/tags?post=417740"}],"curies":[{"name":"wp","href":"https:\/\/api.w.org\/{rel}","templated":true}]}}