{"id":417742,"date":"2025-09-26T00:40:11","date_gmt":"2025-09-26T00:40:11","guid":{"rendered":"https:\/\/www.europesays.com\/fr\/417742\/"},"modified":"2025-09-26T00:40:11","modified_gmt":"2025-09-26T00:40:11","slug":"liberte-de-la-presse-un-soutien-massif-a-la-marseillaise-pour-contrer-lextreme-droite-2","status":"publish","type":"post","link":"https:\/\/www.europesays.com\/fr\/417742\/","title":{"rendered":"[Libert\u00e9 de la presse] Un soutien massif \u00e0 La Marseillaise pour contrer l\u2019extr\u00eame droite"},"content":{"rendered":"\n<p>Faire bloc face aux assauts men\u00e9s par l\u2019extr\u00eame droite. Une forte mobilisation s\u2019est tenue devant l\u2019entr\u00e9e du tribunal, rue Autran (6e), en solidarit\u00e9 de La\u00a0Marseillaise et plus largement pour soutenir la libert\u00e9 de la presse et la pluralit\u00e9 des m\u00e9dias.<\/p>\n<p>Tristan Arnaud, journaliste r\u00e9dacteur dans le Gard, et L\u00e9o\u00a0Purguette, directeur de publication, \u00e9taient convoqu\u00e9s devant une juge pour se d\u00e9fendre des attaques port\u00e9es par le d\u00e9put\u00e9 de la 5e\u00a0circonscription du Gard, Alexandre Allegret-Pilot (UDR). Ce parlementaire d\u2019extr\u00eame droite, dans une plainte dont s\u2019est saisie cette magistrate, accuse notre journal de diffamation.<\/p>\n<p>En cause, deux articles, comme l\u2019a d\u00e9taill\u00e9 L\u00e9o\u00a0Purguette devant les nombreux soutiens pr\u00e9sents\u00a0: \u00ab\u00a0Le premier, parle de ses tweets et les qualifie de racistes, misogynes et homophobes. D\u2019ailleurs, la plateforme\u00a0X (ex-Twitter), dont on sait qu\u2019elle n\u2019est pas la propri\u00e9t\u00e9 d\u2019un bolchevique, a supprim\u00e9 ses tweets et verrouill\u00e9 son compte, tellement ils \u00e9taient outranciers. Le deuxi\u00e8me article, tr\u00e8s classique, cite l\u2019enqu\u00eate de nos confr\u00e8res du Monde, qui ont remont\u00e9 le fil du parcours professionnel de ce d\u00e9put\u00e9. Lorsqu\u2019il \u00e9tait fonctionnaire de Bercy, il a attribu\u00e9 une subvention \u00e0 une entreprise qui n\u2019\u00e9tait pas encore cr\u00e9\u00e9e. Ce qui pose \u00e9videmment quelques questions. Figurez-vous que nous citons cette enqu\u00eate du Monde, mais Le Monde, lui, n\u2019est pas attaqu\u00e9, comme me l\u2019a confirm\u00e9 Philippe Broussard, de la direction de la r\u00e9daction du Monde.\u00a0\u00bb<\/p>\n<p> Fid\u00e8le \u00e0 ses valeurs\n              <\/p>\n<p>L\u00e9o Purguette a tenu \u00e0 rappeler\u00a0: \u00ab\u00a0Nous n\u2019avons jamais \u00e9t\u00e9 ni convoqu\u00e9s, ni condamn\u00e9s pour diffamation sous ma pr\u00e9sidence et, de m\u00e9moire d\u2019homme, La Marseillaise n\u2019a jamais \u00e9t\u00e9 condamn\u00e9e pour diffamation. Apr\u00e8s 82\u00a0ans d\u2019existence, \u00e7a en dit long sur la qualit\u00e9 de ce que nous produisons.\u00a0\u00bb Avant d\u2019ajouter\u00a0: \u00ab\u00a0Alors pourquoi s\u2019en prendre \u00e0 La Marseillaise\u00a0? Nous avons une petite id\u00e9e. Ce courant politique l\u00e0 ne dig\u00e8re pas que nous soyons le journal h\u00e9ritier de la R\u00e9sistance, que nous soyons, 82\u00a0ans apr\u00e8s notre cr\u00e9ation, toujours intransigeants vis-\u00e0-vis des porteurs de haine.\u00a0\u00bb<\/p>\n<p>Citoyens, \u00e9lus, militants syndicaux, politiques ou associatifs&#8230; De nombreuses personnes issues d\u2019horizons divers sont venues t\u00e9moigner leur soutien \u00e0 La\u00a0Marseillaise dans ce combat.<\/p>\n<p>Parmi elles, Jessica Jade de l\u2019UD CGT\u00a013. Des personnalit\u00e9s politiques, avec les parlementaires J\u00e9r\u00e9my Bacchi, s\u00e9nateur (PCF), ou Hendrik Davi, d\u00e9put\u00e9 (L\u2019Apr\u00e8s), plusieurs \u00e9lus municipaux (PCF, MadMars, PS&#8230;) de la Ville de Marseille \u00e0 l\u2019image d\u2019Olivia Fortin, maire des\u00a06-8 (MadMars), le maire de Sept\u00e8mes-les-Vallons (PCF) Andr\u00e9 Molino et sa premi\u00e8re adjointe Sophie Celton, Camille Di Folco et Nathalie Lefebvre, adjointes (PCF) au maire de Martigues, ou Malik Mersali, adjoint au maire de Vitrolles. Le maire du Rove \u00e9tait repr\u00e9sent\u00e9 par Thierry Chauvelot et le maire de Port-de-Bouc par Alain Nersessian. Des acteurs du monde \u00e9conomique \u00e9taient aussi pr\u00e9sents, comme Denis Philippe, pr\u00e9sident de la Chambre r\u00e9gionale des entreprises de l\u2019\u00e9conomie sociale et solidaire (Cress) ou Maxime Picard de la Coop\u00e9rative de presse et de messagerie m\u00e9diterran\u00e9enne (CPMM). Une mobilisation soutenue par l\u2019action fid\u00e8le des Amis de La Marseillaise, avec de nombreux membres, comme Fr\u00e9d\u00e9ric Boffi.<\/p>\n<p>L\u00e9o Purguette puis Tristan Arnaud ont chacun \u00e9t\u00e9 re\u00e7us par la juge. \u00ab\u00a0J\u2019ai insist\u00e9 sur le fait que je ne comprends pas pourquoi Tristan Arnaud est vis\u00e9, alors que c\u2019est la direction qui g\u00e9n\u00e9ralement, dans ce cadre-l\u00e0, assume la publication. Nous esp\u00e9rons que nos arguments auront suffisamment de poids pour que la proc\u00e9dure s\u2019arr\u00eate l\u00e0. Nous tiendrons inform\u00e9s nos lecteurs dans les colonnes du journal dans les prochaines semaines\u00a0\u00bb, a conclu L\u00e9o Purguette.<\/p>\n<p>\u00ab\u00a0Toujours intransigeants vis-\u00e0-vis des porteurs de haine\u00a0\u00bb<\/p>\n","protected":false},"excerpt":{"rendered":"Faire bloc face aux assauts men\u00e9s par l\u2019extr\u00eame droite. Une forte mobilisation s\u2019est tenue devant l\u2019entr\u00e9e du tribunal,&hellip;\n","protected":false},"author":2,"featured_media":417381,"comment_status":"","ping_status":"","sticky":false,"template":"","format":"standard","meta":{"footnotes":"","_share_on_mastodon":"0"},"categories":[2814],"tags":[1111,11,1777,674,1011,27,884,12,882,25,54710],"class_list":["post-417742","post","type-post","status-publish","format-standard","has-post-thumbnail","category-marseille","tag-actu","tag-actualites","tag-eu","tag-europe","tag-fr","tag-france","tag-marseille","tag-news","tag-provence-alpes-cote-dazur","tag-republique-francaise","tag-simon-dechet"],"share_on_mastodon":{"url":"https:\/\/pubeurope.com\/@fr\/115267818389353538","error":""},"_links":{"self":[{"href":"https:\/\/www.europesays.com\/fr\/wp-json\/wp\/v2\/posts\/417742","targetHints":{"allow":["GET"]}}],"collection":[{"href":"https:\/\/www.europesays.com\/fr\/wp-json\/wp\/v2\/posts"}],"about":[{"href":"https:\/\/www.europesays.com\/fr\/wp-json\/wp\/v2\/types\/post"}],"author":[{"embeddable":true,"href":"https:\/\/www.europesays.com\/fr\/wp-json\/wp\/v2\/users\/2"}],"replies":[{"embeddable":true,"href":"https:\/\/www.europesays.com\/fr\/wp-json\/wp\/v2\/comments?post=417742"}],"version-history":[{"count":0,"href":"https:\/\/www.europesays.com\/fr\/wp-json\/wp\/v2\/posts\/417742\/revisions"}],"wp:featuredmedia":[{"embeddable":true,"href":"https:\/\/www.europesays.com\/fr\/wp-json\/wp\/v2\/media\/417381"}],"wp:attachment":[{"href":"https:\/\/www.europesays.com\/fr\/wp-json\/wp\/v2\/media?parent=417742"}],"wp:term":[{"taxonomy":"category","embeddable":true,"href":"https:\/\/www.europesays.com\/fr\/wp-json\/wp\/v2\/categories?post=417742"},{"taxonomy":"post_tag","embeddable":true,"href":"https:\/\/www.europesays.com\/fr\/wp-json\/wp\/v2\/tags?post=417742"}],"curies":[{"name":"wp","href":"https:\/\/api.w.org\/{rel}","templated":true}]}}