{"id":417743,"date":"2025-09-26T00:41:10","date_gmt":"2025-09-26T00:41:10","guid":{"rendered":"https:\/\/www.europesays.com\/fr\/417743\/"},"modified":"2025-09-26T00:41:10","modified_gmt":"2025-09-26T00:41:10","slug":"la-devanture-dun-restaurant-de-lestaque-visee-par-des-tirs","status":"publish","type":"post","link":"https:\/\/www.europesays.com\/fr\/417743\/","title":{"rendered":"la devanture d&rsquo;un restaurant de l&rsquo;Estaque vis\u00e9e par des tirs"},"content":{"rendered":"<p>Des coups de feu dans cette fra\u00eeche nuit de septembre. Un restaurant du front de mer de <a href=\"https:\/\/www.laprovence.com\/article\/region\/1833390667366415\/quartiers-de-marseille-on-a-decide-den-faire-notre-identite-lestaque-par-ceux-qui-font-vivre-le-quartier\" target=\"_blank\" rel=\"noopener\">l&rsquo;Estaque, un quartier populaire<\/a> du nord de <a href=\"https:\/\/www.laprovence.com\/bouches-du-rhone\/marseille-13055\" target=\"_blank\" rel=\"noopener\">Marseille<\/a> a \u00e9t\u00e9 la cible de tirs ce jeudi soir 25 septembre, aux alentours de 22h.<\/p>\n<p>Selon nos informations, deux hommes \u00e0 scooter seraient pass\u00e9 devant le restaurant et auraient vid\u00e9 le chargeur d&rsquo;une arme de poing, probablement de calibre 9mm, sur la devanture, occasionnant une dizaine de tirs. Aucun bless\u00e9 n&rsquo;a heureusement \u00e9t\u00e9 \u00e0 d\u00e9plorer. Une enqu\u00eate a \u00e9t\u00e9 ouverte par les services de police.<\/p>\n","protected":false},"excerpt":{"rendered":"Des coups de feu dans cette fra\u00eeche nuit de septembre. Un restaurant du front de mer de l&rsquo;Estaque,&hellip;\n","protected":false},"author":2,"featured_media":417744,"comment_status":"","ping_status":"","sticky":false,"template":"","format":"standard","meta":{"footnotes":""},"categories":[2814],"tags":[17,1111,11,2837,45881,1777,674,274,1011,27,10853,884,12,5912,882,25,1340,52225],"class_list":{"0":"post-417743","1":"post","2":"type-post","3":"status-publish","4":"format-standard","5":"has-post-thumbnail","7":"category-marseille","8":"tag-17","9":"tag-actu","10":"tag-actualites","11":"tag-dun","12":"tag-devanture","13":"tag-eu","14":"tag-europe","15":"tag-faits-divers-justice","16":"tag-fr","17":"tag-france","18":"tag-lestaque","19":"tag-marseille","20":"tag-news","21":"tag-par","22":"tag-provence-alpes-cote-dazur","23":"tag-republique-francaise","24":"tag-restaurant","25":"tag-visee"},"share_on_mastodon":{"url":"https:\/\/pubeurope.com\/@fr\/115267822184598911","error":""},"_links":{"self":[{"href":"https:\/\/www.europesays.com\/fr\/wp-json\/wp\/v2\/posts\/417743","targetHints":{"allow":["GET"]}}],"collection":[{"href":"https:\/\/www.europesays.com\/fr\/wp-json\/wp\/v2\/posts"}],"about":[{"href":"https:\/\/www.europesays.com\/fr\/wp-json\/wp\/v2\/types\/post"}],"author":[{"embeddable":true,"href":"https:\/\/www.europesays.com\/fr\/wp-json\/wp\/v2\/users\/2"}],"replies":[{"embeddable":true,"href":"https:\/\/www.europesays.com\/fr\/wp-json\/wp\/v2\/comments?post=417743"}],"version-history":[{"count":0,"href":"https:\/\/www.europesays.com\/fr\/wp-json\/wp\/v2\/posts\/417743\/revisions"}],"wp:featuredmedia":[{"embeddable":true,"href":"https:\/\/www.europesays.com\/fr\/wp-json\/wp\/v2\/media\/417744"}],"wp:attachment":[{"href":"https:\/\/www.europesays.com\/fr\/wp-json\/wp\/v2\/media?parent=417743"}],"wp:term":[{"taxonomy":"category","embeddable":true,"href":"https:\/\/www.europesays.com\/fr\/wp-json\/wp\/v2\/categories?post=417743"},{"taxonomy":"post_tag","embeddable":true,"href":"https:\/\/www.europesays.com\/fr\/wp-json\/wp\/v2\/tags?post=417743"}],"curies":[{"name":"wp","href":"https:\/\/api.w.org\/{rel}","templated":true}]}}