{"id":417753,"date":"2025-09-26T00:48:16","date_gmt":"2025-09-26T00:48:16","guid":{"rendered":"https:\/\/www.europesays.com\/fr\/417753\/"},"modified":"2025-09-26T00:48:16","modified_gmt":"2025-09-26T00:48:16","slug":"james-slama-jangeal-khafi-ndjantou-qui-sont-les-titis-presents-a-lentrainement-du-psg-cette-semaine","status":"publish","type":"post","link":"https:\/\/www.europesays.com\/fr\/417753\/","title":{"rendered":"James, Slama, Jangeal, Khafi, Ndjantou&#8230; Qui sont les titis pr\u00e9sents \u00e0 l&rsquo;entra\u00eenement du PSG cette semaine\u00a0?"},"content":{"rendered":"\n<p class=\"Paragraph__content\" data-v-e14a34bc=\"\">Ils \u00e9taient cinq mardi apr\u00e8s-midi pour la reprise de l&rsquo;entra\u00eenement des Parisiens, apr\u00e8s <a href=\"https:\/\/www.lequipe.fr\/Football\/Actualites\/L-om-met-fin-a-sa-malediction-en-battant-le-psg-monaco-passe-leader\/1595836\" notaddlevel=\"true\" target=\"_blank\" rel=\"nofollow noopener\">la d\u00e9faite \u00e0 Marseille lundi (0-1)<\/a>. Les cinq titis seront une nouvelle fois de la partie ce jeudi apr\u00e8s-midi, apr\u00e8s un jour de repos accord\u00e9 par Luis Enrique. On vous pr\u00e9sente ces jeunes \u00e9l\u00e9ments, dont certains pourraient \u00eatre dans le groupe samedi pour la r\u00e9ception d&rsquo;Auxerre (21h05).<\/p>\n<p>                       Martin James, gardien, 17\u00a0ans <\/p>\n<p class=\"Paragraph__content\" data-v-e14a34bc=\"\">Comme Quentin Ndjantou et Wassim Slama, Martin James a d\u00e9j\u00e0 \u00e9t\u00e9 appel\u00e9 par Luis Enrique avec les professionnels la saison derni\u00e8re, faisant m\u00eame son apparition pour le d\u00e9placement \u00e0 Montpellier (4-1, 10\u00a0mai). Le Fran\u00e7ais est plus r\u00e9guli\u00e8rement appel\u00e9 que les autres \u00e0 l&rsquo;\u00e9tage sup\u00e9rieur, rempla\u00e7ant Renato Marin, le troisi\u00e8me gardien, lorsqu&rsquo;il descend \u00e9voluer avec le groupe espoir.<\/p>\n<p>Titulaire en Youth League et en U19 cette saison (champion de la cat\u00e9gorie la saison derni\u00e8re), James gravit pour l&rsquo;instant un \u00e0 un les \u00e9chelons de la formation parisienne. Il fait partie des belles surprises des derni\u00e8res saisons \u00e0 la formation parisienne, avec une progression int\u00e9ressante \u00e0 un poste toujours concurrentiel chez les jeunes au PSG. C&rsquo;est un gros caract\u00e8re, tr\u00e8s exigeant envers lui-m\u00eame et attentif aux d\u00e9tails pour \u00e9voluer au plus haut niveau. Il a longtemps \u00e9t\u00e9 sous les radars, en raison de quelques blessures et car il n&rsquo;a jamais \u00e9volu\u00e9 en \u00e9quipe de France malgr\u00e9 plusieurs appels. Il est sous contrat aspirant jusqu&rsquo;en juin 2026.<\/p>\n<p>                       Wassim Slama, milieu offensif, 17\u00a0ans le 26\u00a0septembre <\/p>\n<p class=\"Paragraph__content\" data-v-e14a34bc=\"\">Ce milieu offensif polyvalent n&rsquo;a connu qu&rsquo;un seul club avant le PSG\u00a0: le CFFP (Centre de Formation Foot Paris), qu&rsquo;il a quitt\u00e9 pour rejoindre le PSG en pr\u00e9formation en U14. \u00c0 l&rsquo;aise dans les duels offensifs et d\u00e9fensifs gr\u00e2ce \u00e0 son gabarit (1,80\u00a0m), dribbleur, Wassim Slama est le plus jeune \u00e9l\u00e9ment \u00e0 monter avec les professionnels sur cette s\u00e9quence. Ce n&rsquo;est pas une premi\u00e8re pour lui\u00a0: d\u00e9j\u00e0 en fin de saison derni\u00e8re, Luis Enrique avait fait appel \u00e0 ses services et l&rsquo;avait m\u00eame convoqu\u00e9 dans le groupe pour le d\u00e9placement \u00e0 Montpellier (4-1, le 10\u00a0mai).<\/p>\n<p class=\"Paragraph__content\" data-v-e14a34bc=\"\">L&rsquo;entra\u00eeneur parisien appr\u00e9cie particuli\u00e8rement son profil depuis qu&rsquo;il l&rsquo;a rep\u00e9r\u00e9 lors d&rsquo;un match des U19 contre Lens, en m\u00eame temps que Noham Kamara. Cette nouvelle \u00ab\u00a0mont\u00e9e\u00a0\u00bb est plus surprenante, en revanche, car Slama souffre de p\u00e9pins physiques dus \u00e0 une croissance douloureuse. Il f\u00eatera ses 17\u00a0ans ce vendredi au Campus PSG avec, normalement, un nouvel entra\u00eenement avec le groupe professionnel. Son contrat aspirant prend fin en 2026.<\/p>\n<p>                       Mathis Jangeal, milieu, 17\u00a0ans <\/p>\n<p class=\"Paragraph__content\" data-v-e14a34bc=\"\">Le milieu polyvalent, physique, \u00e9l\u00e9gant et percutant, peut devenir dans les prochaines ann\u00e9es un symbole pour les PSG Academy du monde entier. Souvent critiqu\u00e9es pour n&rsquo;\u00eatre qu&rsquo;une vitrine financi\u00e8re pour le club, ces formations n&rsquo;ont, pour le moment, jamais r\u00e9v\u00e9l\u00e9 de grand talent malgr\u00e9 leur pr\u00e9sence sur cinq continents. Mathis Jangeal pourrait devenir le premier \u00e0 \u00e9merger de l&rsquo;antenne antillaise. Originaire de Guadeloupe, o\u00f9 sa famille est partie vivre lorsqu&rsquo;il n&rsquo;avait que six mois, Jangeal a commenc\u00e9 le football \u00e0 5\u00a0ans au Stade Lamentinois, avant que sa famille ne rejoigne la Martinique en 2015. Il a ensuite rejoint le club de l&rsquo;\u00c9mulation, puis Case-Pilote.<\/p>\n<p>Rep\u00e9r\u00e9 dans un tournoi en France par Pierre-Yves Bodineau, alors entra\u00eeneur \u00e0 la pr\u00e9formation puis responsable du d\u00e9veloppement de la PSG Academy, Jangeal a int\u00e9gr\u00e9 la formation parisienne. Une passerelle a ensuite \u00e9t\u00e9 mise en place pour lui permettre de venir au Camp des Loges faire des essais avec l&rsquo;association PSG en 2020. Pierre Reynaud, responsable du recrutement du centre de formation, a pris le relais jusqu&rsquo;\u00e0 l&rsquo;entr\u00e9e en centre de pr\u00e9formation de l&rsquo;ailier en mars 2021 alors que Rennes avait \u00e9galement essay\u00e9 de le faire signer d\u00e8s ses 10\u00a0ans.<\/p>\n<p class=\"Paragraph__content\" data-v-e14a34bc=\"\">Surnomm\u00e9 \u00ab\u00a0Zlatis\u00a0\u00bb \u00e0 ses d\u00e9buts en r\u00e9f\u00e9rence \u00e0 Zlatan Ibrahimovic, dont il est un grand fan avec Neymar et parce qu&rsquo;il \u00e9voluait comme attaquant, le joueur redescendu au milieu en U16 est vu par les observateurs comme \u00e9tant l&rsquo;un des plus gros potentiels du centre de formation parisien. Paris cherche aussi \u00e0 le prot\u00e9ger face \u00e0 cette \u00e9tiquette. Il est sous contrat aspirant jusqu&rsquo;en juin 2026 et correspond au jeu de Luis Enrique. Il aurait pu arriver plus t\u00f4t s&rsquo;il ne s&rsquo;\u00e9tait pas bless\u00e9 en mars dernier en \u00e9quipe de France U17.<\/p>\n<p>                       Yanis Khafi, milieu, 19\u00a0ans <\/p>\n<p class=\"Paragraph__content\" data-v-e14a34bc=\"\">Il est sans doute la plus grande surprise de ces promotions internes, surtout parce qu&rsquo;\u00e0 19\u00a0ans, le milieu fait presque figure d&rsquo;ancien par rapport \u00e0 des Warren Za\u00efre-Emery ou Senny Mayulu promus depuis deux ou trois ans en \u00e9quipe premi\u00e8re. Originaire du Blanc-Mesnil, Khafi est un vrai titi. Entr\u00e9 en pr\u00e9formation au PSG, le jeune milieu y a fait toutes ses classes, avec une progression par \u00e0-coups.<\/p>\n<p>Barr\u00e9 par une tr\u00e8s forte concurrence \u00e0 ce poste en formation (E. Mbapp\u00e9, Mayulu&#8230;), Khafi a pass\u00e9 un cap l&rsquo;an dernier. Auteur d&rsquo;une campagne de Youth League consistante, ce num\u00e9ro\u00a06\/8, qui \u00e9volue cette saison dans le groupe Espoirs, s&rsquo;est affirm\u00e9 comme un milieu d\u00e9fensif assez cr\u00e9atif, solide techniquement, dot\u00e9 d&rsquo;une qualit\u00e9 de passes int\u00e9ressante. Il est capable de jouer 6 dans un double pivot, en sentinelle ou plus haut en relayeur. Capitaine de l&rsquo;\u00e9quipe de Youth League la semaine derni\u00e8re contre l&rsquo;Atalanta Bergame, le natif d&rsquo;Ermont est dans sa derni\u00e8re ann\u00e9e de contrat stagiaire avec Paris.<\/p>\n<p>                       Quentin Ndjantou, attaquant, 18\u00a0ans <\/p>\n<p class=\"Paragraph__content\" data-v-e14a34bc=\"\">Au centre, en ce moment, il est celui dont tout le monde parle. Son <a href=\"https:\/\/www.lequipe.fr\/Football\/Actualites\/Le-psg-facile-vainqueur-de-l-atalanta-bergame-pour-son-entree-en-lice-en-youth-league\/1594326\" notaddlevel=\"true\" target=\"_blank\" rel=\"nofollow noopener\">tripl\u00e9 spectaculaire contre l&rsquo;Atalanta Bergame<\/a> en Youth League la semaine derni\u00e8re, dans la continuit\u00e9 d&rsquo;un d\u00e9but de saison flamboyant avec les U19, a marqu\u00e9 les esprits. Frein\u00e9 r\u00e9guli\u00e8rement par les blessures ces derni\u00e8res ann\u00e9es, Quentin Ndjantou s&rsquo;\u00e9panouit pleinement dans son nouveau r\u00f4le de num\u00e9ro\u00a09.<\/p>\n<p>Longtemps joueur de c\u00f4t\u00e9, le jeune Parisien s&rsquo;est mu\u00e9 en un joueur axial tr\u00e8s complet depuis quelques mois. Lucide, efficace face au but, l&rsquo;international U20 est surtout un attaquant tr\u00e8s mobile qui, par ses d\u00e9crochages et son jeu de liaison, connecte l&rsquo;animation offensive. Son profil colle avec celui du 9 voulu par Luis Enrique. Appel\u00e9 par Bernard Diom\u00e8de pour la Coupe du monde U20, Ndjantou <a href=\"https:\/\/www.lequipe.fr\/Football\/Actualites\/Le-psg-ne-liberera-pas-quentin-ndjantou-selectionne-pour-la-coupe-du-monde-u20\/1596046\" notaddlevel=\"true\" target=\"_blank\" rel=\"nofollow noopener\">a \u00e9t\u00e9 retenu in extremis par le club de la capitale<\/a> il y a deux jours. Le PSG, malgr\u00e9 les offensives (Ajax Amsterdam notamment), est parvenu \u00e0 lui faire signer son premier contrat pro cet \u00e9t\u00e9. Ndjantou peut-il se faire une place d\u00e8s cette saison dans la rotation\u00a0? Il a donn\u00e9 envie d&rsquo;\u00eatre vu.<\/p>\n","protected":false},"excerpt":{"rendered":"Ils \u00e9taient cinq mardi apr\u00e8s-midi pour la reprise de l&rsquo;entra\u00eenement des Parisiens, apr\u00e8s la d\u00e9faite \u00e0 Marseille lundi&hellip;\n","protected":false},"author":2,"featured_media":417754,"comment_status":"","ping_status":"","sticky":false,"template":"","format":"standard","meta":{"footnotes":""},"categories":[1888],"tags":[1111,1928,11,1927,1777,674,1011,27,12,1926,626,1925,25],"class_list":{"0":"post-417753","1":"post","2":"type-post","3":"status-publish","4":"format-standard","5":"has-post-thumbnail","7":"category-paris","8":"tag-actu","9":"tag-actu-paris","10":"tag-actualites","11":"tag-actualites-paris","12":"tag-eu","13":"tag-europe","14":"tag-fr","15":"tag-france","16":"tag-news","17":"tag-news-paris","18":"tag-paris","19":"tag-paris-news","20":"tag-republique-francaise"},"share_on_mastodon":{"url":"https:\/\/pubeurope.com\/@fr\/115267849638299700","error":""},"_links":{"self":[{"href":"https:\/\/www.europesays.com\/fr\/wp-json\/wp\/v2\/posts\/417753","targetHints":{"allow":["GET"]}}],"collection":[{"href":"https:\/\/www.europesays.com\/fr\/wp-json\/wp\/v2\/posts"}],"about":[{"href":"https:\/\/www.europesays.com\/fr\/wp-json\/wp\/v2\/types\/post"}],"author":[{"embeddable":true,"href":"https:\/\/www.europesays.com\/fr\/wp-json\/wp\/v2\/users\/2"}],"replies":[{"embeddable":true,"href":"https:\/\/www.europesays.com\/fr\/wp-json\/wp\/v2\/comments?post=417753"}],"version-history":[{"count":0,"href":"https:\/\/www.europesays.com\/fr\/wp-json\/wp\/v2\/posts\/417753\/revisions"}],"wp:featuredmedia":[{"embeddable":true,"href":"https:\/\/www.europesays.com\/fr\/wp-json\/wp\/v2\/media\/417754"}],"wp:attachment":[{"href":"https:\/\/www.europesays.com\/fr\/wp-json\/wp\/v2\/media?parent=417753"}],"wp:term":[{"taxonomy":"category","embeddable":true,"href":"https:\/\/www.europesays.com\/fr\/wp-json\/wp\/v2\/categories?post=417753"},{"taxonomy":"post_tag","embeddable":true,"href":"https:\/\/www.europesays.com\/fr\/wp-json\/wp\/v2\/tags?post=417753"}],"curies":[{"name":"wp","href":"https:\/\/api.w.org\/{rel}","templated":true}]}}