{"id":417765,"date":"2025-09-26T00:54:30","date_gmt":"2025-09-26T00:54:30","guid":{"rendered":"https:\/\/www.europesays.com\/fr\/417765\/"},"modified":"2025-09-26T00:54:30","modified_gmt":"2025-09-26T00:54:30","slug":"un-homme-arrete-au-royaume-uni-apres-la-cyberattaque-perturbant-plusieurs-aeroports-europeens-police","status":"publish","type":"post","link":"https:\/\/www.europesays.com\/fr\/417765\/","title":{"rendered":"Un homme arr\u00eat\u00e9 au Royaume-Uni apr\u00e8s la cyberattaque perturbant plusieurs a\u00e9roports europ\u00e9ens (police)"},"content":{"rendered":"<p>Un homme \u00e2g\u00e9 d\u2019une quarantaine d\u2019ann\u00e9es a \u00e9t\u00e9 arr\u00eat\u00e9 mardi soir apr\u00e8s la<a href=\"https:\/\/www.laprovence.com\/article\/france-monde\/4532163047557114\/plusieurs-grands-aeroports-europeens-perturbes-par-une-cyberattaque-chez-un-de-leurs-fournisseurs-de-services\" target=\"_blank\" rel=\"noopener\"> cyberattaque qui perturbe plusieurs grands a\u00e9roports europ\u00e9ens<\/a> dont Bruxelles, Heathrow \u00e0 Londres ou Berlin depuis ce week-end, a annonc\u00e9 mercredi la police britannique.<\/p>\n<p>Cet homme, arr\u00eat\u00e9 dans le sud de l\u2019Angleterre, a \u00e9t\u00e9 lib\u00e9r\u00e9 sous caution, a indiqu\u00e9 l\u2019Agence britannique de lutte contre la criminalit\u00e9 (NCA) dans un communiqu\u00e9, ajoutant que \u00ab\u00a0l\u2019enqu\u00eate ne fait que commencer\u00a0\u00bb.<\/p>\n","protected":false},"excerpt":{"rendered":"Un homme \u00e2g\u00e9 d\u2019une quarantaine d\u2019ann\u00e9es a \u00e9t\u00e9 arr\u00eat\u00e9 mardi soir apr\u00e8s la cyberattaque qui perturbe plusieurs grands&hellip;\n","protected":false},"author":2,"featured_media":417766,"comment_status":"","ping_status":"","sticky":false,"template":"","format":"standard","meta":{"footnotes":""},"categories":[1588],"tags":[17,11,35798,11354,1444,2481,12082,1777,674,4933,12,2513,473,1853,104,1851,1850,1852],"class_list":{"0":"post-417765","1":"post","2":"type-post","3":"status-publish","4":"format-standard","5":"has-post-thumbnail","7":"category-royaume-uni","8":"tag-17","9":"tag-actualites","10":"tag-aeroports","11":"tag-arrete","12":"tag-contre","13":"tag-cyberattaque","14":"tag-deurope","15":"tag-eu","16":"tag-europe","17":"tag-homme","18":"tag-news","19":"tag-plusieurs","20":"tag-royaume-uni","21":"tag-royaume-uni-de-grande-bretagne-et-dirlande-du-nord","22":"tag-societe","23":"tag-uk","24":"tag-united-kingdom","25":"tag-united-kingdom-of-great-britain-and-northern-ireland"},"share_on_mastodon":{"url":"https:\/\/pubeurope.com\/@fr\/115267873427445008","error":""},"_links":{"self":[{"href":"https:\/\/www.europesays.com\/fr\/wp-json\/wp\/v2\/posts\/417765","targetHints":{"allow":["GET"]}}],"collection":[{"href":"https:\/\/www.europesays.com\/fr\/wp-json\/wp\/v2\/posts"}],"about":[{"href":"https:\/\/www.europesays.com\/fr\/wp-json\/wp\/v2\/types\/post"}],"author":[{"embeddable":true,"href":"https:\/\/www.europesays.com\/fr\/wp-json\/wp\/v2\/users\/2"}],"replies":[{"embeddable":true,"href":"https:\/\/www.europesays.com\/fr\/wp-json\/wp\/v2\/comments?post=417765"}],"version-history":[{"count":0,"href":"https:\/\/www.europesays.com\/fr\/wp-json\/wp\/v2\/posts\/417765\/revisions"}],"wp:featuredmedia":[{"embeddable":true,"href":"https:\/\/www.europesays.com\/fr\/wp-json\/wp\/v2\/media\/417766"}],"wp:attachment":[{"href":"https:\/\/www.europesays.com\/fr\/wp-json\/wp\/v2\/media?parent=417765"}],"wp:term":[{"taxonomy":"category","embeddable":true,"href":"https:\/\/www.europesays.com\/fr\/wp-json\/wp\/v2\/categories?post=417765"},{"taxonomy":"post_tag","embeddable":true,"href":"https:\/\/www.europesays.com\/fr\/wp-json\/wp\/v2\/tags?post=417765"}],"curies":[{"name":"wp","href":"https:\/\/api.w.org\/{rel}","templated":true}]}}