{"id":417782,"date":"2025-09-26T01:07:15","date_gmt":"2025-09-26T01:07:15","guid":{"rendered":"https:\/\/www.europesays.com\/fr\/417782\/"},"modified":"2025-09-26T01:07:15","modified_gmt":"2025-09-26T01:07:15","slug":"golf-a-quelle-heure-et-sur-quelle-chaine-suivre-la-ryder-cup-2025","status":"publish","type":"post","link":"https:\/\/www.europesays.com\/fr\/417782\/","title":{"rendered":"Golf : A quelle heure et sur quelle cha\u00eene suivre la Ryder Cup 2025 ?"},"content":{"rendered":"<p>Christelle Brunale 25 septembre 2025<\/p>\n<p><strong>Toute la plan\u00e8te golf l&rsquo;attendait, elle est enfin l\u00e0 ! La 45e \u00e9dition de la Ryder Cup se d\u00e9roule du vendredi 26 au dimanche 28 septembre sur le green de Bethpage, pr\u00e8s de New York (\u00c9tats-Unis). Les meilleurs sp\u00e9cialistes am\u00e9ricains et europ\u00e9ens se retrouvent pour l&rsquo;une des plus anciennes comp\u00e9titions et la plus prestigieuse par \u00e9quipe.<\/strong><\/p>\n<p>Sacr\u00e9e lors de la derni\u00e8re \u00e9dition, organis\u00e9e \u00e0 Rome en 2023, la Team Europe remet son titre en jeu. Fait rarissime, son capitaine Luke Donald a \u00e9t\u00e9 reconduit. Team USA, est, elle, emmen\u00e9e par Keegan Bradley.<\/p>\n<p>Le programme complet de la Ryder Cup<\/p>\n<p>Vendredi 26 septembre :<\/p>\n<p>\u00c0 partir de 13h00 sur GOLF +\u00a0: 4 matches en foursomes puis 4 matches en fourballs.\u00a0<\/p>\n<p>Samedi 27 septembre :<\/p>\n<p>\u00c0 partir de 13h00 sur GOLF +\u00a0: Foursomes puis fourballs.<\/p>\n<p>Dimanche 28 septembre :<\/p>\n<p>\u00c0 partir de 18h00 sur GOLF +\u00a0: 12 matches d\u00e9cisifs en simple.<\/p>\n<p>Les \u00e9quipes de la Ryder Cup 2025<\/p>\n<p>Team USA<\/p>\n<ul>&#13;<\/p>\n<li>Sam Burns<\/li>\n<p>&#13;<\/p>\n<li>Patrick Cantlay<\/li>\n<p>&#13;<\/p>\n<li>Bryson DeChambeau<\/li>\n<p>&#13;<\/p>\n<li>Harris English<\/li>\n<p>&#13;<\/p>\n<li>Ben Griffin<\/li>\n<p>&#13;<\/p>\n<li>Russell Henley<\/li>\n<p>&#13;<\/p>\n<li>Collin Morikawa<\/li>\n<p>&#13;<\/p>\n<li>Xander Schauffele<\/li>\n<p>&#13;<\/p>\n<li>J.J. Spaun<\/li>\n<p>&#13;<\/p>\n<li>Scottie Scheffler<\/li>\n<p>&#13;<\/p>\n<li>Justin Thomas<\/li>\n<p>&#13;<\/p>\n<li>Capitaine : Keegan Bradley<\/li>\n<p>&#13;\n<\/ul>\n<p>\u00a0<\/p>\n<p>Team Europe<\/p>\n<ul>&#13;<\/p>\n<li>Ludvig Aberg<\/li>\n<p>&#13;<\/p>\n<li>Matt Fitzpatrick<\/li>\n<p>&#13;<\/p>\n<li>Tommy Fleetwood<\/li>\n<p>&#13;<\/p>\n<li>Tyrell Hatton<\/li>\n<p>&#13;<\/p>\n<li>Rasmus Hojgaard<\/li>\n<p>&#13;<\/p>\n<li>Viktor Hovland<\/li>\n<p>&#13;<\/p>\n<li>Shane Lowry<\/li>\n<p>&#13;<\/p>\n<li>Robert MacIntyre<\/li>\n<p>&#13;<\/p>\n<li>Rory McIlroy<\/li>\n<p>&#13;<\/p>\n<li>Jon Rahm<\/li>\n<p>&#13;<\/p>\n<li>Justin Rose<\/li>\n<p>&#13;<\/p>\n<li>Sepp Straka<\/li>\n<p>&#13;<\/p>\n<li>Capitaine : Luke Donald<\/li>\n<p>&#13;\n<\/ul>\n<p>Cr\u00e9dit photo\u00a0: IconSport<\/p>\n","protected":false},"excerpt":{"rendered":"Christelle Brunale 25 septembre 2025 Toute la plan\u00e8te golf l&rsquo;attendait, elle est enfin l\u00e0 ! La 45e \u00e9dition&hellip;\n","protected":false},"author":2,"featured_media":417783,"comment_status":"","ping_status":"","sticky":false,"template":"","format":"standard","meta":{"footnotes":""},"categories":[1412],"tags":[1451,1452,1453,1454,1455,1011,27,60],"class_list":{"0":"post-417782","1":"post","2":"type-post","3":"status-publish","4":"format-standard","5":"has-post-thumbnail","7":"category-f1","8":"tag-f1","9":"tag-formula-1","10":"tag-formula1","11":"tag-formule-1","12":"tag-formule1","13":"tag-fr","14":"tag-france","15":"tag-sports"},"share_on_mastodon":{"url":"https:\/\/pubeurope.com\/@fr\/115267924329153658","error":""},"_links":{"self":[{"href":"https:\/\/www.europesays.com\/fr\/wp-json\/wp\/v2\/posts\/417782","targetHints":{"allow":["GET"]}}],"collection":[{"href":"https:\/\/www.europesays.com\/fr\/wp-json\/wp\/v2\/posts"}],"about":[{"href":"https:\/\/www.europesays.com\/fr\/wp-json\/wp\/v2\/types\/post"}],"author":[{"embeddable":true,"href":"https:\/\/www.europesays.com\/fr\/wp-json\/wp\/v2\/users\/2"}],"replies":[{"embeddable":true,"href":"https:\/\/www.europesays.com\/fr\/wp-json\/wp\/v2\/comments?post=417782"}],"version-history":[{"count":0,"href":"https:\/\/www.europesays.com\/fr\/wp-json\/wp\/v2\/posts\/417782\/revisions"}],"wp:featuredmedia":[{"embeddable":true,"href":"https:\/\/www.europesays.com\/fr\/wp-json\/wp\/v2\/media\/417783"}],"wp:attachment":[{"href":"https:\/\/www.europesays.com\/fr\/wp-json\/wp\/v2\/media?parent=417782"}],"wp:term":[{"taxonomy":"category","embeddable":true,"href":"https:\/\/www.europesays.com\/fr\/wp-json\/wp\/v2\/categories?post=417782"},{"taxonomy":"post_tag","embeddable":true,"href":"https:\/\/www.europesays.com\/fr\/wp-json\/wp\/v2\/tags?post=417782"}],"curies":[{"name":"wp","href":"https:\/\/api.w.org\/{rel}","templated":true}]}}