{"id":417790,"date":"2025-09-26T01:11:23","date_gmt":"2025-09-26T01:11:23","guid":{"rendered":"https:\/\/www.europesays.com\/fr\/417790\/"},"modified":"2025-09-26T01:11:23","modified_gmt":"2025-09-26T01:11:23","slug":"5-livres-photo-a-ne-pas-manquer-4","status":"publish","type":"post","link":"https:\/\/www.europesays.com\/fr\/417790\/","title":{"rendered":"5 livres photo \u00e0 ne pas manquer"},"content":{"rendered":"<p>Chaque mois, Phototrend vous propose de\u00a0d\u00e9couvrir les livres photo qui nous ont marqu\u00e9s. En ce mois de septembre 2025, voici 5 nouveaux ouvrages que nous avons s\u00e9lectionn\u00e9s pour vous.<\/p>\n<p>Ce mois-ci, <strong>l\u2019agence Myop<\/strong> c\u00e9l\u00e8bre ses 20 ans \u00e0 travers un ouvrage manifeste, <strong>Agn\u00e8s Colombo<\/strong> d\u00e9mystifie la retouche photo sur smartphone, <strong>Claude Gassian <\/strong>r\u00e9v\u00e8le une Patti Smith intime dans le Paris des ann\u00e9es 1970, et <strong>l\u2019Institut pour la photographie<\/strong> explore l\u2019histoire du livre photo jeunesse. Enfin, <strong>Phaidon<\/strong> publie une relecture \u00e9l\u00e9gante du lien entre <strong>Yves Saint Laurent<\/strong> et la photographie. Bonne lecture.<\/p>\n<p>Mes yeux, objets patients<\/p>\n<p><img decoding=\"async\" width=\"1400\" height=\"930\" loading=\"lazy\" src=\"https:\/\/www.europesays.com\/fr\/wp-content\/uploads\/2025\/09\/mes-yeux-objets-patients-myop-20-ans.jpg\" alt=\"\" class=\"wp-image-249488\"  \/><\/p>\n<p>C\u2019est un petit pav\u00e9 de 512 pages que livre <strong>l\u2019agence Myop<\/strong>, \u00e0 l\u2019occasion de son <strong>20e anniversaire<\/strong>. 20 ans, 20 photographes : <strong>Mes yeux, objets patients<\/strong> vise \u00e0 offrir une synth\u00e8se <strong>aussi riche que plurielle<\/strong> de cette grande <strong>aventure photographique collective<\/strong>. Un livre pour donner \u00e0 voir, pour <strong>t\u00e9moigner<\/strong>, mais aussi comme un <strong>manifeste<\/strong>.<\/p>\n<p>\u00ab\u00a0<strong>Nous croyons au pouvoir des images<\/strong> \u2013 si tant elles qu\u2019elles portent vers les autres, ouvrent le champ de notre curiosit\u00e9, de notre r\u00e9flexion e de nos \u00e9motions. [\u2026] Ce travail \u00e9pouse tout entier les contours de la vie, il ne s\u2019arr\u00eate jamais\u00a0\u00bb, \u00e9crivent les auteurs dans la postface de l\u2019ouvrage.<\/p>\n<p>Singulier par son <strong>approche artistique<\/strong>, l\u2019ouvrage de Myop l\u2019est aussi par le choix de sa <strong>reliure \u00e0 la suisse<\/strong> \u2013 comme un album photo \u2013 et son <strong>papier noir mat<\/strong>, qui laissent \u00e9clater les r\u00e9cits photographiques pr\u00e9sent\u00e9s. L\u2019ouvrage se laisse ainsi parcourir de <strong>mani\u00e8re non-lin\u00e9aire, plurielle et singuli\u00e8re<\/strong>.<\/p>\n<p><strong>Mes yeux, objets patients, Myop, 20 ans d\u2019une histoire en mouvement<\/strong><br \/>\u00c9diteur : Ho\u00ebbeke<br \/>42 \u20ac, 512 pages, reliure \u00e0 la suisse, 12,6 x 4,2 cm<br \/>Acheter le livre : <a href=\"https:\/\/www.leslibraires.fr\/livre\/24772860-mes-yeux-objets-patients-myop-20-ans-d-une-histoire-en-mouvement-myop-hoebeke?affiliate=phototrend\" target=\"_blank\" rel=\"noopener\">leslibraires.fr<\/a> \/ <a href=\"https:\/\/www.awin1.com\/cread.php?awinmid=12665&amp;awinaffid=282185&amp;clickref=&amp;p=https:\/\/www.fnac.com\/a21779187\/MYOP-Agence-de-photographes-Mes-Yeux-Objets-patients\" target=\"_blank\" rel=\"noopener\">Fnac<\/a> (sortie le 16 octobre)<\/p>\n<p>La retouche pour r\u00e9v\u00e9ler ses photos<\/p>\n<p><img decoding=\"async\" width=\"1400\" height=\"930\" loading=\"lazy\" src=\"https:\/\/www.europesays.com\/fr\/wp-content\/uploads\/2025\/09\/la-retouche-pour-reveler-ses-photos-agnes-colombo.jpg\" alt=\"\" class=\"wp-image-249487\"  \/><\/p>\n<p>Dans La retouche pour r\u00e9v\u00e9ler ses photos, Agn\u00e8s Colombo propose un <strong>guide pratique pour apprivoiser la retouche d\u2019images<\/strong>, notamment sur smartphone. Loin des logiciels complexes, elle privil\u00e9gie des <strong>outils simples et des r\u00e9glages essentiels<\/strong> \u2013 recadrage, exposition, contraste, saturation \u2013 pour donner <strong>plus d\u2019impact<\/strong> aux clich\u00e9s du quotidien.<\/p>\n<p>L\u2019autrice commence par rappeler l\u2019importance de <strong>\u00ab\u00a0diagnostiquer\u00a0\u00bb une image avant d\u2019intervenir<\/strong>, afin de cibler ce qui peut \u00eatre am\u00e9lior\u00e9 sans en d\u00e9naturer l\u2019esprit. Elle partage ensuite ses <strong>m\u00e9thodes pas \u00e0 pas,<\/strong> illustr\u00e9es par des exemples accessibles. Agn\u00e8s Colombo insiste sur la retouche comme <strong>prolongement du regard<\/strong>, et non comme artifice.<\/p>\n<p>L\u2019ouvrage aborde aussi des enjeux actuels, comme <strong>l\u2019arriv\u00e9e de l\u2019intelligence artificielle<\/strong>, en incitant \u00e0 rester <strong>mesur\u00e9 et cr\u00e9atif<\/strong>. Plus qu\u2019un manuel technique, c\u2019est une invitation \u00e0 r\u00e9v\u00e9ler ses images, \u00e0 <strong>affirmer son style<\/strong> et \u00e0 prendre plaisir \u00e0 transformer de simples souvenirs en <strong>photos expressives<\/strong>.<\/p>\n<p><strong>La retouche pour r\u00e9v\u00e9ler ses photos, Agn\u00e8s Colombo<\/strong><br \/>\u00c9diteur : Eyrolles<br \/>19 \u20ac, 112 pages, format broch\u00e9, 15 x 19 cm<br \/>Acheter le livre : <a href=\"https:\/\/www.eyrolles.com\/Audiovisuel\/Livre\/la-retouche-pour-reveler-ses-photos-9782416020650\/?ae=218\" target=\"_blank\" rel=\"noopener\">Eyrolles<\/a> \/ <a href=\"https:\/\/www.awin1.com\/cread.php?awinmid=12665&amp;awinaffid=282185&amp;clickref=&amp;p=https:\/\/www.fnac.com\/a21295275\/Agnes-Colombo-La-retouche-pour-reveler-ses-photos\" target=\"_blank\" rel=\"noopener\">Fnac<\/a><\/p>\n<p>Patti Smith \u00ab\u00a0Horses\u00a0\u00bb\u00a0\u2013 Paris 1976<\/p>\n<p><img decoding=\"async\" width=\"1400\" height=\"930\" loading=\"lazy\" src=\"https:\/\/www.europesays.com\/fr\/wp-content\/uploads\/2025\/09\/patti-smith-horses.jpg\" alt=\"\" class=\"wp-image-249500\"  \/><\/p>\n<p>Dans Patti Smith \u201cHorses\u201d \u2013 Paris 1976, <strong>Claude Gassian<\/strong> capture l\u2019\u00e9nergie brute et la po\u00e9sie fragile de la chanteuse \u00e0 ses d\u00e9buts. Nous sommes en 1975-1976, au moment o\u00f9 sort Horses, son <strong>premier album <\/strong>devenu culte. Patti Smith d\u00e9barque \u00e0 Paris, encore inconnue du grand public europ\u00e9en, mais d\u00e9j\u00e0 porteuse d\u2019une aura magn\u00e9tique.<\/p>\n<p>Claude Gassian, alors jeune photographe, <strong>suit Patti Smith au fil de ses concerts et de ses journ\u00e9es parisiennes<\/strong>. Ses images, longtemps rest\u00e9es in\u00e9dites, montrent <strong>une artiste en devenir<\/strong>. Concentr\u00e9e, vuln\u00e9rable parfois, mais travers\u00e9e par la m\u00eame intensit\u00e9 sur sc\u00e8ne et en coulisses. Ces clich\u00e9s, parfois <strong>plus proche de photos de vacances que d\u2019un reportage<\/strong>, nous offrent un visage intime, presque familier, d\u2019une musicienne qui cherche sa place et impose d\u00e9j\u00e0 son univers.<\/p>\n<p>Cet ouvrage n\u2019a <strong>pas vocation \u00e0 retracer la carri\u00e8re<\/strong> enti\u00e8re de la chanteuse ni \u00e0 analyser son premier album en profondeur. Il est plut\u00f4t un <strong>fragment de m\u00e9moire<\/strong> qui restitue l\u2019atmosph\u00e8re \u00e9lectrique d\u2019une \u00e9poque. En cela, il touchera autant les passionn\u00e9s de musique que les amateurs de photographie ou de culture rock.<\/p>\n<p><strong>Patti Smith \u00ab\u00a0Horses\u00a0\u00bb \u2013 Paris 1976, Claude Gassian<\/strong><br \/>\u00c9diteur : Gallimard<br \/>35 \u20ac, 192 pages, format reli\u00e9, 21,5 x 28 cm<br \/>Acheter le livre : <a href=\"https:\/\/www.gallimard.fr\/catalogue\/patti-smith-horses-paris-1976\/9782073121127\" target=\"_blank\" rel=\"noopener\">Gallimard<\/a> \/ <a href=\"https:\/\/www.awin1.com\/cread.php?awinmid=12665&amp;awinaffid=282185&amp;clickref=&amp;p=https:\/\/www.fnac.com\/a21592205\/Patti-Smith-Horses\" target=\"_blank\" rel=\"noopener\">Fnac<\/a><\/p>\n<p>R comme Regarder, Le livre photo jeunesse<\/p>\n<p><img decoding=\"async\" width=\"1400\" height=\"930\" loading=\"lazy\" src=\"https:\/\/www.europesays.com\/fr\/wp-content\/uploads\/2025\/09\/r-comme-regarder.jpg\" alt=\"\" class=\"wp-image-249498\"  \/><\/p>\n<p>Co\u00e9dit\u00e9 par l\u2019Institut pour la photographie, Photo \u00c9lys\u00e9e et Spector Books, R comme Regarder explore un territoire encore peu \u00e9tudi\u00e9 : <strong>le livre photo destin\u00e9 \u00e0 la jeunesse<\/strong>. Issu d\u2019une exposition itin\u00e9rante en Europe, qui sera expos\u00e9e \u00e0 Lausa, l\u2019ouvrage rassemble plus d\u2019une centaine d\u2019albums <strong>depuis les ann\u00e9es 1930<\/strong> jusqu\u2019\u00e0 aujourd\u2019hui, mettant en lumi\u00e8re un patrimoine riche et souvent m\u00e9connu.<\/p>\n<p>Le livre retrace <strong>l\u2019histoire de ce genre \u00e9ditorial<\/strong>, \u00e0 la crois\u00e9e de la <strong>p\u00e9dagogie<\/strong>, de <strong>l\u2019art<\/strong> et du <strong>graphisme<\/strong>, depuis les <strong>imagiers \u00e9ducatifs<\/strong> d\u2019Edward Steichen et Mary Steichen Martin jusqu\u2019aux <strong>cr\u00e9ations contemporaines<\/strong> de Tana Hoban, Sarah Moon ou Adam Broomberg &amp; Oliver Chanarin. Il souligne comment la photographie a contribu\u00e9 \u00e0 <strong>former le regard des jeunes lecteurs<\/strong>, entre apprentissage du r\u00e9el, ouverture \u00e0 la diversit\u00e9 et stimulation de <strong>l\u2019imaginaire<\/strong>.<\/p>\n<p>Plus qu\u2019un catalogue, R comme Regarder interroge la <strong>place de l\u2019image dans l\u2019\u00e9ducation<\/strong> et l\u2019\u00e9volution du statut de l\u2019enfant face \u00e0 la <strong>soci\u00e9t\u00e9 des images<\/strong>.<\/p>\n<p><strong>R comme Regarder, le livre photo jeunesse<\/strong><br \/>\u00c9diteur : co\u00e9dition Spector Books, Institut pour la photographie des Hauts-de-France et Photo Elys\u00e9e<br \/>52 \u20ac, 264 pages, format reli\u00e9, 22 x 30,5 cm<br \/>Acheter le livre : <a href=\"https:\/\/spectorbooks.com\/book\/r-comme-regarder\" target=\"_blank\" rel=\"noopener\">Spector Books<\/a> \/ <a href=\"https:\/\/www.awin1.com\/cread.php?awinmid=12665&amp;awinaffid=282185&amp;clickref=&amp;p=https:\/\/www.fnac.com\/a21849862\/Collectif-R-comme-Regarder-franCais\" target=\"_blank\" rel=\"noopener\">Fnac<\/a><\/p>\n<p>Yves Saint Laurent et la photographie<\/p>\n<p><img decoding=\"async\" width=\"1400\" height=\"930\" loading=\"lazy\" src=\"https:\/\/www.europesays.com\/fr\/wp-content\/uploads\/2025\/09\/yves-saint-laurent-et-la-photographie.jpg\" alt=\"\" class=\"wp-image-249501\"  \/><\/p>\n<p>Apr\u00e8s une exposition aux <strong>Rencontres d\u2019Arles<\/strong>, le t\u00e9moignage du lien profond qu\u2019entretenait Yves Saint Laurent \u00e0 la photographie se prolonge en librairie. Publi\u00e9 aux <strong>\u00e9ditions\u00a0Phaidon<\/strong>, l\u2019ouvrage <strong>bilingue<\/strong> rassemble\u00a0des\u00a0<strong>clich\u00e9s iconiques<\/strong>\u00a0ainsi qu\u2019une s\u00e9lection\u00a0d\u2019images plus confidentielles\u00a0issues\u00a0des <strong>archives du Mus\u00e9e Yves Saint Laurent<\/strong>.<\/p>\n<p>Helmut Newton, Irving Penn, Sarah Moon, Peter Knapp, Jeanloup Sieff, Juergen Teller\u2026 Tous ces <strong>grands noms de la photographie<\/strong> de mode ont taill\u00e9 la r\u00e9putation d\u2019\u00e9l\u00e9gance et de glamour de la maison, tandis que le couturier leur offrait <strong>mati\u00e8re \u00e0 leurs plus\u00a0belles\u00a0images<\/strong>. Yves Saint Laurent lui-m\u00eame savait que prendre la lumi\u00e8re c\u2019\u00e9tait <strong>inscrire son nom et sa griffe dans l\u2019\u00e9ternit\u00e9<\/strong>, preuve en est au fil de ces 162 pages\u00a0\u00e9toff\u00e9es\u00a0d\u2019essais.<\/p>\n<p><strong>Yves Saint Laurent et la photographie, Simon Baker, Serena Bucalo-Mussely, Alice Morin et Cl\u00e9mentine Cuinet<\/strong><br \/>\u00c9diteur : Phaidon<br \/>59,95 \u20ac, 160 pages, format reli\u00e9, 31,2 x 24,8 cm<br \/>Acheter le livre : <a href=\"https:\/\/www.phaidon.com\/en-eu\/products\/yves-saint-laurent-and-photography\" target=\"_blank\" rel=\"noopener\">Phaidon<\/a> \/ <a href=\"https:\/\/www.awin1.com\/cread.php?awinmid=12665&amp;awinaffid=282185&amp;clickref=&amp;p=https:\/\/www.fnac.com\/a21511252\/Collectif-Yves-Saint-Laurent-et-la-photographie\" target=\"_blank\" rel=\"noopener\">Fnac<\/a><\/p>\n","protected":false},"excerpt":{"rendered":"Chaque mois, Phototrend vous propose de\u00a0d\u00e9couvrir les livres photo qui nous ont marqu\u00e9s. En ce mois de septembre&hellip;\n","protected":false},"author":2,"featured_media":417791,"comment_status":"","ping_status":"","sticky":false,"template":"","format":"standard","meta":{"footnotes":""},"categories":[1358],"tags":[54745,1348,1384,1385,54746,1386,58,59,11615,1011,27,6581,54747,14102,13506],"class_list":{"0":"post-417790","1":"post","2":"type-post","3":"status-publish","4":"format-standard","5":"has-post-thumbnail","7":"category-arts-et-design","8":"tag-agnes-colombo","9":"tag-arts","10":"tag-arts-and-design","11":"tag-arts-et-design","12":"tag-claude-gassian","13":"tag-design","14":"tag-divertissement","15":"tag-entertainment","16":"tag-featured","17":"tag-fr","18":"tag-france","19":"tag-livre-photo","20":"tag-myop","21":"tag-selection-livre-photo","22":"tag-yves-saint-laurent"},"share_on_mastodon":{"url":"https:\/\/pubeurope.com\/@fr\/115267940584485203","error":""},"_links":{"self":[{"href":"https:\/\/www.europesays.com\/fr\/wp-json\/wp\/v2\/posts\/417790","targetHints":{"allow":["GET"]}}],"collection":[{"href":"https:\/\/www.europesays.com\/fr\/wp-json\/wp\/v2\/posts"}],"about":[{"href":"https:\/\/www.europesays.com\/fr\/wp-json\/wp\/v2\/types\/post"}],"author":[{"embeddable":true,"href":"https:\/\/www.europesays.com\/fr\/wp-json\/wp\/v2\/users\/2"}],"replies":[{"embeddable":true,"href":"https:\/\/www.europesays.com\/fr\/wp-json\/wp\/v2\/comments?post=417790"}],"version-history":[{"count":0,"href":"https:\/\/www.europesays.com\/fr\/wp-json\/wp\/v2\/posts\/417790\/revisions"}],"wp:featuredmedia":[{"embeddable":true,"href":"https:\/\/www.europesays.com\/fr\/wp-json\/wp\/v2\/media\/417791"}],"wp:attachment":[{"href":"https:\/\/www.europesays.com\/fr\/wp-json\/wp\/v2\/media?parent=417790"}],"wp:term":[{"taxonomy":"category","embeddable":true,"href":"https:\/\/www.europesays.com\/fr\/wp-json\/wp\/v2\/categories?post=417790"},{"taxonomy":"post_tag","embeddable":true,"href":"https:\/\/www.europesays.com\/fr\/wp-json\/wp\/v2\/tags?post=417790"}],"curies":[{"name":"wp","href":"https:\/\/api.w.org\/{rel}","templated":true}]}}