{"id":417805,"date":"2025-09-26T01:20:22","date_gmt":"2025-09-26T01:20:22","guid":{"rendered":"https:\/\/www.europesays.com\/fr\/417805\/"},"modified":"2025-09-26T01:20:22","modified_gmt":"2025-09-26T01:20:22","slug":"des-requins-filmes-pour-la-premiere-fois-en-plein-plan-a-trois-larcom-en-pls","status":"publish","type":"post","link":"https:\/\/www.europesays.com\/fr\/417805\/","title":{"rendered":"Des requins film\u00e9s pour la premi\u00e8re fois en plein plan \u00e0 trois (l\u2019ARCOM en PLS)"},"content":{"rendered":"<p>                    <b>C&rsquo;est une premi\u00e8re mondiale un peu improbable et qui concerne une esp\u00e8ce m\u00e9connue. Un biologiste marin a r\u00e9ussi \u00e0 filmer pour la toute premi\u00e8re fois l&rsquo;accouplement de requins-l\u00e9opards sauvages. Et la sc\u00e8ne, document\u00e9e dans une revue scientifique, a de quoi surprendre\u00a0: il s&rsquo;agissait de ce qu\u2019on appelle par chez nous d\u2019un plan \u00e0 trois. Oui oui<\/b><\/p>\n<p>                                                                                                                                                        <img decoding=\"async\" src=\"https:\/\/www.europesays.com\/fr\/wp-content\/uploads\/2025\/09\/f8e0cf7924_des-requins-filmes-pour-la-premiere-fois-en-plein-plan-a-trois-l-arcom-en-pls.webp.webp\" alt=\"Des requins film\u00e9s pour la premi\u00e8re fois en plein plan \u00e0 trois (l\u2019ARCOM en PLS)\" width=\"1200\" height=\"646\" loading=\"lazy\"\/>        <\/p>\n<p>Allons bon<\/p>\n<p>La vid\u00e9o a \u00e9t\u00e9 captur\u00e9e par <b>Hugo Lassauce<\/b>, un chercheur de l&rsquo;Universit\u00e9 de la Sunshine Coast en Australie, lors d&rsquo;une mission en Nouvelle-Cal\u00e9donie. Alors qu&rsquo;il observait un groupe de requins-l\u00e9opards, connus pour se rassembler dans cette zone, il a \u00e9t\u00e9 t\u00e9moin d&rsquo;une sc\u00e8ne in\u00e9dite.<\/p>\n<p>Pendant plus d&rsquo;une heure, <b>deux requins m\u00e2les<\/b> ont maintenu une femelle en la mordant au niveau des nageoires pectorales. Puis, l&rsquo;un apr\u00e8s l&rsquo;autre, ils se sont accoupl\u00e9s avec elle. L&rsquo;acte en lui-m\u00eame a \u00e9t\u00e9 tr\u00e8s bref\u00a0: 63 secondes pour le premier m\u00e2le, 47 secondes pour le second. \u00c9puis\u00e9s par l&rsquo;effort, les deux m\u00e2les sont ensuite rest\u00e9s immobiles au fond de l&rsquo;eau pendant que la femelle s&rsquo;\u00e9loignait.<\/p>\n<p>                                                                                                                                                        <img decoding=\"async\" src=\"https:\/\/www.europesays.com\/fr\/wp-content\/uploads\/2025\/09\/5aceb8fffc_des-requins-filmes-pour-la-premiere-fois-en-plein-plan-a-trois-l-arcom-en-pls.webp.webp\" alt=\"Des requins film\u00e9s pour la premi\u00e8re fois en plein plan \u00e0 trois (l\u2019ARCOM en PLS)\" width=\"1200\" height=\"676\" loading=\"lazy\"\/>        <\/p>\n<p>Une observation cruciale pour la science<\/p>\n<p>\u00ab\u00a0Il est rare d&rsquo;assister \u00e0 l&rsquo;accouplement de <a href=\"https:\/\/www.mac4ever.com\/divers\/188747-voila-ce-que-ca-fait-d-etre-avale-par-un-requin-video-oui-oui-vraiment\" target=\"_blank\" rel=\"noopener\">requins<\/a> dans la nature, mais le voir avec une <b>esp\u00e8ce en voie de disparition<\/b> &#8211; et le filmer &#8211; \u00e9tait si excitant que nous nous sommes mis \u00e0 applaudir\u00a0\u00bb, a d\u00e9clar\u00e9 le chercheur.<\/p>\n<p>Cette observation est en effet importante pour la conservation du requin-l\u00e9opard, une esp\u00e8ce class\u00e9e comme \u00ab\u00a0en danger\u00a0\u00bb en raison de la surp\u00eache. Comprendre son comportement reproducteur dans son milieu naturel peut aider \u00e0 am\u00e9liorer les protocoles d&rsquo;<b>ins\u00e9mination artificielle<\/b>, qui sont utilis\u00e9s dans le cadre de programmes de \u00ab\u00a0r\u00e9introduction\u00a0\u00bb de l&rsquo;esp\u00e8ce.<\/p>\n<p>Des requins \u00e0 la vie sexuelle complexe<\/p>\n<p>Cette observation ajoute une nouvelle couche de complexit\u00e9 \u00e0 la vie sexuelle d\u00e9j\u00e0 fascinante du requin-l\u00e9opard. On savait d\u00e9j\u00e0 que les femelles de cette esp\u00e8ce \u00e9taient capables de <b>parth\u00e9nogen\u00e8se<\/b>, c&rsquo;est-\u00e0-dire de se reproduire sans m\u00e2le. Le fait qu&rsquo;elles puissent \u00e9galement s&rsquo;accoupler avec plusieurs partenaires sugg\u00e8re des strat\u00e9gies de reproduction tr\u00e8s vari\u00e9es, ce qui a d\u2019autant plus de sens quand on parle d\u2019une esp\u00e8ce menac\u00e9e.<\/p>\n<p>                                                                                                                                                        <img decoding=\"async\" src=\"https:\/\/www.europesays.com\/fr\/wp-content\/uploads\/2025\/09\/8d47fb6454_des-requins-filmes-pour-la-premiere-fois-en-plein-plan-a-trois-l-arcom-en-pls.webp.webp\" alt=\"Des requins film\u00e9s pour la premi\u00e8re fois en plein plan \u00e0 trois (l\u2019ARCOM en PLS)\" width=\"1200\" height=\"658\" loading=\"lazy\"\/>        <\/p>\n<p>        On en dit quoi\u00a0?<\/p>\n<p>C&rsquo;est une sc\u00e8ne improbable qui nous rappelle \u00e0 quel point le <a href=\"https:\/\/www.mac4ever.com\/divers\/184572-quand-un-crabe-voleur-s-empare-d-une-camera-sous-marine\" target=\"_blank\" rel=\"noopener\">monde sous-marin<\/a> est myst\u00e9rieux. Si l&rsquo;aspect \u00ab\u00a0partie \u00e0 trois\u00a0\u00bb a de quoi faire glousser, c\u2019est avant tout d&rsquo;une <b>donn\u00e9e scientifique utile<\/b> qui pourrait aider \u00e0 la survie d&rsquo;une esp\u00e8ce menac\u00e9e.<\/p>\n<p>Ces images, captur\u00e9es avec une simple <a href=\"https:\/\/www.mac4ever.com\/tv\/190536-gopro-max-2-apres-6-ans-d-attente-gopro-se-reveille-enfin-sur-le-marche-de-la-360\" target=\"_blank\" rel=\"noopener\">GoPro<\/a>, sont aussi une belle illustration de la mani\u00e8re dont la <b>technologie grand public<\/b> peut aujourd&rsquo;hui contribuer \u00e0 la recherche scientifique. C&rsquo;est une vision d\u2019un comportement animal qui \u00e9tait jusqu&rsquo;ici rest\u00e9 totalement invisible \u00e0 nos yeux.<\/p>\n","protected":false},"excerpt":{"rendered":"C&rsquo;est une premi\u00e8re mondiale un peu improbable et qui concerne une esp\u00e8ce m\u00e9connue. Un biologiste marin a r\u00e9ussi&hellip;\n","protected":false},"author":2,"featured_media":417806,"comment_status":"","ping_status":"","sticky":false,"template":"","format":"standard","meta":{"footnotes":""},"categories":[7],"tags":[1011,27,2742,54748,43,40,41,39,42,44],"class_list":{"0":"post-417805","1":"post","2":"type-post","3":"status-publish","4":"format-standard","5":"has-post-thumbnail","7":"category-sciences-et-technologies","8":"tag-fr","9":"tag-france","10":"tag-nature","11":"tag-requins","12":"tag-science","13":"tag-science-and-technology","14":"tag-sciences","15":"tag-sciences-et-technologies","16":"tag-technologies","17":"tag-technology"},"share_on_mastodon":{"url":"https:\/\/pubeurope.com\/@fr\/115267976109337979","error":""},"_links":{"self":[{"href":"https:\/\/www.europesays.com\/fr\/wp-json\/wp\/v2\/posts\/417805","targetHints":{"allow":["GET"]}}],"collection":[{"href":"https:\/\/www.europesays.com\/fr\/wp-json\/wp\/v2\/posts"}],"about":[{"href":"https:\/\/www.europesays.com\/fr\/wp-json\/wp\/v2\/types\/post"}],"author":[{"embeddable":true,"href":"https:\/\/www.europesays.com\/fr\/wp-json\/wp\/v2\/users\/2"}],"replies":[{"embeddable":true,"href":"https:\/\/www.europesays.com\/fr\/wp-json\/wp\/v2\/comments?post=417805"}],"version-history":[{"count":0,"href":"https:\/\/www.europesays.com\/fr\/wp-json\/wp\/v2\/posts\/417805\/revisions"}],"wp:featuredmedia":[{"embeddable":true,"href":"https:\/\/www.europesays.com\/fr\/wp-json\/wp\/v2\/media\/417806"}],"wp:attachment":[{"href":"https:\/\/www.europesays.com\/fr\/wp-json\/wp\/v2\/media?parent=417805"}],"wp:term":[{"taxonomy":"category","embeddable":true,"href":"https:\/\/www.europesays.com\/fr\/wp-json\/wp\/v2\/categories?post=417805"},{"taxonomy":"post_tag","embeddable":true,"href":"https:\/\/www.europesays.com\/fr\/wp-json\/wp\/v2\/tags?post=417805"}],"curies":[{"name":"wp","href":"https:\/\/api.w.org\/{rel}","templated":true}]}}