{"id":417811,"date":"2025-09-26T01:24:21","date_gmt":"2025-09-26T01:24:21","guid":{"rendered":"https:\/\/www.europesays.com\/fr\/417811\/"},"modified":"2025-09-26T01:24:21","modified_gmt":"2025-09-26T01:24:21","slug":"a-lonu-la-palestine-devance-netanyahou","status":"publish","type":"post","link":"https:\/\/www.europesays.com\/fr\/417811\/","title":{"rendered":"\u00c0 l\u2019ONU, la Palestine devance Netanyahou"},"content":{"rendered":"<p>Le premier a quitt\u00e9 son pays \u00e0 bord d\u2019un avion qui a survol\u00e9 sans turbulences diplomatiques de nombreux pays et montera, ce vendredi\u00a026, \u00e0 la tribune de l\u2019ONU. Le second, <a href=\"https:\/\/www.humanite.fr\/monde\/nations-unies\/les-etats-unis-musellent-la-palestine-a-lonu-en-refus-les-visas-de-mahmoud-abbas-et-de-80-dirigeants-de-lolp\" target=\"_blank\" rel=\"noopener\">priv\u00e9 de visa pour rejoindre New York<\/a>, ne s\u2019est adress\u00e9 aux pr\u00e8s de 200 pays repr\u00e9sent\u00e9s que par une vid\u00e9o pr\u00e9enregistr\u00e9e. <\/p>\n<p>L\u2019image est vertigineuse\u00a0: Benyamin Netanyahou, accus\u00e9 de crimes contre l\u2019humanit\u00e9 et de crimes de guerre dans la bande de Gaza, <a href=\"https:\/\/www.humanite.fr\/monde\/armee-israelienne\/la-cpi-emet-des-mandats-darret-contre-benyamin-netanyahou-yoav-gallant-et-le-chef-du-hamas-mohammed-deif\" target=\"_blank\" rel=\"noopener\">sous le coup d\u2019un mandat d\u2019arr\u00eat de la Cour p\u00e9nale internationale<\/a> (CPI), sera comme chez lui au c\u0153ur de la maison des nations tandis que Mahmoud Abbas, le repr\u00e9sentant l\u00e9gal du peuple soumis \u00e0 une guerre g\u00e9nocidaire, est de fait assign\u00e9 \u00e0 r\u00e9sidence.<\/p>\n<p>Mais elle est aussi, en partie, trompeuse. Depuis l\u2019ouverture de cette Assembl\u00e9e g\u00e9n\u00e9rale de l\u2019ONU, ce qu\u2019il est convenu d\u2019appeler la communaut\u00e9 internationale a d\u00e9montr\u00e9 son soutien ind\u00e9fectible au droit des Palestiniens \u00e0 l\u2019autod\u00e9termination. Avec <a href=\"https:\/\/www.humanite.fr\/monde\/benyamin-netanyahou\/historique-la-france-reconnait-enfin-la-palestine\" data-type=\"post\" data-id=\"3211138\" target=\"_blank\" rel=\"noopener\">le ralliement de la France<\/a>, du Royaume-Uni, du Canada, de l\u2019Australie et de sept autres pays, 158 des 193 \u00c9tats membres de l\u2019ONU reconnaissent d\u00e9sormais l\u2019\u00c9tat de Palestine.<\/p>\n<p>Netanyahou \u00e0 New York pour d\u00e9fendre sa guerre<\/p>\n<p>Si Benyamin Netanyahou a trac\u00e9 son chemin en toute impunit\u00e9 (la France avait m\u00eame accord\u00e9 une autorisation de survol du&#8230;<\/p>\n","protected":false},"excerpt":{"rendered":"Le premier a quitt\u00e9 son pays \u00e0 bord d\u2019un avion qui a survol\u00e9 sans turbulences diplomatiques de nombreux&hellip;\n","protected":false},"author":2,"featured_media":417812,"comment_status":"","ping_status":"","sticky":false,"template":"","format":"standard","meta":{"footnotes":""},"categories":[2],"tags":[11,952,1011,27,12],"class_list":{"0":"post-417811","1":"post","2":"type-post","3":"status-publish","4":"format-standard","5":"has-post-thumbnail","7":"category-actualites","8":"tag-actualites","9":"tag-benyamin-netanyahou","10":"tag-fr","11":"tag-france","12":"tag-news"},"share_on_mastodon":{"url":"https:\/\/pubeurope.com\/@fr\/115267991181513579","error":""},"_links":{"self":[{"href":"https:\/\/www.europesays.com\/fr\/wp-json\/wp\/v2\/posts\/417811","targetHints":{"allow":["GET"]}}],"collection":[{"href":"https:\/\/www.europesays.com\/fr\/wp-json\/wp\/v2\/posts"}],"about":[{"href":"https:\/\/www.europesays.com\/fr\/wp-json\/wp\/v2\/types\/post"}],"author":[{"embeddable":true,"href":"https:\/\/www.europesays.com\/fr\/wp-json\/wp\/v2\/users\/2"}],"replies":[{"embeddable":true,"href":"https:\/\/www.europesays.com\/fr\/wp-json\/wp\/v2\/comments?post=417811"}],"version-history":[{"count":0,"href":"https:\/\/www.europesays.com\/fr\/wp-json\/wp\/v2\/posts\/417811\/revisions"}],"wp:featuredmedia":[{"embeddable":true,"href":"https:\/\/www.europesays.com\/fr\/wp-json\/wp\/v2\/media\/417812"}],"wp:attachment":[{"href":"https:\/\/www.europesays.com\/fr\/wp-json\/wp\/v2\/media?parent=417811"}],"wp:term":[{"taxonomy":"category","embeddable":true,"href":"https:\/\/www.europesays.com\/fr\/wp-json\/wp\/v2\/categories?post=417811"},{"taxonomy":"post_tag","embeddable":true,"href":"https:\/\/www.europesays.com\/fr\/wp-json\/wp\/v2\/tags?post=417811"}],"curies":[{"name":"wp","href":"https:\/\/api.w.org\/{rel}","templated":true}]}}