{"id":417813,"date":"2025-09-26T01:26:07","date_gmt":"2025-09-26T01:26:07","guid":{"rendered":"https:\/\/www.europesays.com\/fr\/417813\/"},"modified":"2025-09-26T01:26:07","modified_gmt":"2025-09-26T01:26:07","slug":"le-nouveau-club-100-feminin-qui-aide-les-associations","status":"publish","type":"post","link":"https:\/\/www.europesays.com\/fr\/417813\/","title":{"rendered":"le nouveau club 100% f\u00e9minin qui aide les associations"},"content":{"rendered":"<p><img decoding=\"async\" class=\"\" style=\"width:100%\" src=\"https:\/\/www.europesays.com\/fr\/wp-content\/uploads\/2025\/09\/6c9c76df_b124_4175_9703_e5364680b5991758210096340.jpg\" alt=\"Aude et Marjorie, deux membres du Ladies Circle 105 Saint-Etienne\"\/><\/p>\n<p>Aude et Marjorie, deux membres du Ladies Circle 105 Saint-Etienne<\/p>\n<p>Cr\u00e9dit : Activ Radio.<\/p>\n<p>Les femmes sont \u00e0 l\u2019honneur ce mardi. L\u2019entr\u00e9e \u00e0 la foire de Saint-\u00c9tienne vous est offerte, mesdames. L\u2019occasion de zoomer sur un tout nouveau club 100% f\u00e9minin cr\u00e9\u00e9 officiellement en mars dernier : le \u00ab\u00a0Ladies&rsquo; Circle 105 Saint-\u00c9tienne\u00a0\u00bb. Des clubs \u00ab\u00a0Ladies&rsquo; Circle\u00a0\u00bb existent dans toute la France, les diff\u00e9rentes sections comptent 800 membres. Elles sont une dizaine dans celle de Saint-\u00c9tienne. Seules conditions pour adh\u00e9rer, \u00eatre une femme \u00e2g\u00e9e entre 18 et 45 ans.<\/p>\n<p>C\u2019est une designeuse st\u00e9phanoise, Aude Briet, qui est \u00e0 l\u2019origine de la cr\u00e9ation de cette 1\u00e8re antenne lig\u00e9rienne. \u00ab\u00a0J&rsquo;\u00e9tais pr\u00e9sente dans plusieurs domaines, mais souvent tourn\u00e9s vers le business. L\u00e0, je cherchais quelque chose \u00e0 vocation plus humaine, humanitaire. Je connaissais des clubs masculins \u00e0 Saint-\u00c9tienne, <a href=\"https:\/\/www.club41francais.fr\/\" rel=\"noopener\" target=\"_blank\">le 41 <\/a>et la <a href=\"https:\/\/www.club41francais.fr\/\" rel=\"noopener\" target=\"_blank\">Table Ronde<\/a>, mais il n&rsquo;y avait pas d&rsquo;\u00e9quivalent f\u00e9minin. L&rsquo;histoire est partie de l\u00e0\u00a0\u00bb.<\/p>\n<p>Apr\u00e8s une grosse ann\u00e9e \u00e0 monter le projet, celui-ci a vu le jour officiellement au d\u00e9but d&rsquo;ann\u00e9e 2025, \u00ab\u00a0les valeurs de l&rsquo;association, ce sont l&rsquo;entraide et l&rsquo;amiti\u00e9. On tisse des liens et on a pour but de faire des actions en local ou \u00e0 l&rsquo;international. Et on se rend vite compte qu&rsquo;avec plein de petits projets ici et l\u00e0, on peut faire changer les choses\u00a0\u00bb.<\/p>\n<p>En t\u00e9moignent des op\u00e9rations, ventes de bouquets de fleurs ou de biscuits. Ou un \u00ab\u00a0jackpot vins myst\u00e8res\u00a0\u00bb mis en place ces derniers mois, autrement dit l&rsquo;achat de bouteilles, sans savoir ce qu&rsquo;il y a dans ces derni\u00e8res. Trois op\u00e9rations ayant permis de r\u00e9colter 7000 euros. De l&rsquo;argent revers\u00e9 ensuite \u00e0 3 collectifs du coin : \u00ab <a href=\"https:\/\/www.angesdeseauxvives.org\/\" rel=\"noopener\" target=\"_blank\">Anges des eaux vives<\/a> \u00bb du Chambon-Feugerolles, \u00ab <a href=\"https:\/\/www.untrucdemalade.org\/\" rel=\"noopener\" target=\"_blank\">Un truc de malade<\/a> \u00bb \u00e0 l\u2019Etrat et \u00ab <a href=\"https:\/\/www.facebook.com\/42.souriresdenfants\/?locale=fr_FR\" rel=\"noopener\" target=\"_blank\">42 sourires d\u2019enfants<\/a> \u00bb au CHU.\u00a0 L&rsquo;occasion aussi de lier l&rsquo;utile \u00e0 l&rsquo;agr\u00e9able. \u00ab\u00a0On est des femmes de tout horizon, il n&rsquo;y a pas de question de classe sociale ou autre\u00a0\u00bb, pr\u00e9cise Marjorie Colombant, la vice-pr\u00e9sidente du collectif st\u00e9phanois.<\/p>\n<p>\u00ab\u00a0C&rsquo;est une dynamique.\u00a0 Au niveau national, 250 000 euros ont \u00e9t\u00e9 revers\u00e9s \u00e0 des \u0153uvres caritatives\u00a0\u00bb. Chaque club est libre de ses actions et d&rsquo;aider telle ou telle structure. \u00ab\u00a0Et on a une grande cause nationale, vot\u00e9e tous les 2 ans, pour laquelle on reverse aussi une partie des dons, de mani\u00e8re libre. Actuellement, c&rsquo;est <a href=\"https:\/\/www.cancer-voies-biliaires.fr\/accueil-fonds-c-vergnaud\/\" rel=\"noopener\" target=\"_blank\">le fond Cl\u00e9mentine Vergnaud<\/a>, qui lutte contre le cholangiocarcinome, un cancer des voies biliaires tr\u00e8s pr\u00e9sent chez les femmes, notamment les jeunes. Donc \u00e7a nous touche encore plus toutes\u00a0\u00bb.<\/p>\n<p>Une antenne roannaise pourrait voir le jour prochainement.\u00a0 Pour plus d&rsquo;infos, vous pouvez vous rendre sur la page Facebook du <a href=\"https:\/\/www.facebook.com\/profile.php?id=100092599573932\" rel=\"noopener\" target=\"_blank\">Ladies&rsquo; Circle 105 Saint-Etienne<\/a>.<\/p>\n","protected":false},"excerpt":{"rendered":"Aude et Marjorie, deux membres du Ladies Circle 105 Saint-Etienne Cr\u00e9dit : Activ Radio. Les femmes sont \u00e0&hellip;\n","protected":false},"author":2,"featured_media":417814,"comment_status":"","ping_status":"","sticky":false,"template":"","format":"standard","meta":{"footnotes":""},"categories":[9653],"tags":[1111,11,2430,20166,43127,1777,674,1295,1011,27,54749,3367,12,25,4001],"class_list":{"0":"post-417813","1":"post","2":"type-post","3":"status-publish","4":"format-standard","5":"has-post-thumbnail","7":"category-saint-etienne","8":"tag-actu","9":"tag-actualites","10":"tag-auvergne-rhone-alpes","11":"tag-caritatif","12":"tag-entraide","13":"tag-eu","14":"tag-europe","15":"tag-feminin","16":"tag-fr","17":"tag-france","18":"tag-ladies_circle","19":"tag-loire","20":"tag-news","21":"tag-republique-francaise","22":"tag-saint-etienne"},"share_on_mastodon":{"url":"https:\/\/pubeurope.com\/@fr\/115267999633547301","error":""},"_links":{"self":[{"href":"https:\/\/www.europesays.com\/fr\/wp-json\/wp\/v2\/posts\/417813","targetHints":{"allow":["GET"]}}],"collection":[{"href":"https:\/\/www.europesays.com\/fr\/wp-json\/wp\/v2\/posts"}],"about":[{"href":"https:\/\/www.europesays.com\/fr\/wp-json\/wp\/v2\/types\/post"}],"author":[{"embeddable":true,"href":"https:\/\/www.europesays.com\/fr\/wp-json\/wp\/v2\/users\/2"}],"replies":[{"embeddable":true,"href":"https:\/\/www.europesays.com\/fr\/wp-json\/wp\/v2\/comments?post=417813"}],"version-history":[{"count":0,"href":"https:\/\/www.europesays.com\/fr\/wp-json\/wp\/v2\/posts\/417813\/revisions"}],"wp:featuredmedia":[{"embeddable":true,"href":"https:\/\/www.europesays.com\/fr\/wp-json\/wp\/v2\/media\/417814"}],"wp:attachment":[{"href":"https:\/\/www.europesays.com\/fr\/wp-json\/wp\/v2\/media?parent=417813"}],"wp:term":[{"taxonomy":"category","embeddable":true,"href":"https:\/\/www.europesays.com\/fr\/wp-json\/wp\/v2\/categories?post=417813"},{"taxonomy":"post_tag","embeddable":true,"href":"https:\/\/www.europesays.com\/fr\/wp-json\/wp\/v2\/tags?post=417813"}],"curies":[{"name":"wp","href":"https:\/\/api.w.org\/{rel}","templated":true}]}}