{"id":417825,"date":"2025-09-26T01:33:14","date_gmt":"2025-09-26T01:33:14","guid":{"rendered":"https:\/\/www.europesays.com\/fr\/417825\/"},"modified":"2025-09-26T01:33:14","modified_gmt":"2025-09-26T01:33:14","slug":"hommage-aux-harkis-une-memoire-a-honorer-et-une-histoire-a-reparer","status":"publish","type":"post","link":"https:\/\/www.europesays.com\/fr\/417825\/","title":{"rendered":"hommage aux harkis, une m\u00e9moire \u00e0 honorer et une histoire \u00e0 r\u00e9parer"},"content":{"rendered":"<p>            Par<br \/>\n        <strong><br \/>\n            <a href=\"https:\/\/actu.fr\/auteur\/c-nithard\" title=\"Consulter tous les articles de C\u00e9dric Nithard\" target=\"_blank\" rel=\"noopener\">C\u00e9dric Nithard<\/a><br \/>\n        <\/strong><\/p>\n<p>        Publi\u00e9 le<\/p>\n<p>            25 sept. 2025 \u00e0 18h07        <\/p>\n<p>En cette journ\u00e9e nationale d\u2019<strong>hommage aux harkis<\/strong>, <strong>la Ville de Montpellier<\/strong> a tenu ce jeudi 25 septembre <strong>une c\u00e9r\u00e9monie<\/strong> au square Suzanne Babut. L\u2019occasion d\u2019<strong>honorer la m\u00e9moire de ces Alg\u00e9riens<\/strong> qui ont combattu aux c\u00f4t\u00e9s de la France pendant la guerre d\u2019Alg\u00e9rie et oubli\u00e9s par la suite.<\/p>\n<p>\u00ab\u00a0Regarder l\u2019Histoire en face\u00a0\u00bb<\/p>\n<p class=\" wall-content\">\u00ab\u00a0La guerre d\u2019Alg\u00e9rie occupe une place particuli\u00e8re dans l\u2019Histoire de France et l\u2019histoire collective. Pour beaucoup, elle demeure une blessure encore vive, une page qui ne s\u2019est pas referm\u00e9e, une histoire fragment\u00e9e et douloureuse\u00a0\u00bb r\u00e9sume Fatma Nakib, repr\u00e9sentant le maire Micha\u00ebl Delafosse. En ce jeudi 25 septembre, dans le square Suzanne Babut en pr\u00e9sence notamment du s\u00e9nateur Jean-Pierre Grand et du d\u00e9put\u00e9 Jean-Louis Roum\u00e9gas, il est question d\u2019honorer la m\u00e9moire des <strong>25 000 harkis<\/strong> et membres des formations suppl\u00e9tives morts pour la France mais \u00e9galement tout ceux qui ont quitt\u00e9 leur pays en \u00e9tant ensuite oubli\u00e9s par la R\u00e9publique.<\/p>\n<p>    <a href=\"https:\/\/www.google.com\/maps\/embed?pb=!1m18!1m12!1m3!1d2888.4471642986427!2d3.8731879756225993!3d43.61805115470433!2m3!1f0!2f0!3f0!3m2!1i1024!2i768!4f13.1!3m3!1m2!1s0x12b6af824ff17f89%3A0x6c0ce0e757ec501b!2sparc%20Suzanne%20Babut%20ancien%20nom%20Tastavin!5e0!3m2!1sfr!2sfr!4v1758804638415!5m2!1sfr!2sfr\" title=\"Ouvrie le lien\" target=\"_blank\" rel=\"noopener\">Cliquez ici pour visualiser le contenu<\/a><\/p>\n<p class=\" wall-content\">\u00ab\u00a0L\u2019historien Benjamin Stora rappelle que la m\u00e9moire n\u2019est pas un h\u00e9ritage fig\u00e9, elle est un travail parfois douloureux qui engage \u00e0 regarder l\u2019Histoire en face. Ces paroles montrent combien il est urgent de briser ces silences, de restituer la v\u00e9rit\u00e9 et de rendre leur part \u00e0 celles et ceux dont les noms ont \u00e9t\u00e9 longtemps effac\u00e9s\u00a0\u00bb enjoint l\u2019\u00e9lue, d\u00e9l\u00e9gu\u00e9e \u00e0 l\u2019\u00c9galit\u00e9 et droits des femmes, en soulignant : \u00ab\u00a0Cette reconnaissance est venue tardivement et beaucoup ont connu l\u2019exil, les camps, l\u2019indiff\u00e9rence et le m\u00e9pris. Soixante-trois ans apr\u00e8s, nous avons le devoir de regarder les blessures du pass\u00e9 avec lucidit\u00e9 et de construire une r\u00e9conciliation durable des m\u00e9moires fond\u00e9es sur la v\u00e9rit\u00e9 historique qui ne pourra pas se faire sans la jeune g\u00e9n\u00e9ration et en associant pleinement les descendants de harkis\u00a0\u00bb.<\/p>\n<p>Un droit \u00e0 la r\u00e9paration<\/p>\n<p class=\" wall-content\">C\u2019est en partie justement le sens de la loi du 23 f\u00e9vrier 2022 qui a ouvert un droit \u00e0 r\u00e9paration, attendu de longue date, dans laquelle sont reconnues les responsabilit\u00e9s de la France notamment les conditions d\u2019accueil et de vie indignes des harkis et leurs familles rapatri\u00e9s d\u2019Alg\u00e9rie apr\u00e8s les accords d\u2019\u00c9vian de 1962. Jusqu\u2019\u00e0 pr\u00e9sent, plus de 27 000 demandes ont \u00e9t\u00e9 \u00e9tudi\u00e9es pour un montant de pr\u00e8s de 176 000 000 \u20ac comme l\u2019a mis en avant <a href=\"https:\/\/www.harkis.gouv.fr\/actualites\/la-cnih-remis-son-rapport-dactivite-2023-2025-au-premier-ministre-ce-29-avril-2025\" target=\"_blank\" rel=\"noopener\">la Commission nationale ind\u00e9pendante des Harkis dans son rapport d\u2019avril 2025<\/a>. Cette r\u00e9paration n\u2019\u00e9tant \u00e0 l\u2019origine cependant ouverte qu\u2019aux personnes ayant s\u00e9journ\u00e9 dans des camps de transit et de forestage entre 1962 et 1975, un amendement du 3 septembre dernier a \u00e9largi le nombre de site ayant accueilli des harkis ouvrant la r\u00e9paration \u00e0 6 000 b\u00e9n\u00e9ficiaires. \u00c0 Montpellier cela concerne <a href=\"https:\/\/actu.fr\/occitanie\/montpellier_34172\/montpellier-pourquoi-les-familles-de-harkis-du-camp-redon-vont-etre-reconnues-par-la-nation_60998618.html\" target=\"_blank\" rel=\"noopener\">les 24 familles de harkis log\u00e9s dans le bidonville de la Cit\u00e9 Redon de 1964 \u00e0 1972 log\u00e9es ensuite en 1976 \u00e0 la Cit\u00e9 de la Grappe<\/a> et aux 70 harkis ayant particip\u00e9 \u00e0 la construction du zoo du Lunaret entre 1963 et 1964.<\/p>\n<p>Vid\u00e9os : en ce moment sur Actu<\/p>\n<p class=\" wall-content\">Un sujet particuli\u00e8rement port\u00e9 par la montpelli\u00e9raine Patricia Mirall\u00e8s, ministre d\u00e9missionnaire de la M\u00e9moire et des Anciens combattants, ce jour \u00e0 Paris. V\u00e9ronique Martin Saint-L\u00e9on, sous-pr\u00e9f\u00e8te de Montpellier, a ainsi port\u00e9 sa parole. \u00ab\u00a0C\u00e9l\u00e9brer les harkis et les autres membres des formations suppl\u00e9tives, c\u2019est admirer un engagement, honorer un destin et reconna\u00eetre une dette. C\u2019est aussi dire que la France ne serait pas tout \u00e0 fait la m\u00eame sans les traces laiss\u00e9es par cette histoire qui fut \u00e0 la fois lumineuse et tragique\u00a0\u00bb en ajoutant : \u00ab\u00a0Ils sont les t\u00e9moins d\u00e9chir\u00e9s d\u2019une \u00e9poque fractur\u00e9e par la marche de l\u2019Histoire. Une histoire qui se poursuit par un abandon dont la douleur s\u2019est faite ressentir deux fois sur chacune des rives de la M\u00e9diterran\u00e9e\u00a0\u00bb.<\/p>\n<p>Les femmes de harkis \u00e0 l\u2019honneur<\/p>\n<p class=\" wall-content\">\u00ab\u00a0Le destin tragique des harkis est une blessure de notre histoire qui nous concerne tous mais il est aussi devenu une part de notre m\u00e9moire nationale. Cette communaut\u00e9 de m\u00e9moire c\u2019est aussi celle de familles de harkis, ce sont les souvenirs de ces femmes dont certaines furent elles-m\u00eames combattantes et qui ont suivi leur mari dans cet exil sans aucun espoir de retour\u00a0\u00bb. C\u2019est pourquoi, Patricia Mirall\u00e8s a souhait\u00e9 cette ann\u00e9e faire de ce jour de comm\u00e9moration, \u00ab\u00a0l\u2019occasion d\u2019un hommage renouvel\u00e9 aux femmes de harkis qui dans toute leur famille ont \u00e9t\u00e9 un pilier souvent peu reconnu. En soutenant leur mari, en permettant \u00e0 leurs enfants de grandir dans de meilleures conditions, en trouvant quelque chose en elle apr\u00e8s le d\u00e9senchantement, elles ont, elles aussi, \u00e9crit l\u2019histoire des harkis\u00a0\u00bb.<\/p>\n<p>Votre r\u00e9gion, votre actu !<\/p>\n<p>Recevez chaque jour les infos qui comptent pour vous.<\/p>\n<p>\t<a href=\"https:\/\/actu.fr\/newsletter\" class=\"ac-btn ac-btn--corner ac-btn--medium ac-btn--blue800\" target=\"_blank\" rel=\"noopener\">S&rsquo;incrire<\/a><\/p>\n<p class=\" wall-content\">Et de ne pas oublier \u00e9galement les enfants ayant grandi dans des camps comme \u00e0 Rivesaltes o\u00f9 \u00ab\u00a0en France mais pas tout \u00e0 fait dans la R\u00e9publique, assign\u00e9s \u00e0 une vie o\u00f9 m\u00eame la devise r\u00e9publicaine avait \u00e9t\u00e9 oubli\u00e9e\u00a0\u00bb ainsi que les descendants qui \u00ab\u00a0sans avoir fait l\u2019exp\u00e9rience du d\u00e9racinement o\u00f9 des camps ont re\u00e7u l\u2019histoire de leurs parents en h\u00e9ritage. Une histoire difficile et douloureuse mais qui doit \u00eatre source de fiert\u00e9\u00a0\u00bb. Une fiert\u00e9 qui passera par une r\u00e9paration enti\u00e8re m\u00eame si certains dans la communaut\u00e9 l\u2019estiment trop tardive ou insuffisante compte tenu du sacrifice des harkis d\u00e9sormais, au moins, enfin pleinement, reconnu par la R\u00e9publique.<\/p>\n<p class=\" wall-content\">Personnalisez votre actualit\u00e9 en ajoutant vos villes et m\u00e9dias en favori avec <a href=\"https:\/\/moncompte.actu.fr\" title=\"D\u00e9couvez Mon Actu\" rel=\"nofollow noopener\" data-trk=\"{&quot;cta&quot;:{&quot;action&quot;:&quot;https:\\\/\\\/moncompte.actu.fr&quot;,&quot;category&quot;:&quot;mon compte&quot;,&quot;from&quot;:&quot;article footer&quot;,&quot;name&quot;:&quot;Mon actu&quot;,&quot;type&quot;:&quot;cta&quot;}}\" target=\"_blank\">Mon Actu<\/a>.<\/p>\n","protected":false},"excerpt":{"rendered":"Par C\u00e9dric Nithard Publi\u00e9 le 25 sept. 2025 \u00e0 18h07 En cette journ\u00e9e nationale d\u2019hommage aux harkis, la&hellip;\n","protected":false},"author":2,"featured_media":417826,"comment_status":"","ping_status":"","sticky":false,"template":"","format":"standard","meta":{"footnotes":""},"categories":[9599],"tags":[1111,11,15,1777,674,1011,27,15646,9922,2208,12,2680,25,104],"class_list":{"0":"post-417825","1":"post","2":"type-post","3":"status-publish","4":"format-standard","5":"has-post-thumbnail","7":"category-montpellier","8":"tag-actu","9":"tag-actualites","10":"tag-algerie","11":"tag-eu","12":"tag-europe","13":"tag-fr","14":"tag-france","15":"tag-guerre-dalgerie","16":"tag-hommage-aux-heros","17":"tag-montpellier","18":"tag-news","19":"tag-occitanie","20":"tag-republique-francaise","21":"tag-societe"},"share_on_mastodon":{"url":"https:\/\/pubeurope.com\/@fr\/115268026650946301","error":""},"_links":{"self":[{"href":"https:\/\/www.europesays.com\/fr\/wp-json\/wp\/v2\/posts\/417825","targetHints":{"allow":["GET"]}}],"collection":[{"href":"https:\/\/www.europesays.com\/fr\/wp-json\/wp\/v2\/posts"}],"about":[{"href":"https:\/\/www.europesays.com\/fr\/wp-json\/wp\/v2\/types\/post"}],"author":[{"embeddable":true,"href":"https:\/\/www.europesays.com\/fr\/wp-json\/wp\/v2\/users\/2"}],"replies":[{"embeddable":true,"href":"https:\/\/www.europesays.com\/fr\/wp-json\/wp\/v2\/comments?post=417825"}],"version-history":[{"count":0,"href":"https:\/\/www.europesays.com\/fr\/wp-json\/wp\/v2\/posts\/417825\/revisions"}],"wp:featuredmedia":[{"embeddable":true,"href":"https:\/\/www.europesays.com\/fr\/wp-json\/wp\/v2\/media\/417826"}],"wp:attachment":[{"href":"https:\/\/www.europesays.com\/fr\/wp-json\/wp\/v2\/media?parent=417825"}],"wp:term":[{"taxonomy":"category","embeddable":true,"href":"https:\/\/www.europesays.com\/fr\/wp-json\/wp\/v2\/categories?post=417825"},{"taxonomy":"post_tag","embeddable":true,"href":"https:\/\/www.europesays.com\/fr\/wp-json\/wp\/v2\/tags?post=417825"}],"curies":[{"name":"wp","href":"https:\/\/api.w.org\/{rel}","templated":true}]}}