{"id":417827,"date":"2025-09-26T01:34:12","date_gmt":"2025-09-26T01:34:12","guid":{"rendered":"https:\/\/www.europesays.com\/fr\/417827\/"},"modified":"2025-09-26T01:34:12","modified_gmt":"2025-09-26T01:34:12","slug":"le-resume-de-notre-enquete-sur-les-dessous-dun-fiasco","status":"publish","type":"post","link":"https:\/\/www.europesays.com\/fr\/417827\/","title":{"rendered":"le r\u00e9sum\u00e9 de notre enqu\u00eate sur les dessous d&rsquo;un fiasco"},"content":{"rendered":"<p>            Par<br \/>\n        <strong><br \/>\n            <a href=\"https:\/\/actu.fr\/auteur\/valentin-lebosse\" title=\"Consulter tous les articles de Valentin Leboss\u00e9\" target=\"_blank\" rel=\"noopener\">Valentin Leboss\u00e9<\/a><br \/>\n        <\/strong><\/p>\n<p>        Publi\u00e9 le<\/p>\n<p>            25 sept. 2025 \u00e0 7h26        <\/p>\n<p>C\u2019est la nouvelle <strong>b\u00eate noire<\/strong> des <a href=\"https:\/\/actu.fr\/tag\/police\" target=\"_blank\" rel=\"noopener\">policiers<\/a> et <a href=\"https:\/\/actu.fr\/tag\/gendarmerie\" target=\"_blank\" rel=\"noopener\">gendarmes<\/a> : la plateforme num\u00e9rique <strong>Uniforces<\/strong>, qui leur sert \u00e0 commander leurs tenues d\u2019intervention ou de c\u00e9r\u00e9monie, accumule <strong>retards et d\u00e9faillances<\/strong> depuis son d\u00e9ploiement il y a un peu plus d\u2019un an. Si bien que les forces de l\u2019ordre \u00e9prouvent les pires difficult\u00e9s \u00e0 se faire livrer leurs uniformes en temps et en heure.<\/p>\n<p>Fiasco d\u2019un march\u00e9 public \u00e0 300 millions d\u2019euros<\/p>\n<p class=\" wall-content\">Dans une <strong>enqu\u00eate exclusive<\/strong> en deux parties, reprise ensuite par plusieurs m\u00e9dias nationaux, <a href=\"https:\/\/actu.fr\/enquetes-d-actu\" target=\"_blank\" rel=\"noopener\">Enqu\u00eates d\u2019actu<\/a> a lev\u00e9 le voile sur les dessous de ce fiasco qui recouvre de nombreux aspects, logistiques, \u00e9conomiques et judiciaires :<\/p>\n<ul class=\" wall-content\">\n<li><a href=\"https:\/\/actu.fr\/societe\/penurie-de-vetements-chez-les-policiers-et-gendarmes-une-catastrophe-a-300-millions-d-euros_63100651.html\" target=\"_blank\" rel=\"noopener\">P\u00e9nurie de v\u00eatements chez les policiers et gendarmes : une \u00ab catastrophe \u00bb \u00e0 300 millions d\u2019euros ?<\/a> Produits indisponibles, retards et erreurs de livraison en pagaille\u2026 Policiers et gendarmes racontent leurs gal\u00e8res avec Uniforces. R\u00e9v\u00e9lations sur les rat\u00e9s d\u2019un march\u00e9 public dont le montant s\u2019\u00e9l\u00e8ve \u00e0 300 millions d\u2019euros.<\/li>\n<li><a href=\"https:\/\/actu.fr\/economie\/fiasco-des-uniformes-des-policiers-et-gendarmes-l-etat-a-detruit-un-modele-economique_63171924.html\" target=\"_blank\" rel=\"noopener\">Fiasco des uniformes des policiers et gendarmes : \u00ab L\u2019\u00c9tat a d\u00e9truit un mod\u00e8le \u00e9conomique \u00bb<\/a>. Le minist\u00e8re de l\u2019Int\u00e9rieur a chang\u00e9 de fournisseur pour l\u2019habillement des forces de l\u2019ordre. Une d\u00e9cision contest\u00e9e en justice pour des soup\u00e7ons d\u2019irr\u00e9gularit\u00e9s, et synonyme de pertes d\u2019emplois dans la fili\u00e8re textile fran\u00e7aise.<\/li>\n<\/ul>\n<p class=\" wall-content\">Personnalisez votre actualit\u00e9 en ajoutant vos villes et m\u00e9dias en favori avec <a href=\"https:\/\/moncompte.actu.fr\" title=\"D\u00e9couvez Mon Actu\" rel=\"nofollow noopener\" data-trk=\"{&quot;cta&quot;:{&quot;action&quot;:&quot;https:\\\/\\\/moncompte.actu.fr&quot;,&quot;category&quot;:&quot;mon compte&quot;,&quot;from&quot;:&quot;article footer&quot;,&quot;name&quot;:&quot;Mon actu&quot;,&quot;type&quot;:&quot;cta&quot;}}\" target=\"_blank\">Mon Actu<\/a>.<\/p>\n","protected":false},"excerpt":{"rendered":"Par Valentin Leboss\u00e9 Publi\u00e9 le 25 sept. 2025 \u00e0 7h26 C\u2019est la nouvelle b\u00eate noire des policiers et&hellip;\n","protected":false},"author":2,"featured_media":417828,"comment_status":"","ping_status":"","sticky":false,"template":"","format":"standard","meta":{"footnotes":""},"categories":[9587],"tags":[1111,11,1777,674,1011,27,3381,12,5161,1072,25,9590,104,2422],"class_list":{"0":"post-417827","1":"post","2":"type-post","3":"status-publish","4":"format-standard","5":"has-post-thumbnail","7":"category-rouen","8":"tag-actu","9":"tag-actualites","10":"tag-eu","11":"tag-europe","12":"tag-fr","13":"tag-france","14":"tag-gendarmerie","15":"tag-news","16":"tag-normandie","17":"tag-police","18":"tag-republique-francaise","19":"tag-rouen","20":"tag-societe","21":"tag-textile"},"share_on_mastodon":{"url":"https:\/\/pubeurope.com\/@fr\/115268030542995645","error":""},"_links":{"self":[{"href":"https:\/\/www.europesays.com\/fr\/wp-json\/wp\/v2\/posts\/417827","targetHints":{"allow":["GET"]}}],"collection":[{"href":"https:\/\/www.europesays.com\/fr\/wp-json\/wp\/v2\/posts"}],"about":[{"href":"https:\/\/www.europesays.com\/fr\/wp-json\/wp\/v2\/types\/post"}],"author":[{"embeddable":true,"href":"https:\/\/www.europesays.com\/fr\/wp-json\/wp\/v2\/users\/2"}],"replies":[{"embeddable":true,"href":"https:\/\/www.europesays.com\/fr\/wp-json\/wp\/v2\/comments?post=417827"}],"version-history":[{"count":0,"href":"https:\/\/www.europesays.com\/fr\/wp-json\/wp\/v2\/posts\/417827\/revisions"}],"wp:featuredmedia":[{"embeddable":true,"href":"https:\/\/www.europesays.com\/fr\/wp-json\/wp\/v2\/media\/417828"}],"wp:attachment":[{"href":"https:\/\/www.europesays.com\/fr\/wp-json\/wp\/v2\/media?parent=417827"}],"wp:term":[{"taxonomy":"category","embeddable":true,"href":"https:\/\/www.europesays.com\/fr\/wp-json\/wp\/v2\/categories?post=417827"},{"taxonomy":"post_tag","embeddable":true,"href":"https:\/\/www.europesays.com\/fr\/wp-json\/wp\/v2\/tags?post=417827"}],"curies":[{"name":"wp","href":"https:\/\/api.w.org\/{rel}","templated":true}]}}