{"id":417835,"date":"2025-09-26T01:41:15","date_gmt":"2025-09-26T01:41:15","guid":{"rendered":"https:\/\/www.europesays.com\/fr\/417835\/"},"modified":"2025-09-26T01:41:15","modified_gmt":"2025-09-26T01:41:15","slug":"rennes-monaco-le-samedi-brest-et-lorient-le-dimanche-la-programmation-tv-de-la-13e-journee-de-ligue-1","status":"publish","type":"post","link":"https:\/\/www.europesays.com\/fr\/417835\/","title":{"rendered":"Rennes &#8211; Monaco, le samedi, Brest et Lorient le dimanche\u2026 la programmation TV de la 13e journ\u00e9e de Ligue\u00a01"},"content":{"rendered":"<p>Ligue 1 (13e journ\u00e9e)<\/p>\n<p>La Ligue de football professionnel a d\u00e9voil\u00e9 ce jeudi la programmation enti\u00e8re de la 13e journ\u00e9e de Ligue 1. Le Stade Rennais recevra l\u2019AS Monaco le samedi 22 novembre \u00e0 19 h, la rencontre sera diffus\u00e9e sur Ligue 1 +. Le FC Lorient et le Stade Brestois seront \u00e0 l\u2019affiche le dimanche (17 h 15) sur le multiplex de Ligue 1 +, avec le FC Nantes pour les Merlus et le FC Metz pour les Ti-Zefs.<\/p>\n<p>Programmation TV de la 5e journ\u00e9eVendredi 21 novembre (20 h 45) sur Ligue 1 +<\/p>\n<p>OGC Nice \u2013 Olympique de Marseille<\/p>\n<p>Samedi 22 novembre (17 h) sur beIN SPORTS 1<\/p>\n<p>RC Lens \u2013 RC Strasbourg Alsace<\/p>\n<p>19 h sur Ligue 1 +<\/p>\n<p>Stade Rennais FC \u2013 AS Monaco<\/p>\n<p>21 h 05 sur Ligue 1 +<\/p>\n<p>Paris Saint-Germain \u2013 Havre AC<\/p>\n<p>Dimanche 23 novembre (15 h) sur Ligue 1 +<\/p>\n<p>AJ Auxerre \u2013 Olympique Lyonnais<\/p>\n<p>17 h 15 sur Ligue 1 +<\/p>\n<p>FC Nantes \u2013 FC Lorient<\/p>\n<p>Stade Brestois 29 \u2013 FC Metz<\/p>\n<p>Toulouse FC \u2013 Angers SCO<\/p>\n<p>20 h 45 sur Ligue 1 +<\/p>\n","protected":false},"excerpt":{"rendered":"Ligue 1 (13e journ\u00e9e) La Ligue de football professionnel a d\u00e9voil\u00e9 ce jeudi la programmation enti\u00e8re de la&hellip;\n","protected":false},"author":2,"featured_media":417836,"comment_status":"","ping_status":"","sticky":false,"template":"","format":"standard","meta":{"footnotes":""},"categories":[2821],"tags":[1111,11,829,3166,1777,674,3317,63,1011,27,66,12,584,25,60,4449,3087],"class_list":{"0":"post-417835","1":"post","2":"type-post","3":"status-publish","4":"format-standard","5":"has-post-thumbnail","7":"category-rennes","8":"tag-actu","9":"tag-actualites","10":"tag-bretagne","11":"tag-en-continu-sports","12":"tag-eu","13":"tag-europe","14":"tag-fc-lorient","15":"tag-football","16":"tag-fr","17":"tag-france","18":"tag-ligue-1","19":"tag-news","20":"tag-rennes","21":"tag-republique-francaise","22":"tag-sports","23":"tag-stade-brestois","24":"tag-stade-rennais"},"share_on_mastodon":{"url":"https:\/\/pubeurope.com\/@fr\/115268058096086753","error":""},"_links":{"self":[{"href":"https:\/\/www.europesays.com\/fr\/wp-json\/wp\/v2\/posts\/417835","targetHints":{"allow":["GET"]}}],"collection":[{"href":"https:\/\/www.europesays.com\/fr\/wp-json\/wp\/v2\/posts"}],"about":[{"href":"https:\/\/www.europesays.com\/fr\/wp-json\/wp\/v2\/types\/post"}],"author":[{"embeddable":true,"href":"https:\/\/www.europesays.com\/fr\/wp-json\/wp\/v2\/users\/2"}],"replies":[{"embeddable":true,"href":"https:\/\/www.europesays.com\/fr\/wp-json\/wp\/v2\/comments?post=417835"}],"version-history":[{"count":0,"href":"https:\/\/www.europesays.com\/fr\/wp-json\/wp\/v2\/posts\/417835\/revisions"}],"wp:featuredmedia":[{"embeddable":true,"href":"https:\/\/www.europesays.com\/fr\/wp-json\/wp\/v2\/media\/417836"}],"wp:attachment":[{"href":"https:\/\/www.europesays.com\/fr\/wp-json\/wp\/v2\/media?parent=417835"}],"wp:term":[{"taxonomy":"category","embeddable":true,"href":"https:\/\/www.europesays.com\/fr\/wp-json\/wp\/v2\/categories?post=417835"},{"taxonomy":"post_tag","embeddable":true,"href":"https:\/\/www.europesays.com\/fr\/wp-json\/wp\/v2\/tags?post=417835"}],"curies":[{"name":"wp","href":"https:\/\/api.w.org\/{rel}","templated":true}]}}