{"id":417845,"date":"2025-09-26T01:46:28","date_gmt":"2025-09-26T01:46:28","guid":{"rendered":"https:\/\/www.europesays.com\/fr\/417845\/"},"modified":"2025-09-26T01:46:28","modified_gmt":"2025-09-26T01:46:28","slug":"maisons-du-monde-ouvre-un-nouveau-magasin-pour-ecouler-ses-invendus-a-prix-casses-decouvrez-ou","status":"publish","type":"post","link":"https:\/\/www.europesays.com\/fr\/417845\/","title":{"rendered":"Maisons du Monde ouvre un nouveau magasin pour \u00e9couler ses invendus \u00e0 prix cass\u00e9s, d\u00e9couvrez o\u00f9"},"content":{"rendered":"<p>Maisons du Monde se lance dans l\u2019outlet. La c\u00e9l\u00e8bre enseigne d\u2019ameublement fran\u00e7aise va inaugurer ce vendredi 26\u00a0septembre 2025 un nouveau concept pour \u00e9couler \u00e0 prix r\u00e9duits ses\u00a0anciennes collections. Ce magasin de 520\u00a0m\u00b2 ouvrira\u00a0\u00e0 Corbeil-Essonnes (Essonne),\u00a0dans le centre commercial Marques Avenue, rapporte <a href=\"https:\/\/www.lsa-conso.fr\/meuble-et-decoration-maisons-du-monde-ouvre-son-premier-magasin-outlet,462358\" target=\"_blank\" rel=\"noopener\"> LSA <\/a>.<\/p>\n<p>L\u2019objectif est de donner une seconde chance \u00e0 des invendus en d\u00e9coration, petit mobilier et quelques grandes pi\u00e8ces de mobilier. Les articles seront vendus avec une remise minimum de 30\u00a0% sur le\u00a0prix d\u2019origine, tout au long de l\u2019ann\u00e9e.<\/p>\n<p>Maisons du Monde fait face \u00e0 des difficult\u00e9s financi\u00e8res<\/p>\n<p>Maisons du Monde esp\u00e8re ainsi attirer <strong>\u00ab\u00a0de nouveaux clients tout en proposant une offre compl\u00e9mentaire \u00e0 celle des magasins classiques ou du site e-commerce\u00a0\u00bb<\/strong>, indique l\u2019enseigne, cit\u00e9e par le magazine LSA. <a href=\"https:\/\/nantes.maville.com\/actu\/actudet_-maisons-du-monde-espere-le-retour-a-la-croissance-en-depit-de-resultats-negatifs-_52716-6712641_actu.Htm\" target=\"_blank\" rel=\"noopener\">Le groupe conna\u00eet en effet de grandes difficult\u00e9s financi\u00e8res<\/a> depuis 2022. En 2024,\u00a0son r\u00e9sultat net a plong\u00e9 avec une chute des ventes de 11,2\u00a0% et\u00a0une perte de 115,3\u00a0millions d\u2019euros.<\/p>\n<p>En\u00a0mars\u00a02021, <a href=\"https:\/\/nantes.maville.com\/actu\/actudet_-amende-de-900-000-euros-maisons-du-monde-fait-appel-_8-6769765_actu.Htm\" target=\"_blank\" rel=\"noopener\">l\u2019enseigne a \u00e9t\u00e9 condamn\u00e9e\u00a0\u00e0 900\u00a0000\u00a0\u20ac d\u2019amende<\/a> pour des retards de paiement. Une sanction confirm\u00e9e en avril dernier par le tribunal administratif de Nantes. Maisons du Monde a fait appel de cette d\u00e9cision.<\/p>\n<p>\u00a0<\/p>\n","protected":false},"excerpt":{"rendered":"Maisons du Monde se lance dans l\u2019outlet. La c\u00e9l\u00e8bre enseigne d\u2019ameublement fran\u00e7aise va inaugurer ce vendredi 26\u00a0septembre 2025&hellip;\n","protected":false},"author":2,"featured_media":417846,"comment_status":"","ping_status":"","sticky":false,"template":"","format":"standard","meta":{"footnotes":""},"categories":[2818],"tags":[1111,11,54756,3474,54755,1777,674,1011,27,8896,18358,8661,74,766,12,4565,10102,2636,2141,25],"class_list":{"0":"post-417845","1":"post","2":"type-post","3":"status-publish","4":"format-standard","5":"has-post-thumbnail","7":"category-nantes","8":"tag-actu","9":"tag-actualites","10":"tag-casses","11":"tag-decouvrez","12":"tag-ecouler","13":"tag-eu","14":"tag-europe","15":"tag-fr","16":"tag-france","17":"tag-invendus","18":"tag-magasin","19":"tag-maisons","20":"tag-monde","21":"tag-nantes","22":"tag-news","23":"tag-nouveau","24":"tag-ouvre","25":"tag-pays-de-la-loire","26":"tag-prix","27":"tag-republique-francaise"},"share_on_mastodon":{"url":"https:\/\/pubeurope.com\/@fr\/115268077966358430","error":""},"_links":{"self":[{"href":"https:\/\/www.europesays.com\/fr\/wp-json\/wp\/v2\/posts\/417845","targetHints":{"allow":["GET"]}}],"collection":[{"href":"https:\/\/www.europesays.com\/fr\/wp-json\/wp\/v2\/posts"}],"about":[{"href":"https:\/\/www.europesays.com\/fr\/wp-json\/wp\/v2\/types\/post"}],"author":[{"embeddable":true,"href":"https:\/\/www.europesays.com\/fr\/wp-json\/wp\/v2\/users\/2"}],"replies":[{"embeddable":true,"href":"https:\/\/www.europesays.com\/fr\/wp-json\/wp\/v2\/comments?post=417845"}],"version-history":[{"count":0,"href":"https:\/\/www.europesays.com\/fr\/wp-json\/wp\/v2\/posts\/417845\/revisions"}],"wp:featuredmedia":[{"embeddable":true,"href":"https:\/\/www.europesays.com\/fr\/wp-json\/wp\/v2\/media\/417846"}],"wp:attachment":[{"href":"https:\/\/www.europesays.com\/fr\/wp-json\/wp\/v2\/media?parent=417845"}],"wp:term":[{"taxonomy":"category","embeddable":true,"href":"https:\/\/www.europesays.com\/fr\/wp-json\/wp\/v2\/categories?post=417845"},{"taxonomy":"post_tag","embeddable":true,"href":"https:\/\/www.europesays.com\/fr\/wp-json\/wp\/v2\/tags?post=417845"}],"curies":[{"name":"wp","href":"https:\/\/api.w.org\/{rel}","templated":true}]}}