{"id":417851,"date":"2025-09-26T01:49:23","date_gmt":"2025-09-26T01:49:23","guid":{"rendered":"https:\/\/www.europesays.com\/fr\/417851\/"},"modified":"2025-09-26T01:49:23","modified_gmt":"2025-09-26T01:49:23","slug":"bergerac-bordeaux-aquitele-diffusera-le-match-de-coupe-de-france","status":"publish","type":"post","link":"https:\/\/www.europesays.com\/fr\/417851\/","title":{"rendered":"Bergerac-Bordeaux : Aquit\u00e9l\u00e9 diffusera le match de Coupe de France"},"content":{"rendered":"<p>\n    25\/09 &#8211; 17:30 | Par Nicolas Pietrelli | Il y a<br \/>\n    10 heures\n  <\/p>\n<p><strong>Les supporters des Girondins de Bordeaux peuvent souffler : le 4e tour de Coupe de France face \u00e0 Bergerac sera finalement diffus\u00e9 en direct par Aquit\u00e9l\u00e9. Le coup d\u2019envoi est pr\u00e9vu samedi 27 septembre \u00e0 20h au Stade Gaston-Simounet, avec une prise d\u2019antenne d\u00e8s 19h45.<\/strong><\/p>\n<p><img decoding=\"async\" src=\"https:\/\/www.europesays.com\/fr\/wp-content\/uploads\/2025\/08\/671_4f675f2a275942bc173ef80e3b72ea2d.jpg\" alt=\"Bergerac-Bordeaux : Aquit\u00e9l\u00e9 diffusera le match de Coupe de France \" class=\"img-responsive mt-3\"\/><\/p>\n<p class=\"text-center mb-3\" style=\"font-size: 14px\">\u00a9 Iconsport<\/p>\n<p>      <strong>Une diffusion en direct pour Bergerac\u2013Bordeaux en Coupe de France<\/strong><\/p>\n<p style=\"text-align: justify;\">\u00a0<\/p>\n<p style=\"text-align: justify;\">Cette recontre se joue samedi 27 septembre au Stade Gaston-Simounet de Bergerac \u00e0 20h. La prise d&rsquo;Antenne <a href=\"https:\/\/www.aquitele.fr\/index.php\" target=\"_blank\" rel=\"noopener\">d&rsquo;Aquit\u00e9l\u00e9<\/a> est \u00e0 19h45.<\/p>\n<p>Nous vous proposons \u00e9galement un live texte du match sur notre site, et le d\u00e9brief \u00e0 Chaud sur WebGirondins d\u00e8s 22h \u00e0 suivre sur la ch\u00e2ine YouTube de WebGirondins.<\/p>\n<p><img decoding=\"async\" src=\"https:\/\/www.europesays.com\/fr\/wp-content\/uploads\/2025\/09\/Capture d\u2019e\u0301cran 2025-09-25 a\u0300 17.23.00.png\" alt=\"Capture d\u2019e\u0301cran 2025-09-25 a\u0300 17.23.00.png (2.07 MB)\" style=\"width:600px;max-width:100%;\"\/><\/p>\n<p>\u00c0 lire aussi :<\/p>\n<p>    <a href=\"https:\/\/www.webgirondins.com\/actualites-categorie-coupe-de-france-5\" target=\"_blank\" rel=\"noopener\">#Coupe de France<\/a><\/p>\n<p>  COMMENTAIRES<br \/>\n  ()<\/p>\n","protected":false},"excerpt":{"rendered":"25\/09 &#8211; 17:30 | Par Nicolas Pietrelli | Il y a 10 heures Les supporters des Girondins de&hellip;\n","protected":false},"author":2,"featured_media":333091,"comment_status":"","ping_status":"","sticky":false,"template":"","format":"standard","meta":{"footnotes":""},"categories":[2817],"tags":[1111,11,52042,8371,1997,615,22707,54757,814,1777,674,2823,17515,1011,27,1987,955,12,2219,10936,25,6690,38024,10221,3584],"class_list":{"0":"post-417851","1":"post","2":"type-post","3":"status-publish","4":"format-standard","5":"has-post-thumbnail","7":"category-bordeaux","8":"tag-actu","9":"tag-actualites","10":"tag-aquitele","11":"tag-bergerac","12":"tag-bordeaux","13":"tag-coupe","14":"tag-diffuse","15":"tag-diffusera","16":"tag-direct","17":"tag-eu","18":"tag-europe","19":"tag-face","20":"tag-finalement","21":"tag-fr","22":"tag-france","23":"tag-girondins","24":"tag-match","25":"tag-news","26":"tag-nouvelle-aquitaine","27":"tag-peuvent","28":"tag-republique-francaise","29":"tag-sera","30":"tag-souffler","31":"tag-supporters","32":"tag-tour"},"share_on_mastodon":{"url":"https:\/\/pubeurope.com\/@fr\/115268090497787368","error":""},"_links":{"self":[{"href":"https:\/\/www.europesays.com\/fr\/wp-json\/wp\/v2\/posts\/417851","targetHints":{"allow":["GET"]}}],"collection":[{"href":"https:\/\/www.europesays.com\/fr\/wp-json\/wp\/v2\/posts"}],"about":[{"href":"https:\/\/www.europesays.com\/fr\/wp-json\/wp\/v2\/types\/post"}],"author":[{"embeddable":true,"href":"https:\/\/www.europesays.com\/fr\/wp-json\/wp\/v2\/users\/2"}],"replies":[{"embeddable":true,"href":"https:\/\/www.europesays.com\/fr\/wp-json\/wp\/v2\/comments?post=417851"}],"version-history":[{"count":0,"href":"https:\/\/www.europesays.com\/fr\/wp-json\/wp\/v2\/posts\/417851\/revisions"}],"wp:featuredmedia":[{"embeddable":true,"href":"https:\/\/www.europesays.com\/fr\/wp-json\/wp\/v2\/media\/333091"}],"wp:attachment":[{"href":"https:\/\/www.europesays.com\/fr\/wp-json\/wp\/v2\/media?parent=417851"}],"wp:term":[{"taxonomy":"category","embeddable":true,"href":"https:\/\/www.europesays.com\/fr\/wp-json\/wp\/v2\/categories?post=417851"},{"taxonomy":"post_tag","embeddable":true,"href":"https:\/\/www.europesays.com\/fr\/wp-json\/wp\/v2\/tags?post=417851"}],"curies":[{"name":"wp","href":"https:\/\/api.w.org\/{rel}","templated":true}]}}