{"id":417856,"date":"2025-09-26T01:54:18","date_gmt":"2025-09-26T01:54:18","guid":{"rendered":"https:\/\/www.europesays.com\/fr\/417856\/"},"modified":"2025-09-26T01:54:18","modified_gmt":"2025-09-26T01:54:18","slug":"dimanche-04-janvier-2026-le-theatre-du-casino-barriere-lille-accueillera-le-concert-symphonique-immersif-il-etait-une-fois-ennio-morricone-et-nino-rota","status":"publish","type":"post","link":"https:\/\/www.europesays.com\/fr\/417856\/","title":{"rendered":"Dimanche 04 janvier 2026, le Th\u00e9\u00e2tre du Casino Barri\u00e8re Lille accueillera le concert symphonique immersif \u00ab\u00a0Il \u00e9tait une fois&#8230; Ennio Morricone et Nino Rota\u00a0\u00bb"},"content":{"rendered":"<p style=\"text-align: justify;\"><strong>Dimanche 04 janvier 2026 \u00e0 13h30 &amp; 17h30, <\/strong>le <strong>Th\u00e9\u00e2tre S\u00e9bastopol de Lille <\/strong>accueillera le <strong>concert symphonique immersif\u00a0<\/strong> <strong>\u00ab\u00a0Il \u00e9tait une fois\u2026 Ennio Morricone\u00a0\u00bb !<\/strong><\/p>\n<\/p>\n<p style=\"text-align: justify;\">Il \u00e9tait une fois\u2026 Ennio Morricone<br \/>Ce <strong>concert symphonique immersif<\/strong> propose<strong> un voyage sensoriel unique,<\/strong> o\u00f9<strong> musique, lumi\u00e8re<\/strong> et<strong> image<\/strong> se rencontrent pour <strong>sublimer les \u0153uvres<\/strong> d\u2019<strong>Ennio Morricone<\/strong> et <strong>Nino Rota.\u00a0<\/strong><\/p>\n<p><img loading=\"lazy\" decoding=\"async\" width=\"1024\" height=\"1024\" src=\"https:\/\/www.europesays.com\/fr\/wp-content\/uploads\/2025\/09\/morricone_rota-lille_01-1024x1024.jpg\" alt=\"\" class=\"wp-image-87335\" style=\"aspect-ratio:1;width:450px;height:auto\"  \/><\/p>\n<p style=\"text-align: justify;\"><strong>Sous la direction de<\/strong> <strong>Marcello Rota,<\/strong> <strong>chef d\u2019orchestre de renomm\u00e9e internationale <\/strong>et <strong>neveu de Nino Rota,<\/strong> les <strong>c\u00e9l\u00e8bres solistes<\/strong> <strong>Nello Salza<\/strong> (trompette), <strong>Ludovico Fulci<\/strong> (piano) et <strong>Susanna Rigacci<\/strong> (soprano), qui ont <strong>collabor\u00e9 pendant plus de 30 ans<\/strong> avec <strong>Ennio Morricone<\/strong> avec <strong>plus de 500 concerts \u00e0 travers le monde, interpr\u00e8tent des pi\u00e8ces magistrales du r\u00e9pertoire.<\/strong> Vivez les <strong>moments cl\u00e9s de leurs carri\u00e8res exceptionnelles<\/strong> \u00e0 travers les <strong>musiques de films<\/strong> de <strong>Sergio Leone<\/strong> (Le Bon, la Brute et le Truand,\u00a0Il \u00e9tait une fois dans l\u2019Ouest\u2026), <strong>Francis Ford Coppola<\/strong> (Le Parrain\u2026) ou encore <strong>Federico Fellini <\/strong>(La Strada).<\/p>\n<p><img decoding=\"async\" loading=\"lazy\" width=\"9\" height=\"9\" src=\"https:\/\/www.europesays.com\/fr\/wp-content\/uploads\/2025\/04\/1744722321_833_arrow.png\" alt=\"Puce\"\/> <strong>Tarif<\/strong> : \u00e0 partir de 45\u20ac<\/p>\n<p><img decoding=\"async\" loading=\"lazy\" width=\"9\" height=\"9\" src=\"https:\/\/www.europesays.com\/fr\/wp-content\/uploads\/2025\/04\/1744722321_833_arrow.png\" alt=\"Puce\"\/> <strong>Billetterie s\u00e9ance de 13h30 &gt;&gt;&gt;<\/strong> <a href=\"https:\/\/billetterie-indigo-productions.tickandlive.com\/reserver\/il-etait-une-fois-ennio-morricone-nino-rota\/125686\" target=\"_blank\" rel=\"noreferrer noopener\">cliquez ici !!!<\/a><\/p>\n<p><img decoding=\"async\" loading=\"lazy\" width=\"9\" height=\"9\" src=\"https:\/\/www.europesays.com\/fr\/wp-content\/uploads\/2025\/04\/1744722321_833_arrow.png\" alt=\"Puce\"\/> <strong>Billetterie s\u00e9ance de 17h30&gt;&gt;<\/strong>&gt; <a href=\"https:\/\/billetterie-indigo-productions.tickandlive.com\/reserver\/il-etait-une-fois-ennio-morricone-nino-rota\/116089\" target=\"_blank\" rel=\"noreferrer noopener\">cliquez ici !!!<\/a><\/p>\n<p class=\"has-text-align-right\">Source : Haracom \u2013 Photo : DR \u2013 \u00a9 Indigo Productions \/ \u00a9 Verdi Op\u00e9ra<\/p>\n","protected":false},"excerpt":{"rendered":"Dimanche 04 janvier 2026 \u00e0 13h30 &amp; 17h30, le Th\u00e9\u00e2tre S\u00e9bastopol de Lille accueillera le concert symphonique immersif\u00a0&hellip;\n","protected":false},"author":2,"featured_media":417857,"comment_status":"","ping_status":"","sticky":false,"template":"","format":"standard","meta":{"footnotes":""},"categories":[2815],"tags":[54759,1111,11,1697,54760,1777,674,13847,1011,27,28777,811,1307,54761,54762,54763,12,54764,25,54765,54766,9429],"class_list":{"0":"post-417856","1":"post","2":"type-post","3":"status-publish","4":"format-standard","5":"has-post-thumbnail","7":"category-lille","8":"tag-04-janvier-2026","9":"tag-actu","10":"tag-actualites","11":"tag-concert","12":"tag-ennio-morricone","13":"tag-eu","14":"tag-europe","15":"tag-federico-fellini","16":"tag-fr","17":"tag-france","18":"tag-francis-ford-coppola","19":"tag-hauts-de-france","20":"tag-lille","21":"tag-ludovico-fulci","22":"tag-marcello-rota","23":"tag-nello-salza","24":"tag-news","25":"tag-nino-rota","26":"tag-republique-francaise","27":"tag-sergio-leone","28":"tag-susanna-rigacci","29":"tag-theatre-sebastopol"},"share_on_mastodon":{"url":"https:\/\/pubeurope.com\/@fr\/115268109315393015","error":""},"_links":{"self":[{"href":"https:\/\/www.europesays.com\/fr\/wp-json\/wp\/v2\/posts\/417856","targetHints":{"allow":["GET"]}}],"collection":[{"href":"https:\/\/www.europesays.com\/fr\/wp-json\/wp\/v2\/posts"}],"about":[{"href":"https:\/\/www.europesays.com\/fr\/wp-json\/wp\/v2\/types\/post"}],"author":[{"embeddable":true,"href":"https:\/\/www.europesays.com\/fr\/wp-json\/wp\/v2\/users\/2"}],"replies":[{"embeddable":true,"href":"https:\/\/www.europesays.com\/fr\/wp-json\/wp\/v2\/comments?post=417856"}],"version-history":[{"count":0,"href":"https:\/\/www.europesays.com\/fr\/wp-json\/wp\/v2\/posts\/417856\/revisions"}],"wp:featuredmedia":[{"embeddable":true,"href":"https:\/\/www.europesays.com\/fr\/wp-json\/wp\/v2\/media\/417857"}],"wp:attachment":[{"href":"https:\/\/www.europesays.com\/fr\/wp-json\/wp\/v2\/media?parent=417856"}],"wp:term":[{"taxonomy":"category","embeddable":true,"href":"https:\/\/www.europesays.com\/fr\/wp-json\/wp\/v2\/categories?post=417856"},{"taxonomy":"post_tag","embeddable":true,"href":"https:\/\/www.europesays.com\/fr\/wp-json\/wp\/v2\/tags?post=417856"}],"curies":[{"name":"wp","href":"https:\/\/api.w.org\/{rel}","templated":true}]}}