{"id":417858,"date":"2025-09-26T01:55:42","date_gmt":"2025-09-26T01:55:42","guid":{"rendered":"https:\/\/www.europesays.com\/fr\/417858\/"},"modified":"2025-09-26T01:55:42","modified_gmt":"2025-09-26T01:55:42","slug":"giroud-bat-un-nouveau-record-au-niveau-europeen-c3-j1-lille-brann-2-1","status":"publish","type":"post","link":"https:\/\/www.europesays.com\/fr\/417858\/","title":{"rendered":"Giroud bat un nouveau record au niveau europ\u00e9en &#8211; C3 &#8211; J1 &#8211; Lille-Brann (2-1)"},"content":{"rendered":"<p>Mais o\u00f9 s\u2019arr\u00eatera-t-il ?<\/p>\n<p><a target=\"_blank\" href=\"https:\/\/www.sofoot.com\/articles\/ligue-europa-olivier-giroud-sort-lille-du-piege-tendu-par-brann\" rel=\"nofollow noopener\">Sorti du banc contre Brann ce jeudi<\/a>, <strong>Olivier Giroud a \u00e9crit une nouvelle page de sa l\u00e9gende<\/strong> en offrant la victoire au LOSC, d\u2019un coup de t\u00eate imparable, \u00e0 la 80e minute (2-1). Son troisi\u00e8me but sous le maillot des Dogues, pas anodin puisqu\u2019il lui permet de <strong>devenir,\u00a0\u00e0 38 ans et 360 jours, le buteur fran\u00e7ais le plus \u00e2g\u00e9<\/strong> de l\u2019histoire des Coupes d\u2019Europe. Le meilleur buteur de l\u2019histoire de l\u2019\u00e9quipe de France est aussi devenu <strong>le deuxi\u00e8me joueur fran\u00e7ais le plus \u00e2g\u00e9 \u00e0 disputer un match de C1, de C2, de C3 ou de C4<\/strong>, \u00e0 38 ans et 360 jours. Seul l\u2019ancien gardien de Nancy, Bruno Ferrero, fait mieux (39 ans et 302 jours).<\/p>\n<p>Celui-l\u00e0 sera difficile \u00e0 aller chercher.<\/p>\n<p>\t\t\t\t\t\t\t\t\t\t<a class=\"lien-connexe\" href=\"https:\/\/www.sofoot.com\/articles\/ligue-europa-olivier-giroud-sort-lille-du-piege-tendu-par-brann\" rel=\"nofollow noopener\" target=\"_blank\">Giroud sort le LOSC du pi\u00e8ge tendu par Brann<\/a>\t\t\t\t\t<\/p>\n","protected":false},"excerpt":{"rendered":"Mais o\u00f9 s\u2019arr\u00eatera-t-il ? Sorti du banc contre Brann ce jeudi, Olivier Giroud a \u00e9crit une nouvelle page&hellip;\n","protected":false},"author":2,"featured_media":417859,"comment_status":"","ping_status":"","sticky":false,"template":"","format":"standard","meta":{"footnotes":""},"categories":[2815],"tags":[1111,47,11,61,69,65,64,1777,674,63,1011,27,811,68,66,1307,12,62,70,25,67],"class_list":{"0":"post-417858","1":"post","2":"type-post","3":"status-publish","4":"format-standard","5":"has-post-thumbnail","7":"category-lille","8":"tag-actu","9":"tag-actualite","10":"tag-actualites","11":"tag-actus-football","12":"tag-bundesliga","13":"tag-championnats-europeens","14":"tag-equipe-de-france","15":"tag-eu","16":"tag-europe","17":"tag-football","18":"tag-fr","19":"tag-france","20":"tag-hauts-de-france","21":"tag-ligua","22":"tag-ligue-1","23":"tag-lille","24":"tag-news","25":"tag-news-foot","26":"tag-premier-league","27":"tag-republique-francaise","28":"tag-serie-a"},"share_on_mastodon":{"url":"https:\/\/pubeurope.com\/@fr\/115268113137985259","error":""},"_links":{"self":[{"href":"https:\/\/www.europesays.com\/fr\/wp-json\/wp\/v2\/posts\/417858","targetHints":{"allow":["GET"]}}],"collection":[{"href":"https:\/\/www.europesays.com\/fr\/wp-json\/wp\/v2\/posts"}],"about":[{"href":"https:\/\/www.europesays.com\/fr\/wp-json\/wp\/v2\/types\/post"}],"author":[{"embeddable":true,"href":"https:\/\/www.europesays.com\/fr\/wp-json\/wp\/v2\/users\/2"}],"replies":[{"embeddable":true,"href":"https:\/\/www.europesays.com\/fr\/wp-json\/wp\/v2\/comments?post=417858"}],"version-history":[{"count":0,"href":"https:\/\/www.europesays.com\/fr\/wp-json\/wp\/v2\/posts\/417858\/revisions"}],"wp:featuredmedia":[{"embeddable":true,"href":"https:\/\/www.europesays.com\/fr\/wp-json\/wp\/v2\/media\/417859"}],"wp:attachment":[{"href":"https:\/\/www.europesays.com\/fr\/wp-json\/wp\/v2\/media?parent=417858"}],"wp:term":[{"taxonomy":"category","embeddable":true,"href":"https:\/\/www.europesays.com\/fr\/wp-json\/wp\/v2\/categories?post=417858"},{"taxonomy":"post_tag","embeddable":true,"href":"https:\/\/www.europesays.com\/fr\/wp-json\/wp\/v2\/tags?post=417858"}],"curies":[{"name":"wp","href":"https:\/\/api.w.org\/{rel}","templated":true}]}}