{"id":417869,"date":"2025-09-26T02:03:11","date_gmt":"2025-09-26T02:03:11","guid":{"rendered":"https:\/\/www.europesays.com\/fr\/417869\/"},"modified":"2025-09-26T02:03:11","modified_gmt":"2025-09-26T02:03:11","slug":"james-comey-ex-directeur-du-fbi-inculpe-par-la-justice-americaine-pour-entrave-et-fausses-declarations","status":"publish","type":"post","link":"https:\/\/www.europesays.com\/fr\/417869\/","title":{"rendered":"James Comey, ex-directeur du FBI, inculp\u00e9 par la justice am\u00e9ricaine pour entrave et fausses d\u00e9clarations"},"content":{"rendered":"<p>                          <img loading=\"lazy\" decoding=\"async\" src=\"https:\/\/www.europesays.com\/fr\/wp-content\/uploads\/2025\/09\/2124734_ftp-import-images-1-scfwkcdeqa09-08757094cd424a88b080c846473562d0-0-b1342a8b3a5d4b979f997205.jpeg\" alt=\"L\u2019ancien directeur de la police f\u00e9d\u00e9rale am\u00e9ricaine (FBI) James Comey (2013-2017) s\u2019exprime lors d\u2019une audience de la commission s\u00e9natoriale du renseignement, au\u00a0Capitole, \u00e0 Washington, le 8\u00a0juin 2017.\"   width=\"664\" height=\"443\"\/>    L\u2019ancien directeur de la police f\u00e9d\u00e9rale am\u00e9ricaine (FBI) James Comey (2013-2017) s\u2019exprime lors d\u2019une audience de la commission s\u00e9natoriale du renseignement, au\u00a0Capitole, \u00e0 Washington, le 8\u00a0juin 2017.  ANDREW HARNIK \/ AP                          <\/p>\n<p class=\"article__paragraph  \">L\u2019ancien directeur de la police f\u00e9d\u00e9rale (FBI) James Comey a \u00e9t\u00e9 inculp\u00e9, jeudi 25\u00a0septembre, pour entrave \u00e0 la justice et fausses d\u00e9clarations, a annonc\u00e9 le minist\u00e8re de la justice am\u00e9ricain.<\/p>\n<p class=\"article__paragraph  \">\u00ab\u00a0Aujourd\u2019hui, un grand jury f\u00e9d\u00e9ral [une commission de citoyens investie de pouvoirs d\u2019enqu\u00eate] a inculp\u00e9 l\u2019ancien directeur du FBI, James Comey, d\u2019infractions graves li\u00e9es \u00e0 la divulgation d\u2019informations sensibles\u00a0\u00bb, a d\u00e9clar\u00e9 le minist\u00e8re dans un communiqu\u00e9.<\/p>\n<p class=\"article__paragraph  \">Donald Trump a aussit\u00f4t salu\u00e9 sur son r\u00e9seau Truth Social l\u2019inculpation de celui qui fut directeur de la police f\u00e9d\u00e9rale de 2013 \u00e0 2017. \u00ab\u00a0Justice en Am\u00e9rique\u00a0!\u00a0\u00bb, a \u00e9crit le pr\u00e9sident am\u00e9ricain, qui avait publiquement appel\u00e9 \u00e0 s\u00e9vir contre James Comey et d\u2019autres personnalit\u00e9s, d\u00e9crivant l\u2019ex-chef du FBI, comme \u00ab\u00a0l\u2019un des pires \u00eatres humains que ce pays ait connu\u00a0\u00bb.<\/p>\n<p class=\"article__paragraph  \">\u00ab\u00a0Je n\u2019ai pas peur\u00a0\u00bb a r\u00e9agi jeudi James Comey\u00a0apr\u00e8s son inculpation, en ajoutant que \u00ab\u00a0la peur \u00e9tait l\u2019arme des tyrans\u00a0\u00bb. \u00ab\u00a0Ma famille et moi savons depuis des ann\u00e9es qu\u2019il en co\u00fbte de s\u2019opposer \u00e0 Donald Trump. (\u2026) Nous ne vivrons pas \u00e0 genoux, et vous ne devriez pas le faire non plus\u00a0\u00bb, a-t-il\u00a0d\u00e9clar\u00e9\u00a0dans un message vid\u00e9o publi\u00e9 sur Instagram, en concluant\u00a0: \u00ab\u00a0J\u2019ai confiance dans la justice f\u00e9d\u00e9rale et je suis innocent. Alors rendez-vous au proc\u00e8s et gardez la foi.\u00a0\u00bb<\/p>\n<p class=\"article__paragraph  \">Durant son premier mandat (2017-2021), Donald Trump avait brutalement limog\u00e9 James Comey du FBI, en\u00a02017, quand ce dernier enqu\u00eatait sur des soup\u00e7ons d\u2019ing\u00e9rences \u00e9trang\u00e8res. Il l\u2019avait ensuite accus\u00e9 d\u2019avoir menti devant le Congr\u00e8s.<\/p>\n<p>                                       Lire aussi (2018) |  Article r\u00e9serv\u00e9 \u00e0 nos abonn\u00e9s  <a href=\"https:\/\/www.lemonde.fr\/ameriques\/article\/2018\/04\/17\/james-comey-les-americains-doivent-reflechir-aux-dommages-infliges-par-donald-trump-aux-valeurs-du-pays_5286352_3222.html\" class=\"js-article-read-also catcher--favoris__link\" data-premium=\"1\" id=\"article-title-295004\" rel=\"nofollow noopener\" target=\"_blank\">James Comey\u00a0: \u00ab\u00a0Les Am\u00e9ricains doivent r\u00e9fl\u00e9chir aux dommages inflig\u00e9s par Donald Trump aux valeurs du pays\u00a0\u00bb<\/a>    <\/p>\n<p>   Lire plus tard  <\/p>\n<p>                          Jusqu\u2019\u00e0 cinq ans de prison                    <\/p>\n<p class=\"article__paragraph  \">Il y a quelques jours, Donald Trump avait exhort\u00e9 publiquement la ministre de la justice, Pam Bondi, \u00e0 poursuivre plusieurs de ses adversaires politiques.<\/p>\n<p class=\"article__paragraph  \">Il s\u2019\u00e9tait aussi targu\u00e9 d\u2019avoir renvoy\u00e9 un procureur f\u00e9d\u00e9ral qui avait refus\u00e9 d\u2019engager des poursuites contre James Comey et contre la procureure g\u00e9n\u00e9rale de l\u2019Etat de New York, Letitia James, une autre des b\u00eates noires du pr\u00e9sident am\u00e9ricain. \u00ab\u00a0Il n\u2019a pas d\u00e9missionn\u00e9, je l\u2019ai renvoy\u00e9\u00a0\u00bb, avait-il lanc\u00e9 au sujet du procureur f\u00e9d\u00e9ral du district est de Virginie, Erik Siebert, dont des m\u00e9dias avaient annonc\u00e9 le d\u00e9part.<\/p>\n<p>                                       Lire aussi (2017) |  <a href=\"https:\/\/www.lemonde.fr\/les-decodeurs\/article\/2017\/06\/08\/comprendre-l-affaire-entre-trump-et-l-ancien-directeur-du-fbi-james-comey-en-4-questions_5140921_4355770.html\" class=\"js-article-read-also catcher--favoris__link\" data-premium=\"\" id=\"article-title-195456\" rel=\"nofollow noopener\" target=\"_blank\">Comprendre l\u2019affaire entre Trump et l\u2019ancien directeur du FBI, James Comey, en 4 questions<\/a>    <\/p>\n<p>   Lire plus tard  <\/p>\n<p class=\"article__paragraph  \">Selon un communiqu\u00e9 de la rempla\u00e7ante de M.\u00a0Siebert, Lindsey Halligan, fra\u00eechement nomm\u00e9e par Donald Trump, les infractions reproch\u00e9es \u00e0 James Comey sont li\u00e9es \u00e0 \u00ab\u00a0son t\u00e9moignage oral devant une commission du S\u00e9nat des Etats-Unis, le 30\u00a0septembre\u00a02020\u00a0\u00bb. \u00ab\u00a0Ces inculpations (\u2026) [r\u00e9v\u00e8lent] un abus de la confiance du public \u00e0 un niveau extraordinaire\u00a0\u00bb, a-t-elle fait savoir dans ce communiqu\u00e9, qui pr\u00e9cise que l\u2019ex-directeur du FBI encourt jusqu\u2019\u00e0 cinq\u00a0ans de prison s\u2019il est reconnu coupable.<\/p>\n<p class=\"author__detail\">  Le Monde avec AFP  <\/p>\n<p>                  <a href=\"https:\/\/www.lemonde.fr\/syndication\/\" class=\"reuse__content\" title=\"R\u00e9utiliser ce contenu\" target=\"_blank\" rel=\"nofollow noopener\">R\u00e9utiliser ce contenu<\/a>      <\/p>\n","protected":false},"excerpt":{"rendered":"L\u2019ancien directeur de la police f\u00e9d\u00e9rale am\u00e9ricaine (FBI) James Comey (2013-2017) s\u2019exprime lors d\u2019une audience de la commission&hellip;\n","protected":false},"author":2,"featured_media":417870,"comment_status":"","ping_status":"","sticky":false,"template":"","format":"standard","meta":{"footnotes":""},"categories":[1888],"tags":[1111,1928,11,1927,1777,674,1011,27,12,1926,626,1925,25],"class_list":{"0":"post-417869","1":"post","2":"type-post","3":"status-publish","4":"format-standard","5":"has-post-thumbnail","7":"category-paris","8":"tag-actu","9":"tag-actu-paris","10":"tag-actualites","11":"tag-actualites-paris","12":"tag-eu","13":"tag-europe","14":"tag-fr","15":"tag-france","16":"tag-news","17":"tag-news-paris","18":"tag-paris","19":"tag-paris-news","20":"tag-republique-francaise"},"share_on_mastodon":{"url":"https:\/\/pubeurope.com\/@fr\/115268145185164753","error":""},"_links":{"self":[{"href":"https:\/\/www.europesays.com\/fr\/wp-json\/wp\/v2\/posts\/417869","targetHints":{"allow":["GET"]}}],"collection":[{"href":"https:\/\/www.europesays.com\/fr\/wp-json\/wp\/v2\/posts"}],"about":[{"href":"https:\/\/www.europesays.com\/fr\/wp-json\/wp\/v2\/types\/post"}],"author":[{"embeddable":true,"href":"https:\/\/www.europesays.com\/fr\/wp-json\/wp\/v2\/users\/2"}],"replies":[{"embeddable":true,"href":"https:\/\/www.europesays.com\/fr\/wp-json\/wp\/v2\/comments?post=417869"}],"version-history":[{"count":0,"href":"https:\/\/www.europesays.com\/fr\/wp-json\/wp\/v2\/posts\/417869\/revisions"}],"wp:featuredmedia":[{"embeddable":true,"href":"https:\/\/www.europesays.com\/fr\/wp-json\/wp\/v2\/media\/417870"}],"wp:attachment":[{"href":"https:\/\/www.europesays.com\/fr\/wp-json\/wp\/v2\/media?parent=417869"}],"wp:term":[{"taxonomy":"category","embeddable":true,"href":"https:\/\/www.europesays.com\/fr\/wp-json\/wp\/v2\/categories?post=417869"},{"taxonomy":"post_tag","embeddable":true,"href":"https:\/\/www.europesays.com\/fr\/wp-json\/wp\/v2\/tags?post=417869"}],"curies":[{"name":"wp","href":"https:\/\/api.w.org\/{rel}","templated":true}]}}