{"id":417881,"date":"2025-09-26T02:09:15","date_gmt":"2025-09-26T02:09:15","guid":{"rendered":"https:\/\/www.europesays.com\/fr\/417881\/"},"modified":"2025-09-26T02:09:15","modified_gmt":"2025-09-26T02:09:15","slug":"lex-directeur-du-fbi-james-comey-inculpe-pour-entrave-a-la-justice-et-fausses-declarations","status":"publish","type":"post","link":"https:\/\/www.europesays.com\/fr\/417881\/","title":{"rendered":"L\u2019ex-directeur du FBI James Comey inculp\u00e9 pour entrave \u00e0 la justice et fausses d\u00e9clarations"},"content":{"rendered":"<p>L\u2019<a href=\"https:\/\/www.20minutes.fr\/monde\/etats-unis\/4153974-20250516-etats-unis-pourquoi-code-8647-apparu-post-ex-patron-fbi-inquiete-justice\" class=\"c-link c-link--is-underlined\" target=\"_blank\" rel=\"noopener\">ancien directeur du FBI, James Comey<\/a>, a \u00e9t\u00e9 inculp\u00e9 jeudi soir pour entrave \u00e0 la justice et fausses d\u00e9clarations, a annonc\u00e9 le minist\u00e8re de la Justice. \u00ab\u00a0Personne n\u2019est au-dessus de la loi\u00a0\u00bb, dit la procureure g\u00e9n\u00e9rale des \u00c9tats-Unis, Pam Bondi qui pr\u00e9cise la d\u00e9termination de son minist\u00e8re \u00e0 \u00ab\u00a0tenir pour responsables ceux qui abusent de leur position de pouvoir pour tromper le peuple am\u00e9ricain\u00a0\u00bb.<\/p>\n<blockquote class=\"twitter-tweet\" align=\"center\" data-lang=\"fr_FR\">\n<p lang=\"en\" dir=\"ltr\">No one is above the law. Today\u2019s indictment reflects this Department of Justice\u2019s commitment to holding those who abuse positions of power accountable for misleading the American people. We will follow the facts in this case.<\/p>\n<p>\u2014 Attorney General Pamela Bondi (@AGPamBondi) <a href=\"https:\/\/twitter.com\/AGPamBondi\/status\/1971345371583611099?ref_src=twsrc%5Etfw\" target=\"_blank\" rel=\"noopener\">September 25, 2025<\/a><\/p><\/blockquote>\n<p class=\"mb-xxl@xs color-ultramarine font-weight-semi-bold@xs font-source-serif-pro heading-s@xs\">L\u2019acc\u00e8s \u00e0 ce contenu a \u00e9t\u00e9 bloqu\u00e9 afin de respecter votre choix de consentement<\/p>\n<p class=\"mb-m@xs text-l@xs\">En cliquant sur\u00ab J\u2019accepte \u00bb, vous acceptez le d\u00e9p\u00f4t de cookies par des services externes et aurez ainsi acc\u00e8s aux contenus de nos partenaires.<\/p>\n<p class=\"mb-xl@xs text-s@xs\">Plus d\u2019informations sur la page<a href=\"https:\/\/www.20minutes.fr\/gestion-cookies\" class=\"mx-xxs@xs color-ultramarine\" target=\"_blank\" rel=\"noopener\">Politique de gestion des cookies<\/a><\/p>\n<p>J\u2019accepte<\/p>\n<p>Selon un <a href=\"https:\/\/www.justice.gov\/opa\/pr\/attorney-general-bondi-director-patel-statements-regarding-indictment-former-fbi-director\" rel=\"nofollow noopener\" target=\"_blank\" class=\"c-link c-link--is-underlined\">communiqu\u00e9 officiel<\/a>, les charges portent sur \u00ab\u00a0des infractions graves li\u00e9es \u00e0 la divulgation d\u2019informations sensibles\u00a0\u00bb et \u00e0 un t\u00e9moignage devant une commission du S\u00e9nat en septembre\u00a02020.<\/p>\n<p>\u00ab\u00a0Justice en Am\u00e9rique\u00a0!\u00a0\u00bb<\/p>\n<p>James Comey, limog\u00e9 brutalement par Donald Trump en\u00a02017 alors qu\u2019il enqu\u00eatait sur des soup\u00e7ons d\u2019ing\u00e9rences russes dans la campagne pr\u00e9sidentielle am\u00e9ricaine de\u00a02016, encourt jusqu\u2019\u00e0 cinq ans de prison s\u2019il est reconnu coupable.<\/p>\n<p><img decoding=\"async\" alt=\"Aussit\u00f4t l'annonce de l'inculpation tomb\u00e9e, le pr\u00e9sident am\u00e9ricain triomphe en ligne.\" class=\"c-img\" loading=\"lazy\" fetchpriority=\"auto\" width=\"718\"  src=\"https:\/\/img.20mn.fr\/4c9aXMgJTJGZ2NDdLw1I9Ck\/718x0\" \/>Aussit\u00f4t l&rsquo;annonce de l&rsquo;inculpation tomb\u00e9e, le pr\u00e9sident am\u00e9ricain triomphe en ligne.\u2002-\u00a0@realdonaldtrump<\/p>\n<p>Quelques minutes apr\u00e8s l\u2019annonce, Donald Trump triomphe sur son r\u00e9seau Truth Social. \u00ab\u00a0JUSTICE EN AMERIQUE\u00a0!\u00a0\u00bb, a-t-il \u00e9crit, qualifiant James Comey de \u00ab\u00a0l\u2019un des pires \u00eatres humains que ce pays ait connu\u00a0\u00bb. Une inculpation qui survient quelques jours seulement apr\u00e8s que le pr\u00e9sident am\u00e9ricain a exhort\u00e9 publiquement Pam Bondi \u00e0 engager des poursuites contre plusieurs de ses adversaires politiques, parmi lesquels James Comey.<\/p>\n<p><a href=\"https:\/\/www.20minutes.fr\/monde\/etats-unis\/\" class=\"c-link c-btn c-btn--primary\" target=\"_blank\" rel=\"noopener\">Notre dossier sur les \u00c9tats-Unis<\/a>\u00ab La peur \u00bb est \u00ab l&rsquo;arme des tyrans \u00bb<\/p>\n<p>Le chef de file du mouvement <a href=\"https:\/\/www.20minutes.fr\/politique\/maga\/\" class=\"c-link c-link--is-underlined\" target=\"_blank\" rel=\"noopener\">MAGA<\/a> a \u00e9galement annonc\u00e9 avoir renvoy\u00e9 Erik Siebert, le procureur f\u00e9d\u00e9ral du district est de Virginie, qu\u2019il accusait de refuser de poursuivre James Comey. Lindsey Halligan, sa rempla\u00e7ante, a confirm\u00e9 dans un communiqu\u00e9 que les charges retenues d\u00e9coulent du t\u00e9moignage de l\u2019ancien patron du FBI devant le S\u00e9nat en\u00a02020, ajoutant que \u00ab\u00a0ces inculpations constituent un abus de la confiance du public \u00e0 un niveau extraordinaire.\u00a0\u00bb<\/p>\n<p>\u00ab Je n&rsquo;ai pas peur \u00bb a r\u00e9agi l&rsquo;accus\u00e9 apr\u00e8s son inculpation, en ajoutant que \u00ab la peur \u00e9tait l&rsquo;arme des tyrans \u00bb. Dans un message vid\u00e9o publi\u00e9 sur Instagram, il a ajout\u00e9 que lui et sa famille savent \u00ab depuis des ann\u00e9es qu&rsquo;il en co\u00fbte de s&rsquo;opposer \u00e0 Donald Trump. \u00bb Il pr\u00e9cise qu&rsquo;ils \u00ab ne vivrons pas \u00e0 genoux \u00bb et que les Am\u00e9ricains ne \u00ab devraient pas le faire non plus \u00bb. Il a finalement conclut en partageant sa \u00ab confiance dans la justice f\u00e9d\u00e9rale \u00bb, pr\u00e9cisant \u00ab Je suis innocent. Alors rendez-vous au proc\u00e8s et gardez la foi. \u00bb<\/p>\n<p><script async src=\"https:\/\/platform.twitter.com\/widgets.js\" charset=\"utf-8\"><\/script><\/p>\n","protected":false},"excerpt":{"rendered":"L\u2019ancien directeur du FBI, James Comey, a \u00e9t\u00e9 inculp\u00e9 jeudi soir pour entrave \u00e0 la justice et fausses&hellip;\n","protected":false},"author":2,"featured_media":417882,"comment_status":"","ping_status":"","sticky":false,"template":"","format":"standard","meta":{"footnotes":""},"categories":[1589],"tags":[47,11,75,73,1866,18120,51817,74,12,1004,1864,1865,1863,308],"class_list":{"0":"post-417881","1":"post","2":"type-post","3":"status-publish","4":"format-standard","5":"has-post-thumbnail","7":"category-etats-unis","8":"tag-actualite","9":"tag-actualites","10":"tag-donald-trump","11":"tag-etats-unis","12":"tag-etats-unis-damerique","13":"tag-fbi","14":"tag-maga","15":"tag-monde","16":"tag-news","17":"tag-senat","18":"tag-united-states","19":"tag-united-states-of-america","20":"tag-us","21":"tag-usa"},"share_on_mastodon":{"url":"https:\/\/pubeurope.com\/@fr\/115268168450172877","error":""},"_links":{"self":[{"href":"https:\/\/www.europesays.com\/fr\/wp-json\/wp\/v2\/posts\/417881","targetHints":{"allow":["GET"]}}],"collection":[{"href":"https:\/\/www.europesays.com\/fr\/wp-json\/wp\/v2\/posts"}],"about":[{"href":"https:\/\/www.europesays.com\/fr\/wp-json\/wp\/v2\/types\/post"}],"author":[{"embeddable":true,"href":"https:\/\/www.europesays.com\/fr\/wp-json\/wp\/v2\/users\/2"}],"replies":[{"embeddable":true,"href":"https:\/\/www.europesays.com\/fr\/wp-json\/wp\/v2\/comments?post=417881"}],"version-history":[{"count":0,"href":"https:\/\/www.europesays.com\/fr\/wp-json\/wp\/v2\/posts\/417881\/revisions"}],"wp:featuredmedia":[{"embeddable":true,"href":"https:\/\/www.europesays.com\/fr\/wp-json\/wp\/v2\/media\/417882"}],"wp:attachment":[{"href":"https:\/\/www.europesays.com\/fr\/wp-json\/wp\/v2\/media?parent=417881"}],"wp:term":[{"taxonomy":"category","embeddable":true,"href":"https:\/\/www.europesays.com\/fr\/wp-json\/wp\/v2\/categories?post=417881"},{"taxonomy":"post_tag","embeddable":true,"href":"https:\/\/www.europesays.com\/fr\/wp-json\/wp\/v2\/tags?post=417881"}],"curies":[{"name":"wp","href":"https:\/\/api.w.org\/{rel}","templated":true}]}}