{"id":417900,"date":"2025-09-26T02:22:22","date_gmt":"2025-09-26T02:22:22","guid":{"rendered":"https:\/\/www.europesays.com\/fr\/417900\/"},"modified":"2025-09-26T02:22:22","modified_gmt":"2025-09-26T02:22:22","slug":"marc-marquez-remporte-le-grand-prix-de-saint-marin-et-se-rapproche-du-titre-mondial","status":"publish","type":"post","link":"https:\/\/www.europesays.com\/fr\/417900\/","title":{"rendered":"Marc Marquez remporte le Grand Prix de Saint-Marin et se rapproche du titre mondial"},"content":{"rendered":"<p>Publi\u00e914. septembre 2025, 15:08<\/p>\n<p>MotoGP: Marc Marquez renoue avec la victoire au Grand Prix de Saint-Marin<\/p>\n<p>Le Catalan s\u2019est rapproch\u00e9 du titre mondial en remportant le Grand Prix de Saint-Marin, dimanche sur le circuit Marco-Simoncelli de Misano.<\/p>\n<p><a href=\"https:\/\/www.20min.ch\/fr\/auteurs\/103333179\/agence-france-presse\" class=\"sc-b1f21c84-2 egfiIF\" rel=\"nofollow noopener\" target=\"_blank\"><img decoding=\"async\" alt=\"Agence France-Presse\" src=\"https:\/\/www.europesays.com\/fr\/wp-content\/uploads\/2025\/09\/1758853340_757_09cf394e-d19c-4235-9b46-7e00127afb7f.png\" class=\"sc-b1f21c84-1 iTOvpR\"\/><\/a><img loading=\"lazy\" decoding=\"async\" src=\"https:\/\/www.europesays.com\/fr\/wp-content\/uploads\/2025\/09\/52bc444d-a839-4779-9f46-2a330dc6d56c.jpg\" alt=\"Marc Marquez a sign\u00e9 le 73e succ\u00e8s de sa carri\u00e8re.\" title=\"Marc Marquez a sign\u00e9 le 73e succ\u00e8s de sa carri\u00e8re.\"  width=\"1200\" height=\"800\"\/><\/p>\n<p>Marc Marquez a sign\u00e9 le 73e succ\u00e8s de sa carri\u00e8re.<\/p>\n<p>AFP<\/p>\n<p>L&rsquo;Espagnol Marc Marquez (Ducati), leader du championnat du monde de MotoGP, a renou\u00e9 avec la victoire et s&rsquo;est rapproch\u00e9 du titre mondial en remportant le Grand Prix de Saint-Marin, dimanche sur le circuit Marco-Simoncelli de Misano (Italie).<\/p>\n<p>Au lendemain de <a href=\"https:\/\/www.20min.ch\/fr\/story\/motogp-marco-bezzecchi-remporte-le-sprint-a-misano-marc-marquez-chute-103414300\" rel=\"nofollow noopener\" target=\"_blank\">sa chute lors de la course sprint<\/a> alors qu&rsquo;il \u00e9tait en t\u00eate, le sextuple champion du monde &#8211; <a href=\"https:\/\/www.20min.ch\/fr\/story\/motogp-alex-marquez-s-impose-en-catalogne-fin-de-serie-pour-son-frere-103410809\" rel=\"nofollow noopener\" target=\"_blank\">battu dimanche dernier lors du GP de Catalogne par son fr\u00e8re Alex<\/a> &#8211; n&rsquo;a cette fois pas laiss\u00e9 \u00e9chapper la victoire. Parti en 4e position, le Catalan a finalement devanc\u00e9 Marco Bezzecchi (Aprilia), qui avait remport\u00e9 le sprint samedi et s&rsquo;\u00e9lan\u00e7ait en pole position, et son fr\u00e8re cadet Alex Marquez (Ducati-Gresini).<\/p>\n<p>Sur les terres de Valentino Rossi, Marc Marquez a ainsi remport\u00e9 la 73e victoire de sa carri\u00e8re en Grand Prix &#8211; la 11e cette saison &#8211; et fonce vers une septi\u00e8me couronne en MotoGP qui lui permettrait d&rsquo;\u00e9galer son grand rival italien. Avec 182 longueurs d&rsquo;avance au championnat, Marc Marquez n&rsquo;aura en effet besoin de reprendre que trois points \u00e0 son fr\u00e8re pour d\u00e9crocher le titre mondial dans deux semaines au Japon.<\/p>\n<p>Sa 73e victoire en carri\u00e8re<\/p>\n<p>Dimanche, Marc Marquez a encore r\u00e9alis\u00e9 un tr\u00e8s bon d\u00e9part pour grimper au 2e rang et il a d\u00e9pass\u00e9 Bezzecchi \u00e0 la mi-course. Mais, une fois n&rsquo;est pas coutume, l&rsquo;Espagnol n&rsquo;a pas r\u00e9ussi \u00e0 s&rsquo;\u00e9chapper et a \u00e9t\u00e9 mis sous pression jusqu&rsquo;au bout par le Transalpin, transcend\u00e9 \u00e0 domicile et qui a \u00e9chou\u00e9 \u00e0 seulement une demi-seconde de la victoire.<\/p>\n<p>\u00abJ&rsquo;ai vraiment tout donn\u00e9. L&rsquo;erreur d&rsquo;hier (ndlr: samedi, lors du sprint) m&rsquo;a donn\u00e9 un surplus de concentration mais aussi d&rsquo;\u00e9nergie. Je savais que c&rsquo;\u00e9tait tr\u00e8s important pour Ducati de s&rsquo;imposer ici, comme au Mugello, donc je suis tr\u00e8s content pour tous les supporters\u00bb, a savour\u00e9 le Catalan.<\/p>\n<p>Son co\u00e9quipier italien Francesco Bagnaia, auteur d&rsquo;une course sprint calamiteuse (13e), a chut\u00e9 lors du Grand Prix et a donc v\u00e9cu un nouveau week-end catastrophique.<\/p>\n<p>Le Fran\u00e7ais Fabio Quartararo (Yamaha), qui a d\u00e9marr\u00e9 en 3e position, a termin\u00e9 8e. Il n&rsquo;a pas pu r\u00e9sister aux Ducati et a m\u00eame \u00e9t\u00e9 doubl\u00e9 par la Honda de l&rsquo;Italien Luca Marini.<\/p>\n","protected":false},"excerpt":{"rendered":"Publi\u00e914. septembre 2025, 15:08 MotoGP: Marc Marquez renoue avec la victoire au Grand Prix de Saint-Marin Le Catalan&hellip;\n","protected":false},"author":2,"featured_media":417901,"comment_status":"","ping_status":"","sticky":false,"template":"","format":"standard","meta":{"footnotes":""},"categories":[1413],"tags":[1011,27,1457,1456,60],"class_list":{"0":"post-417900","1":"post","2":"type-post","3":"status-publish","4":"format-standard","5":"has-post-thumbnail","7":"category-moto","8":"tag-fr","9":"tag-france","10":"tag-moto","11":"tag-motocycle","12":"tag-sports"},"share_on_mastodon":{"url":"https:\/\/pubeurope.com\/@fr\/115268220392117135","error":""},"_links":{"self":[{"href":"https:\/\/www.europesays.com\/fr\/wp-json\/wp\/v2\/posts\/417900","targetHints":{"allow":["GET"]}}],"collection":[{"href":"https:\/\/www.europesays.com\/fr\/wp-json\/wp\/v2\/posts"}],"about":[{"href":"https:\/\/www.europesays.com\/fr\/wp-json\/wp\/v2\/types\/post"}],"author":[{"embeddable":true,"href":"https:\/\/www.europesays.com\/fr\/wp-json\/wp\/v2\/users\/2"}],"replies":[{"embeddable":true,"href":"https:\/\/www.europesays.com\/fr\/wp-json\/wp\/v2\/comments?post=417900"}],"version-history":[{"count":0,"href":"https:\/\/www.europesays.com\/fr\/wp-json\/wp\/v2\/posts\/417900\/revisions"}],"wp:featuredmedia":[{"embeddable":true,"href":"https:\/\/www.europesays.com\/fr\/wp-json\/wp\/v2\/media\/417901"}],"wp:attachment":[{"href":"https:\/\/www.europesays.com\/fr\/wp-json\/wp\/v2\/media?parent=417900"}],"wp:term":[{"taxonomy":"category","embeddable":true,"href":"https:\/\/www.europesays.com\/fr\/wp-json\/wp\/v2\/categories?post=417900"},{"taxonomy":"post_tag","embeddable":true,"href":"https:\/\/www.europesays.com\/fr\/wp-json\/wp\/v2\/tags?post=417900"}],"curies":[{"name":"wp","href":"https:\/\/api.w.org\/{rel}","templated":true}]}}