{"id":417902,"date":"2025-09-26T02:23:18","date_gmt":"2025-09-26T02:23:18","guid":{"rendered":"https:\/\/www.europesays.com\/fr\/417902\/"},"modified":"2025-09-26T02:23:18","modified_gmt":"2025-09-26T02:23:18","slug":"soiree-bruyante-avions-de-chasse-et-voisins-furieux-la-fete-de-pippa-middleton-fait-scandale-kate-et-william-pointes-du-doigt","status":"publish","type":"post","link":"https:\/\/www.europesays.com\/fr\/417902\/","title":{"rendered":"Soir\u00e9e bruyante, avions de chasse et voisins furieux : la f\u00eate de Pippa Middleton fait scandale, Kate et William point\u00e9s du doigt"},"content":{"rendered":"<p class=\"single-post_title\">Quand il s\u2019agit de marquer les esprits, <strong data-start=\"874\" data-end=\"893\">Pippa Middleton<\/strong> ne fait pas les choses \u00e0 moiti\u00e9. Mais cette fois-ci, la s\u0153ur de <strong data-start=\"958\" data-end=\"976\">Kate Middleton<\/strong> se retrouve au c\u0153ur d\u2019une temp\u00eate m\u00e9diatique apr\u00e8s avoir organis\u00e9 une f\u00eate d\u2019anniversaire spectaculaire \u2013 et tr\u00e8s bruyante \u2013 pour son mari, <strong data-start=\"1117\" data-end=\"1135\">James Matthews<\/strong>.<\/p>\n<p class=\"single-post_title\"><img decoding=\"async\" src=\"https:\/\/www.europesays.com\/fr\/wp-content\/uploads\/2025\/09\/kate-william-fete-50-ans-mari-de-pippa-middleton.jpg\" alt=\"Soir\u00e9e bruyante, avions de chasse et voisins furieux\u00a0: la f\u00eate de Pippa Middleton fait scandale, Kate et William point\u00e9s du doigt\"\/><\/p>\n<p class=\"single-post_title\">Le probl\u00e8me\u00a0? Les voisins sont furieux, et la pr\u00e9sence suppos\u00e9e du prince William et de la princesse de Galles ajoute une touche encore plus explosive \u00e0 la pol\u00e9mique.<\/p>\n<p class=\"single-post_title\"><strong>Lire aussi\u00a0: <a href=\"https:\/\/sobusygirls.fr\/2025\/09\/25\/kate-middleton-prince-william-bracelets-assortis-hommage-southport\/\" target=\"_blank\" title=\"kate-middleton-prince-william-bracelets-assortis-hommage-southport\" rel=\"noopener\">Kate Middleton et le prince William portent des bracelets assortis, le geste fort au symbole \u00e9mouvant<\/a><\/strong><\/p>\n<p>Une f\u00eate d\u2019anniversaire digne d\u2019un grand prix<\/p>\n<p data-start=\"1357\" data-end=\"1780\">Le samedi 20 septembre, le paisible village du <strong data-start=\"1404\" data-end=\"1417\">Berkshire<\/strong> a soudain pris des airs de circuit automobile. Pour c\u00e9l\u00e9brer les 50 ans de James Matthews, <strong data-start=\"1509\" data-end=\"1528\">Pippa Middleton<\/strong> avait choisi un th\u00e8me insolite\u00a0: la <strong data-start=\"1565\" data-end=\"1578\">Formule 1<\/strong>.<\/p>\n<p data-start=\"1357\" data-end=\"1780\">Les festivit\u00e9s ont commenc\u00e9 fort, avec un show pour le moins inattendu\u00a0: une <strong data-start=\"1657\" data-end=\"1686\">d\u00e9monstration de Spitfire<\/strong>, ces avions de chasse de la Seconde Guerre mondiale, qui ont rugi dans le ciel britannique.<\/p>\n<p data-start=\"1782\" data-end=\"2016\">Un spectacle impressionnant, mais pas forc\u00e9ment appr\u00e9ci\u00e9. Si certains invit\u00e9s ont sans doute trouv\u00e9 l\u2019id\u00e9e originale et grandiose, les habitants du village, eux, ont eu le sentiment d\u2019\u00eatre plong\u00e9s au c\u0153ur d\u2019un vacarme assourdissant.<\/p>\n<p data-start=\"1782\" data-end=\"2016\"><strong>Lire aussi\u00a0:\u00a0<a href=\"https:\/\/sobusygirls.fr\/2025\/08\/08\/kate-middleton-maladie-rechute-cancer-inquietudes-wimbledon\/\" target=\"_blank\" title=\"kate-middleton-maladie-rechute-cancer-inquietudes-wimbledon\" rel=\"noopener\">Silhouette alarmante\u00a0: Kate Middleton cache-t-elle une rechute de son cancer\u00a0?<\/a><\/strong><\/p>\n<p>Des voisins exc\u00e9d\u00e9s par le bruit<\/p>\n<p data-start=\"2055\" data-end=\"2377\">Tr\u00e8s vite, le ton est mont\u00e9 dans les colonnes de la presse anglaise. Plusieurs riverains ont d\u00e9nonc\u00e9 le manque de discr\u00e9tion et de respect de la famille Middleton. L\u2019un d\u2019eux a confi\u00e9 au <strong data-start=\"2242\" data-end=\"2256\">Daily Mail<\/strong>\u00a0: \u00ab Je me doutais que cela arriverait quand Pippa a emm\u00e9nag\u00e9. C\u2019est le probl\u00e8me avec les gens qui ont de l\u2019argent. \u00bb<\/p>\n<p data-start=\"2379\" data-end=\"2817\">Et les avions n\u2019ont pas \u00e9t\u00e9 la seule cause de m\u00e9contentement. Selon les t\u00e9moignages recueillis, la f\u00eate s\u2019est poursuivie tard dans la nuit, jusqu\u2019\u00e0 <strong data-start=\"2527\" data-end=\"2544\">1h30 du matin<\/strong>. De quoi r\u00e9veiller tout le voisinage. Une autre habitante, exc\u00e9d\u00e9e, a d\u00e9clar\u00e9\u00a0: \u00ab C\u2019est une question de courtoisie et de respect. J\u2019aime les f\u00eates, mais je suis consciente que des gens vivent autour de moi. Ils auraient pu organiser quelque chose de plus silencieux. \u00bb<\/p>\n<p data-start=\"2819\" data-end=\"3024\">Cette sortie m\u00e9diatique traduit bien le foss\u00e9 entre l\u2019image glamour associ\u00e9e aux <strong data-start=\"2900\" data-end=\"2913\">Middleton<\/strong> et la r\u00e9alit\u00e9 v\u00e9cue par leurs voisins, contraints de supporter les cons\u00e9quences de cette soir\u00e9e hors normes.<\/p>\n<p data-start=\"2819\" data-end=\"3024\"><strong>Lire aussi\u00a0:\u00a0<a href=\"https:\/\/sobusygirls.fr\/2025\/09\/15\/prince-harry-william-conflit-george-charlotte-louis\/\" target=\"_blank\" title=\"prince-harry-william-conflit-george-charlotte-louis\" rel=\"noopener\">Prince Harry\u00a0: pourquoi William ne lui pardonne pas pour George, Charlotte et Louis<\/a><\/strong><\/p>\n<p>Kate et William au c\u0153ur des rumeurs<\/p>\n<p data-start=\"3066\" data-end=\"3411\">Si la f\u00eate de Pippa Middleton fait d\u00e9j\u00e0 scandale, la pol\u00e9mique prend encore plus d\u2019ampleur avec les rumeurs concernant la pr\u00e9sence de <strong data-start=\"3200\" data-end=\"3218\">Kate Middleton<\/strong> et du <strong data-start=\"3225\" data-end=\"3243\">prince William<\/strong>. Selon plusieurs m\u00e9dias britanniques, le couple aurait effectivement assist\u00e9 \u00e0 cette soir\u00e9e extravagante, ce qui relie directement la <strong data-start=\"3378\" data-end=\"3396\">famille royale<\/strong> \u00e0 l\u2019affaire.<\/p>\n<p data-start=\"3413\" data-end=\"3734\">Une information qui n\u2019a toutefois pas \u00e9t\u00e9 confirm\u00e9e officiellement. Mais il n\u2019en fallait pas plus pour alimenter les discussions et donner \u00e0 cette histoire une dimension royale. Les critiques envers Pippa Middleton d\u00e9bordent d\u00e9sormais sur sa s\u0153ur, m\u00eame si la princesse de Galles reste toujours tr\u00e8s appr\u00e9ci\u00e9e du public.<\/p>\n<p data-start=\"3413\" data-end=\"3734\"><strong>Lire aussi\u00a0:\u00a0<a href=\"https:\/\/sobusygirls.fr\/2025\/09\/23\/kate-william-fete-50-ans-mari-de-pippa-middleton\/\" target=\"_blank\" title=\"kate-william-fete-50-ans-mari-de-pippa-middleton\" rel=\"noopener\">Kate et William surprennent tout le monde\u00a0: leur attitude inattendue pour les 50 ans du mari de Pippa<\/a><\/strong><\/p>\n<p>Une r\u00e9putation ternie pour Pippa Middleton<\/p>\n<p data-start=\"3783\" data-end=\"4118\">Depuis son mariage avec James Matthews en 2017, <strong data-start=\"3831\" data-end=\"3850\">Pippa Middleton<\/strong> s\u2019\u00e9tait faite relativement discr\u00e8te. Pourtant, cette f\u00eate vient rappeler son go\u00fbt pour les \u00e9v\u00e9nements fastueux. Mais \u00e0 l\u2019inverse de <strong data-start=\"3983\" data-end=\"4001\">Kate Middleton<\/strong>, qui jouit d\u2019une image impeccable de rigueur et de dignit\u00e9, Pippa appara\u00eet ici comme une figure plus controvers\u00e9e.<\/p>\n<p data-start=\"4120\" data-end=\"4376\">Aux yeux de certains, cette soir\u00e9e illustre une certaine d\u00e9connexion avec le quotidien des habitants. \u00c0 l\u2019heure o\u00f9 la <strong data-start=\"4238\" data-end=\"4268\">famille royale britannique<\/strong> s\u2019efforce de moderniser son image et de para\u00eetre proche des citoyens, une telle pol\u00e9mique n\u2019arrange rien.<\/p>\n<p data-start=\"4120\" data-end=\"4376\"><strong>Lire aussi\u00a0:\u00a0<a href=\"https:\/\/sobusygirls.fr\/2025\/09\/14\/kate-middleton-blonde-brune-transformation-capillaire\/\" target=\"_blank\" title=\"kate-middleton-blonde-brune-transformation-capillaire\" rel=\"noopener\">Kate Middleton blonde puis brune seulement quelques jours apr\u00e8s\u00a0: pourquoi son \u00e9tonnante m\u00e9tamorphose interroge autant<\/a><\/strong><\/p>\n<p>Un manoir de trente pi\u00e8ces bient\u00f4t r\u00e9nov\u00e9<\/p>\n<p data-start=\"4424\" data-end=\"4705\">Quoi qu\u2019il en soit, les festivit\u00e9s ont r\u00e9uni de nombreux proches dans le manoir de Pippa et James, une somptueuse demeure de <strong data-start=\"4549\" data-end=\"4566\">trente pi\u00e8ces<\/strong>. Une propri\u00e9t\u00e9 impressionnante, mais qui ne restera pas dans cet \u00e9tat longtemps, puisque des r\u00e9novations seraient pr\u00e9vues prochainement.<\/p>\n<p data-start=\"4707\" data-end=\"4953\">Une information qui, paradoxalement, pourrait inqui\u00e9ter davantage les voisins, d\u00e9j\u00e0 \u00e9chaud\u00e9s par le bruit de cette soir\u00e9e. Entre travaux \u00e0 venir et souvenirs encore frais de la f\u00eate bruyante, l\u2019ambiance risque de rester tendue dans le quartier.<\/p>\n<p data-start=\"4707\" data-end=\"4953\"><strong>Lire aussi\u00a0:\u00a0<a href=\"https:\/\/sobusygirls.fr\/2025\/09\/17\/kate-middleton-robe-symbolique-obseques-duchesse-kent\/\" target=\"_blank\" title=\"kate-middleton-robe-symbolique-obseques-duchesse-kent\" rel=\"noopener\">Pourquoi Kate Middleton attire autant l\u2019attention avec sa robe symbolique aux obs\u00e8ques de la duchesse de Kent<\/a><\/strong><\/p>\n<p>En r\u00e9sum\u00e9<\/p>\n<p data-start=\"4969\" data-end=\"5303\">La f\u00eate organis\u00e9e par <strong data-start=\"4991\" data-end=\"5010\">Pippa Middleton<\/strong> pour les 50 ans de James Matthews devait \u00eatre un moment de joie et de c\u00e9l\u00e9bration. Mais entre la d\u00e9monstration d\u2019avions de chasse, le bruit jusque tard dans la nuit et la suppos\u00e9e pr\u00e9sence de <strong data-start=\"5203\" data-end=\"5221\">Kate Middleton<\/strong> et du <strong data-start=\"5228\" data-end=\"5246\">prince William<\/strong>, l\u2019\u00e9v\u00e9nement s\u2019est transform\u00e9 en pol\u00e9mique m\u00e9diatique.<\/p>\n<p data-start=\"5305\" data-end=\"5491\">Pour Pippa, il s\u2019agit d\u2019un rappel que la c\u00e9l\u00e9brit\u00e9 n\u2019offre pas que des privil\u00e8ges\u00a0: elle entra\u00eene aussi des responsabilit\u00e9s, et surtout, l\u2019attention permanente du public et des m\u00e9dias.<\/p>\n<p data-start=\"3219\" data-end=\"3568\"><strong>D\u00e9couvrez maintenant\u00a0<a href=\"https:\/\/sobusygirls.fr\/2025\/08\/08\/kate-middleton-maladie-rechute-cancer-inquietudes-wimbledon\/\" target=\"_blank\" title=\"kate-middleton-maladie-rechute-cancer-inquietudes-wimbledon\" rel=\"noopener\">Silhouette alarmante\u00a0: Kate Middleton cache-t-elle une rechute de son cancer\u00a0?<\/a>\u00a0et\u00a0<a href=\"https:\/\/sobusygirls.fr\/2025\/08\/02\/kate-william-vacances-grece-superyacht-polemique\/\" target=\"_blank\" title=\"kate-william-vacances-grece-superyacht-polemique\" rel=\"noopener\">Vacances en Gr\u00e8ce\u00a0: Kate et William sur un superyacht\u00a0? Pourquoi leur s\u00e9jour estival fait pol\u00e9mique<\/a>.<\/strong><\/p>\n<p data-start=\"3219\" data-end=\"3568\"><strong>Lire aussi\u00a0:\u00a0<a href=\"https:\/\/sobusygirls.fr\/2025\/08\/18\/meghan-markle-accusee-copier-kate-middleton-nouvelles-critiques\/\" target=\"_blank\" title=\"meghan-markle-accusee-copier-kate-middleton-nouvelles-critiques\" rel=\"noopener\">Meghan Markle accus\u00e9e d\u2019avoir copi\u00e9 Kate Middleton\u00a0: une nouvelle pol\u00e9mique pour la duchesse de Sussex<\/a><\/strong><\/p>\n","protected":false},"excerpt":{"rendered":"Quand il s\u2019agit de marquer les esprits, Pippa Middleton ne fait pas les choses \u00e0 moiti\u00e9. Mais cette&hellip;\n","protected":false},"author":2,"featured_media":417903,"comment_status":"","ping_status":"","sticky":false,"template":"","format":"standard","meta":{"footnotes":""},"categories":[1412],"tags":[1451,1452,1453,1454,1455,1011,27,60],"class_list":{"0":"post-417902","1":"post","2":"type-post","3":"status-publish","4":"format-standard","5":"has-post-thumbnail","7":"category-f1","8":"tag-f1","9":"tag-formula-1","10":"tag-formula1","11":"tag-formule-1","12":"tag-formule1","13":"tag-fr","14":"tag-france","15":"tag-sports"},"share_on_mastodon":{"url":"https:\/\/pubeurope.com\/@fr\/115268223211990982","error":""},"_links":{"self":[{"href":"https:\/\/www.europesays.com\/fr\/wp-json\/wp\/v2\/posts\/417902","targetHints":{"allow":["GET"]}}],"collection":[{"href":"https:\/\/www.europesays.com\/fr\/wp-json\/wp\/v2\/posts"}],"about":[{"href":"https:\/\/www.europesays.com\/fr\/wp-json\/wp\/v2\/types\/post"}],"author":[{"embeddable":true,"href":"https:\/\/www.europesays.com\/fr\/wp-json\/wp\/v2\/users\/2"}],"replies":[{"embeddable":true,"href":"https:\/\/www.europesays.com\/fr\/wp-json\/wp\/v2\/comments?post=417902"}],"version-history":[{"count":0,"href":"https:\/\/www.europesays.com\/fr\/wp-json\/wp\/v2\/posts\/417902\/revisions"}],"wp:featuredmedia":[{"embeddable":true,"href":"https:\/\/www.europesays.com\/fr\/wp-json\/wp\/v2\/media\/417903"}],"wp:attachment":[{"href":"https:\/\/www.europesays.com\/fr\/wp-json\/wp\/v2\/media?parent=417902"}],"wp:term":[{"taxonomy":"category","embeddable":true,"href":"https:\/\/www.europesays.com\/fr\/wp-json\/wp\/v2\/categories?post=417902"},{"taxonomy":"post_tag","embeddable":true,"href":"https:\/\/www.europesays.com\/fr\/wp-json\/wp\/v2\/tags?post=417902"}],"curies":[{"name":"wp","href":"https:\/\/api.w.org\/{rel}","templated":true}]}}