{"id":417908,"date":"2025-09-26T02:26:10","date_gmt":"2025-09-26T02:26:10","guid":{"rendered":"https:\/\/www.europesays.com\/fr\/417908\/"},"modified":"2025-09-26T02:26:10","modified_gmt":"2025-09-26T02:26:10","slug":"adeline-blondieau-revele-avoir-perdu-la-memoire","status":"publish","type":"post","link":"https:\/\/www.europesays.com\/fr\/417908\/","title":{"rendered":"Adeline Blondieau r\u00e9v\u00e8le avoir perdu la m\u00e9moire"},"content":{"rendered":"<p>\u00c2g\u00e9e de 54 ans, <a href=\"https:\/\/www.public.fr\/tag\/adeline-blondieau\" target=\"_blank\" rel=\"noopener\">Adeline Blondieau<\/a> est victime de pertes de m\u00e9moires. En effet, l\u2019ancienne star de la s\u00e9rie <strong>Sous le soleil<\/strong> a fait cette terrible r\u00e9v\u00e9lation ce jeudi 25 septembre 2025 sur le plateau de <strong>T\u00e9l\u00e9matin <\/strong>sur France 2.<\/p>\n<p>La com\u00e9dienne, <a href=\"https:\/\/www.public.fr\/adeline-blondieau-lex-de-johnny-hallyday-demandee-en-mariage\" target=\"_blank\" rel=\"noopener\">ancienne compagne de Johnny Hallyday<\/a>, \u00e9tait l\u2019invit\u00e9e de Maya Lauqu\u00e9 et Damien Th\u00e9venot pour la promotion de son livre qu\u2019elle a \u00e9crit en tant que sophrologue, <strong>Cheminer vers soi<\/strong>, paru le 24 septembre aux \u00e9ditions Albin Michel.\u00a0<\/p>\n<p>Adeline Blondieau victime d&rsquo;un burn-out il y a 15 ans<\/p>\n<p>N\u00e9anmoins, Adeline Blondieau a surtout profit\u00e9 de sa venue pour revenir sur son r\u00f4le de Caroline Drancourt qu\u2019elle a longtemps port\u00e9 \u00e0 l\u2019\u00e9cran dans la s\u00e9rie <strong>Sous le soleil<\/strong>, ainsi que sa reconversion en tant que sophrologue. Aussi, <a href=\"https:\/\/www.public.fr\/adeline-blondieau-10-jours-apres-son-mariage-elle-annonce-un-heureux-evenement\" target=\"_blank\" rel=\"noopener\">l\u2019actrice de 54 ans<\/a> a r\u00e9v\u00e9l\u00e9, au cours de son entretien, <strong>avoir oubli\u00e9 de nombreux moments de sa vie.\u00a0<\/strong><\/p>\n<p>Une<strong> perte de souvenirs<\/strong> soudaine dont elle a donn\u00e9 quelques exemples. Par exemple, <a href=\"https:\/\/vsd.fr\/tag\/adeline-blondieau\/\" target=\"_blank\" rel=\"noopener\">l\u2019ancienne actrice de <strong>Sous le soleil<\/strong> <\/a>a expliqu\u00e9 n\u2019avoir plus aucun souvenir de son duel avec S\u00e9gol\u00e8ne Royal lors d\u2019un challenge de dressage de chiens. Elle aurait totalement oubli\u00e9 cet \u00e9pisode, \u00e0 cause d&rsquo;un burn out.<\/p>\n<p>Launa Tenoudji, apr\u00e8s avoir diffus\u00e9 un magn\u00e9to dans lequel nous pouvions retrouver l\u2019extrait en question de l\u2019\u00e9mission Salut les artistes, a demand\u00e9 \u00e0 Adeline Blondieau : \u00ab\u00a0Vous vous en souvenez ?\u00a0\u00bb. \u00ab\u00a0Non !\u00a0<strong>En fait avec le burn-out que j&rsquo;ai fait il y a 15 ans<\/strong>, il y a plein de souvenirs qui ont saut\u00e9\u00a0\u00bb, a alors avou\u00e9 la principale int\u00e9ress\u00e9e.\u00a0<\/p>\n<p>L&rsquo;ancienne compagne de Johnny Hallyday a perdu de nombreux souvenirs <\/p>\n<p>\u00ab\u00a0Oui, il y a plein de souvenirs qui ont saut\u00e9. Il y a des choses qui se sont effac\u00e9es&#8230; Aucun souvenir\u00a0\u00bb, a poursuivi l\u2019actrice, confirmant une triste nouvelle. Mathilde Terrier a alors encha\u00een\u00e9 : \u00ab\u00a0C\u2019est vrai que vous \u00eates quand m\u00eame une invit\u00e9e sympa sur les plateaux t\u00e9l\u00e9, on peut vous faire faire&#8230;\u00a0\u00bb, a-t-elle lanc\u00e9 avant que l\u2019invit\u00e9e de <strong>T\u00e9l\u00e9matin<\/strong> ne la coupe : \u00ab\u00a0Mais si on me met des animaux, je suis trop contente, moi\u00a0\u00bb.\u00a0<\/p>\n<p>\u00ab\u00a0La com&rsquo; animal, mais&#8230; je parle \u00e0 mes chiens, \u00e0 mes chevaux toute la journ\u00e9e. Donc je trouve \u00e7a extraordinaire. (&#8230;) Alors Georges Beller : top. Un amour\u00a0\u00bb, s\u2019est-elle r\u00e9jouie. N\u00e9anmoins, encore choqu\u00e9es par ce qu\u2019elles venaient d\u2019apprendre, les \u00e9quipes de <strong>T\u00e9l\u00e9matin<\/strong> ont tent\u00e9 d\u2019en savoir plus au sujet de la perte de m\u00e9moire d\u2019Adeline Blondieau.<\/p>\n<p>\u00ab\u00a0Et avec S\u00e9gol\u00e8ne Royal, \u00e7a s&rsquo;est bien pass\u00e9 ?\u00a0\u00bb, lui ont-elles demand\u00e9. \u00c0 quoi la com\u00e9dienne a finalement r\u00e9pondu avec franchise : \u00ab\u00a0Bah&#8230;\u00a0<strong>Aucun souvenir<\/strong>\u00ab\u00a0.<\/p>\n<p>      Mentionn\u00e9s dans cet article<\/p>\n<p>      Sur le m\u00eame sujet<\/p>\n","protected":false},"excerpt":{"rendered":"\u00c2g\u00e9e de 54 ans, Adeline Blondieau est victime de pertes de m\u00e9moires. En effet, l\u2019ancienne star de la&hellip;\n","protected":false},"author":2,"featured_media":417909,"comment_status":"","ping_status":"","sticky":false,"template":"","format":"standard","meta":{"footnotes":""},"categories":[1359],"tags":[6606,58,59,1011,27,280,973,6008,12959],"class_list":{"0":"post-417908","1":"post","2":"type-post","3":"status-publish","4":"format-standard","5":"has-post-thumbnail","7":"category-people","8":"tag-adeline-blondieau","9":"tag-divertissement","10":"tag-entertainment","11":"tag-fr","12":"tag-france","13":"tag-memoire","14":"tag-people","15":"tag-sous-le-soleil","16":"tag-telematin"},"share_on_mastodon":{"url":"https:\/\/pubeurope.com\/@fr\/115268235026947980","error":""},"_links":{"self":[{"href":"https:\/\/www.europesays.com\/fr\/wp-json\/wp\/v2\/posts\/417908","targetHints":{"allow":["GET"]}}],"collection":[{"href":"https:\/\/www.europesays.com\/fr\/wp-json\/wp\/v2\/posts"}],"about":[{"href":"https:\/\/www.europesays.com\/fr\/wp-json\/wp\/v2\/types\/post"}],"author":[{"embeddable":true,"href":"https:\/\/www.europesays.com\/fr\/wp-json\/wp\/v2\/users\/2"}],"replies":[{"embeddable":true,"href":"https:\/\/www.europesays.com\/fr\/wp-json\/wp\/v2\/comments?post=417908"}],"version-history":[{"count":0,"href":"https:\/\/www.europesays.com\/fr\/wp-json\/wp\/v2\/posts\/417908\/revisions"}],"wp:featuredmedia":[{"embeddable":true,"href":"https:\/\/www.europesays.com\/fr\/wp-json\/wp\/v2\/media\/417909"}],"wp:attachment":[{"href":"https:\/\/www.europesays.com\/fr\/wp-json\/wp\/v2\/media?parent=417908"}],"wp:term":[{"taxonomy":"category","embeddable":true,"href":"https:\/\/www.europesays.com\/fr\/wp-json\/wp\/v2\/categories?post=417908"},{"taxonomy":"post_tag","embeddable":true,"href":"https:\/\/www.europesays.com\/fr\/wp-json\/wp\/v2\/tags?post=417908"}],"curies":[{"name":"wp","href":"https:\/\/api.w.org\/{rel}","templated":true}]}}