{"id":417910,"date":"2025-09-26T02:27:13","date_gmt":"2025-09-26T02:27:13","guid":{"rendered":"https:\/\/www.europesays.com\/fr\/417910\/"},"modified":"2025-09-26T02:27:13","modified_gmt":"2025-09-26T02:27:13","slug":"le-grand-festival-de-la-photo-animaliere-est-de-retour-a-rambouillet","status":"publish","type":"post","link":"https:\/\/www.europesays.com\/fr\/417910\/","title":{"rendered":"le grand festival de la photo animali\u00e8re est de retour \u00e0 Rambouillet"},"content":{"rendered":"<p>            Par<br \/>\n        <strong><br \/>\n            <a href=\"https:\/\/actu.fr\/auteur\/p-cohen\" title=\"Consulter tous les articles de Philippe Cohen\" target=\"_blank\" rel=\"noopener\">Philippe Cohen<\/a><br \/>\n        <\/strong><\/p>\n<p>        Publi\u00e9 le<\/p>\n<p>            25 sept. 2025 \u00e0 14h16        <\/p>\n<p>Rambouillet (Yvelines) sera la capitale de la <b>photographie animali\u00e8re<\/b> d\u00e8s le 26\u00a0septembre 2025. Depuis quelques jours, <a href=\"https:\/\/actu.fr\/ile-de-france\/rambouillet_78517\" target=\"_blank\" rel=\"noopener\">sur la place Thome-Paten\u00f4tre<\/a>, il est d\u00e9j\u00e0 possible de voir des clich\u00e9s en grand format. Mais le v\u00e9ritable d\u00e9marrage est pr\u00e9vu vendredi \u00e0 la Bergerie nationale, avec l\u2019ouverture des grandes expositions et des conf\u00e9rences.<\/p>\n<p class=\" wall-content\">Le parrain de cette \u00e9dition, <a href=\"https:\/\/olivierlarrey.org\/work\" target=\"_blank\" rel=\"noopener\">Olivier Larrey,<\/a> qui d\u00e9fend les r\u00e9gions polaires et les animaux, ours, phoques, baleines en p\u00e9ril, va illustrer cette prise de conscience du <b>changement climatique<\/b> dans les zones arctiques. Son exposition Sentinelles du froid, \u00e0 La Lanterne, sera l\u2019un des rendez-vous \u00e0 ne pas manquer.<\/p>\n<p class=\" wall-content\">Tout comme l\u2019invit\u00e9 d\u2019honneur, <a href=\"https:\/\/artofbutterfly.com\/fr\/accueil\" target=\"_blank\" rel=\"noopener\">St\u00e9phane Hette<\/a> et son exposition sur les papillons \u00e0 La Bergerie\u2009: des insectes qui deviennent par son travail des tableaux japonisants. Sans oublier <a href=\"https:\/\/www.gillesauroux.com\/\" target=\"_blank\" rel=\"noopener\">Gilles Auroux<\/a>, le <b>sp\u00e9cialiste des requins<\/b> qui montrera les images prises dans les profondeurs de l\u2019oc\u00e9an. D\u2019ailleurs dans le pigeonnier de la Bergerie, l\u2019exposition sera immersive. Le lieu a \u00e9t\u00e9 transform\u00e9 en fonds marins pour y voir <b>les requins<\/b> et les baleines comme si nous y \u00e9tions.<\/p>\n<p>40 photographes expos\u00e9s<\/p>\n<p class=\" wall-content\">\u00ab\u2009Une quarantaine de photographes exposeront au total\u2009\u00bb, r\u00e9sume <b>Bruno Cart<\/b>, le pr\u00e9sident du Festiphoto 2025 qui fut directeur d\u2019\u00e9cole \u00e0 Hermeray, petit village situ\u00e9 pr\u00e8s de Rambouillet.<\/p>\n<p class=\" wall-content\">En amont du festival, un concours a d\u00e9partag\u00e9 <b>1\u2009000 photographies<\/b> sur le th\u00e8me Nature en France. Les 20 premi\u00e8res seront expos\u00e9es en grand format, en plein air \u00e0 la <a href=\"https:\/\/www.bergerie-nationale.fr\/\" target=\"_blank\" rel=\"noopener\">Bergerie<\/a>. Les 50 suivantes font l\u2019objet d\u2019un tirage assur\u00e9 par les organisateurs et seront pr\u00e9sent\u00e9es en int\u00e9rieur.<\/p>\n<p class=\" wall-content\">Autre nouveaut\u00e9\u2009:<\/p>\n<blockquote class=\"ac-article-quote wall-content\">\n<p>\u00ab\u2009Un livre d\u2019art sera \u00e9dit\u00e9 avec les 70 photos gagnantes.\u2009\u00bb<\/p>\n<p>Bruno Cart, pr\u00e9sident du festival<\/p><\/blockquote>\n<p>Votre r\u00e9gion, votre actu !<\/p>\n<p>Recevez chaque jour les infos qui comptent pour vous.<\/p>\n<p>\t<a href=\"https:\/\/actu.fr\/newsletter\" class=\"ac-btn ac-btn--corner ac-btn--medium ac-btn--blue800\" target=\"_blank\" rel=\"noopener\">S&rsquo;incrire<\/a><\/p>\n<p class=\" wall-content\">Parmi elle,<b> la fouine <\/b>qui fait l\u2019affiche, surnomm\u00e9e la squatteuse. Elle a \u00e9t\u00e9 prise dans une ferme par le jardinier et photographe d\u2019Eure-et-Loir, Arnaud Dubois, avec un d\u00e9clenchement de l\u2019appareil \u00e0 distance.<\/p>\n<p class=\" wall-content\">\u00c0 noter \u00e9galement la pr\u00e9sence d\u2019une <b>boutique<\/b> o\u00f9 les visiteurs pourront acheter des photos en carte et des porte-cl\u00e9s en souvenir lors des trois jours du festival, jusqu\u2019au dimanche 28\u00a0septembre 2025.<\/p>\n<p>    <img   decoding=\"async\" loading=\"lazy\" class=\"size-large\" src=\"https:\/\/www.europesays.com\/fr\/wp-content\/uploads\/2025\/09\/465ea261f4d864b5ea261f4d86f5eav-960x640.jpg\" alt=\"Bruno Cart\" width=\"960\" height=\"640\"\/><br \/>\n    Bruno Cart, pr\u00e9sident du Festiphoto pr\u00e9sente l\u2019affiche\u2009: la fouine photographi\u00e9e par le laur\u00e9at 2025, Arnaud Dubois. \u00a9Philippe CohenDes conf\u00e9rences sur les requins et les manchots<\/p>\n<p class=\" wall-content\">La force de ce festival, ce sont aussi ses <b>conf\u00e9rences <\/b>avec des pointures comme Thierry Aubin, du CNRS, qui a capt\u00e9 les sons des manchots. Il apprendra au public comment identifier les manchots au milieu de la troupe, samedi 27\u00a0septembre (\u00e0 15h35 et 16h35).<\/p>\n<p class=\" wall-content\">Philippe Lassalas, parlera des requins, dimanche 28\u00a0septembre, \u00e0 14h et 15h, tandis que Jean-Fran\u00e7ois Courreau, professeur \u00e9m\u00e9rite de l\u2019\u00e9cole v\u00e9t\u00e9rinaire de Maisons-Alfort, expliquera comment faire face \u00e0 un animal sauvage bless\u00e9, dimanche 28\u00a0septembre, \u00e0 11h et 12h. Le parrain, Olivier Larrey projettera samedi 27\u00a0septembre, \u00e0 10h30, le film Toundra suivi d\u2019un d\u00e9bat.<\/p>\n<p class=\" wall-content\">L\u2019objectif de cette<b> 9e \u00e9dition <\/b>est p\u00e9dagogique\u2009: \u00ab\u2009Nous tenons \u00e0 inviter d\u00e8s vendredi des classes du secteur, 16 au total\u2009\u00bb, souligne Bruno Cart. Des sorties nature sont aussi au programme avec un atelier sur les rapaces nocturnes ou une animation sur la biodiversit\u00e9.<a href=\"https:\/\/festiphoto-rambouillet.org\/\" target=\"_blank\" rel=\"noopener\"><\/p>\n<p>Festiphoto \u00e0 la Bergerie nationale et La Lanterne, les 26, 27 et 28\u00a0septembre, de 9h30 \u00e0 19h. Pass 3\u00a0jours\u2009: 12\u20ac. R\u00e9duit (moins de 18\u00a0ans)\u2009: 6\u20ac. R\u00e9servations sur <a href=\"https:\/\/festiphoto-rambouillet.org\/\" target=\"_blank\" rel=\"noopener\">festiphoto-rambouillet.org<\/a><\/p>\n<p class=\" wall-content\">Personnalisez votre actualit\u00e9 en ajoutant vos villes et m\u00e9dias en favori avec <a href=\"https:\/\/moncompte.actu.fr\" title=\"D\u00e9couvez Mon Actu\" rel=\"nofollow noopener\" data-trk=\"{&quot;cta&quot;:{&quot;action&quot;:&quot;https:\\\/\\\/moncompte.actu.fr&quot;,&quot;category&quot;:&quot;mon compte&quot;,&quot;from&quot;:&quot;article footer&quot;,&quot;name&quot;:&quot;Mon actu&quot;,&quot;type&quot;:&quot;cta&quot;}}\" target=\"_blank\">Mon Actu<\/a>.<\/p>\n","protected":false},"excerpt":{"rendered":"Par Philippe Cohen Publi\u00e9 le 25 sept. 2025 \u00e0 14h16 Rambouillet (Yvelines) sera la capitale de la photographie&hellip;\n","protected":false},"author":2,"featured_media":417911,"comment_status":"","ping_status":"","sticky":false,"template":"","format":"standard","meta":{"footnotes":""},"categories":[1358],"tags":[1348,1384,1385,1386,58,59,1011,27,1652,1756],"class_list":{"0":"post-417910","1":"post","2":"type-post","3":"status-publish","4":"format-standard","5":"has-post-thumbnail","7":"category-arts-et-design","8":"tag-arts","9":"tag-arts-and-design","10":"tag-arts-et-design","11":"tag-design","12":"tag-divertissement","13":"tag-entertainment","14":"tag-fr","15":"tag-france","16":"tag-loisirs-culture","17":"tag-photographie"},"share_on_mastodon":{"url":"https:\/\/pubeurope.com\/@fr\/115268239443608529","error":""},"_links":{"self":[{"href":"https:\/\/www.europesays.com\/fr\/wp-json\/wp\/v2\/posts\/417910","targetHints":{"allow":["GET"]}}],"collection":[{"href":"https:\/\/www.europesays.com\/fr\/wp-json\/wp\/v2\/posts"}],"about":[{"href":"https:\/\/www.europesays.com\/fr\/wp-json\/wp\/v2\/types\/post"}],"author":[{"embeddable":true,"href":"https:\/\/www.europesays.com\/fr\/wp-json\/wp\/v2\/users\/2"}],"replies":[{"embeddable":true,"href":"https:\/\/www.europesays.com\/fr\/wp-json\/wp\/v2\/comments?post=417910"}],"version-history":[{"count":0,"href":"https:\/\/www.europesays.com\/fr\/wp-json\/wp\/v2\/posts\/417910\/revisions"}],"wp:featuredmedia":[{"embeddable":true,"href":"https:\/\/www.europesays.com\/fr\/wp-json\/wp\/v2\/media\/417911"}],"wp:attachment":[{"href":"https:\/\/www.europesays.com\/fr\/wp-json\/wp\/v2\/media?parent=417910"}],"wp:term":[{"taxonomy":"category","embeddable":true,"href":"https:\/\/www.europesays.com\/fr\/wp-json\/wp\/v2\/categories?post=417910"},{"taxonomy":"post_tag","embeddable":true,"href":"https:\/\/www.europesays.com\/fr\/wp-json\/wp\/v2\/tags?post=417910"}],"curies":[{"name":"wp","href":"https:\/\/api.w.org\/{rel}","templated":true}]}}