{"id":417912,"date":"2025-09-26T02:28:21","date_gmt":"2025-09-26T02:28:21","guid":{"rendered":"https:\/\/www.europesays.com\/fr\/417912\/"},"modified":"2025-09-26T02:28:21","modified_gmt":"2025-09-26T02:28:21","slug":"festival-cultissime-a-angers-des-auteurs-des-livres-et-bien-dautres-choses-encore","status":"publish","type":"post","link":"https:\/\/www.europesays.com\/fr\/417912\/","title":{"rendered":"Festival Cultissime \u00e0 Angers : des auteurs, des livres et bien d\u2019autres choses encore"},"content":{"rendered":"<p>Le rendez-vous des \u0153uvres cultes se tient d\u00e8s ce vendredi 26\u00a0septembre au ch\u00e2teau, \u00e0 la coll\u00e9giale et aux salons Curnonsky, \u00e0 Angers, avec de prestigieux invit\u00e9s comme Jean-Christophe Grang\u00e9, l\u2019auteur des \u00ab\u00a0Rivi\u00e8res Pourpres\u00a0\u00bb, invit\u00e9 d\u2019honneur.<\/p>\n<p>LIRE AUSSI | <a href=\"https:\/\/angers.maville.com\/actu\/actudet_-irene-frain-le-duo-derriere-mortelle-adele...-voici-les-invites-du-festival-cultissime-a-angers-_52728-6979434_actu.Htm\" target=\"_self\" rel=\"noopener\">Ir\u00e8ne Frain, le duo derri\u00e8re Mortelle Ad\u00e8le\u2026 Voici les invit\u00e9s du festival Cultissime \u00e0 Angers<\/a> <\/p>\n<p>Des auteurs de Mortelle Ad\u00e8le \u00e0 \u00c9douard Philippe<\/p>\n<p>Ils seront une quarantaine \u00e0 participer \u00e0 cette deuxi\u00e8me \u00e9dition du festival Cultissime. Moins de noms prestigieux mais tout de m\u00eame\u00a0: Antoine de Caunes pour sa premi\u00e8re bande dessin\u00e9e, L\u00e9o l\u2019auteur de la cultissime s\u00e9rie dessin\u00e9e \u00ab\u00a0Ald\u00e9baran\u00a0\u00bb, les auteurs la s\u00e9rie jeunesse \u00ab\u00a0Mortelle Ad\u00e8le\u00a0\u00bb, Antoine Dole et Diane Le\u00a0Feyer et m\u00eame un homme politique, \u00c9douard Philippe.<\/p>\n<p>Ils ne se contenteront pas de signer leurs livres mais participeront durant trois jours \u00e0 des tables rondes et des conf\u00e9rences passionnantes autour de th\u00e9matiques vari\u00e9es comme \u00ab\u00a0comment adapter Ast\u00e9rix et Ob\u00e9lix \u00e0 l\u2019\u00e9cran\u00a0\u00bb (vendredi \u00e0 14\u00a0h\u00a045) ou \u00ab\u00a0comment \u00e9crire du crime\u00a0\u00bb (samedi \u00e0 14\u00a0h)\u2026 Ils parleront \u00e9galement de leurs \u0153uvres lors de rencontres dans les diff\u00e9rents lieux du festival.<\/p>\n<p>Les organisatrices proposent \u00e9galement de nombreuses activit\u00e9s \u00e0 faire en famille. On pourra \u00e9couter des contes, participer \u00e0 un concours d\u2019illustrations ou \u00e0 un d\u00e9fi lecture ou un jeu de pistes, cr\u00e9er son marque-page ou sa premi\u00e8re BD\u2026<\/p>\n<p>Festival Cultissime du vendredi\u00a026 au dimanche 28\u00a0septembre au ch\u00e2teau, \u00e0 la coll\u00e9giale et autres lieux du centre-ville d\u2019Angers. 8 \u00e0 12\u00a0\u20ac par jour, 18 \u00e0 26\u00a0\u20ac pour 3\u00a0jours. R\u00e9sa et programme complet sur <a href=\"https:\/\/www.cultissime.org\/\" target=\"_self\" rel=\"noopener\">cultissisme.org<\/a> <\/p>\n<p>\u00a0<\/p>\n","protected":false},"excerpt":{"rendered":"Le rendez-vous des \u0153uvres cultes se tient d\u00e8s ce vendredi 26\u00a0septembre au ch\u00e2teau, \u00e0 la coll\u00e9giale et aux&hellip;\n","protected":false},"author":2,"featured_media":417913,"comment_status":"","ping_status":"","sticky":false,"template":"","format":"standard","meta":{"footnotes":""},"categories":[1357],"tags":[1438,711,1379,19938,54772,58,1440,59,849,1011,27,1380],"class_list":{"0":"post-417912","1":"post","2":"type-post","3":"status-publish","4":"format-standard","5":"has-post-thumbnail","7":"category-livres","8":"tag-angers","9":"tag-auteurs","10":"tag-books","11":"tag-choses","12":"tag-cultissime","13":"tag-divertissement","14":"tag-encore","15":"tag-entertainment","16":"tag-festival","17":"tag-fr","18":"tag-france","19":"tag-livres"},"share_on_mastodon":{"url":"https:\/\/pubeurope.com\/@fr\/115268242862750171","error":""},"_links":{"self":[{"href":"https:\/\/www.europesays.com\/fr\/wp-json\/wp\/v2\/posts\/417912","targetHints":{"allow":["GET"]}}],"collection":[{"href":"https:\/\/www.europesays.com\/fr\/wp-json\/wp\/v2\/posts"}],"about":[{"href":"https:\/\/www.europesays.com\/fr\/wp-json\/wp\/v2\/types\/post"}],"author":[{"embeddable":true,"href":"https:\/\/www.europesays.com\/fr\/wp-json\/wp\/v2\/users\/2"}],"replies":[{"embeddable":true,"href":"https:\/\/www.europesays.com\/fr\/wp-json\/wp\/v2\/comments?post=417912"}],"version-history":[{"count":0,"href":"https:\/\/www.europesays.com\/fr\/wp-json\/wp\/v2\/posts\/417912\/revisions"}],"wp:featuredmedia":[{"embeddable":true,"href":"https:\/\/www.europesays.com\/fr\/wp-json\/wp\/v2\/media\/417913"}],"wp:attachment":[{"href":"https:\/\/www.europesays.com\/fr\/wp-json\/wp\/v2\/media?parent=417912"}],"wp:term":[{"taxonomy":"category","embeddable":true,"href":"https:\/\/www.europesays.com\/fr\/wp-json\/wp\/v2\/categories?post=417912"},{"taxonomy":"post_tag","embeddable":true,"href":"https:\/\/www.europesays.com\/fr\/wp-json\/wp\/v2\/tags?post=417912"}],"curies":[{"name":"wp","href":"https:\/\/api.w.org\/{rel}","templated":true}]}}