{"id":417919,"date":"2025-09-26T02:32:13","date_gmt":"2025-09-26T02:32:13","guid":{"rendered":"https:\/\/www.europesays.com\/fr\/417919\/"},"modified":"2025-09-26T02:32:13","modified_gmt":"2025-09-26T02:32:13","slug":"il-y-a-aura-toujours-plus-de-morts-du-cancer-dici-a-2050-previent-loms","status":"publish","type":"post","link":"https:\/\/www.europesays.com\/fr\/417919\/","title":{"rendered":"Il y a aura toujours plus de morts du cancer d\u2019ici\u00a0\u00e0\u00a02050, pr\u00e9vient l\u2019OMS"},"content":{"rendered":"<p>Le nombre de <a href=\"https:\/\/www.20minutes.fr\/dossier\/mort\" class=\"c-link c-link--is-underlined\" target=\"_blank\" rel=\"noopener\">morts<\/a> du <a href=\"https:\/\/www.20minutes.fr\/dossier\/cancer\" class=\"c-link c-link--is-underlined\" target=\"_blank\" rel=\"noopener\">cancer<\/a> a bondi dans le monde en un quart de si\u00e8cle et pourrait d\u00e9passer les 18,5\u00a0millions en\u00a02050, estime une vaste \u00e9tude publi\u00e9e jeudi, appelant \u00e0 renforcer pr\u00e9vention et traitements, en particulier dans les pays moins favoris\u00e9s.<\/p>\n<p>Malgr\u00e9 les progr\u00e8s des traitements et les efforts pour limiter les <a href=\"https:\/\/www.20minutes.fr\/dossier\/maladie\" class=\"c-link c-link--is-underlined\" target=\"_blank\" rel=\"noopener\">facteurs de risques<\/a>, le nombre de nouveaux cas de cancer a plus que doubl\u00e9 depuis\u00a01990 pour atteindre 18,5\u00a0millions en\u00a02023, et le nombre de d\u00e9c\u00e8s a bondi de 74\u00a0% pour totaliser 10,4\u00a0millions, selon cette nouvelle \u00e9valuation parue dans le Lancet et men\u00e9e dans le cadre du \u00ab\u00a0Global Burden of Disease\u00a0\u00bb.<\/p>\n<\/p>\n<p>Augmentation de 75\u00a0% du nombre de d\u00e9c\u00e8s<\/p>\n<p>Ces estimations, couvrant 204 pays et territoires et 47 types ou groupes de cancers, sont jug\u00e9es les plus pertinentes mais les calculs comportent une part d\u2019incertitude. Pour\u00a02023, les scientifiques donnent une fourchette d\u2019environ 16,4 \u00e0 20,7\u00a0millions de nouveaux cas et de 9,6 \u00e0 10,9\u00a0millions de d\u00e9c\u00e8s. La majorit\u00e9 des patients vivaient dans des pays \u00e0 revenu faible ou interm\u00e9diaire. Le <a href=\"https:\/\/www.20minutes.fr\/dossier\/cancer_du_sein\" class=\"c-link c-link--is-underlined\" target=\"_blank\" rel=\"noopener\">cancer du sein<\/a> \u00e9tait le cancer le plus diagnostiqu\u00e9 en\u00a02023, mais ceux de la trach\u00e9e, des bronches et du poumon font le plus de morts.<\/p>\n<p>Sans actions et financements suffisants, le nombre de nouveaux cas de cancer pourrait cro\u00eetre d\u2019environ 61\u00a0% dans le monde ces 25 prochaines ann\u00e9es pour atteindre 30,5\u00a0millions en\u00a02050, et le nombre annuel de d\u00e9c\u00e8s augmenter de pr\u00e8s de 75\u00a0% pour totaliser 18,5\u00a0millions, selon ce travail de mod\u00e9lisation.<\/p>\n<p>40\u00a0% des cancers \u00e9vitables<\/p>\n<p>Si ce sc\u00e9nario est jug\u00e9 le plus vraisemblable, il s\u2019accompagne d\u2019un lot substantiel d\u2019incertitudes. Les chercheurs \u00e9voquent ainsi une fourchette de 22,9 \u00e0 38,9\u00a0millions pour les nouveaux cas en\u00a02050, et de 15,6 \u00e0 21,5\u00a0millions pour les d\u00e9c\u00e8s. Plus de quatre d\u00e9c\u00e8s par cancer sur dix dans le monde en\u00a02023 (41,7\u00a0%) restent attribuables \u00e0 des facteurs de risque potentiellement modifiables, particuli\u00e8rement le tabagisme, mais aussi une mauvaise alimentation, une consommation d\u2019alcool importante, une glyc\u00e9mie \u00e9lev\u00e9e\u2026<\/p>\n<p>Insuffisante seule, la pr\u00e9vention doit \u00eatre compl\u00e9t\u00e9e par des diagnostics pr\u00e9coces et des traitements efficaces, soulignent les scientifiques, appelant \u00e0 redoubler d\u2019efforts pour r\u00e9duire les in\u00e9galit\u00e9s et augmenter les financements.<\/p>\n<p>Pr\u00e9cieuse pour les politiques de sant\u00e9 publique, cette \u00e9tude comporte certaines limites, reconnaissent ses auteurs. Des donn\u00e9es solides manquent par exemple dans certains pays, et l\u2019impact de la pand\u00e9mie de Covid ou des conflits r\u00e9cents sur le fardeau du cancer n\u2019est pas int\u00e9gr\u00e9.<\/p>\n","protected":false},"excerpt":{"rendered":"Le nombre de morts du cancer a bondi dans le monde en un quart de si\u00e8cle et pourrait&hellip;\n","protected":false},"author":2,"featured_media":417920,"comment_status":"","ping_status":"","sticky":false,"template":"","format":"standard","meta":{"footnotes":""},"categories":[10],"tags":[101,1011,27,72,226,6968,2570,71,19107],"class_list":{"0":"post-417919","1":"post","2":"type-post","3":"status-publish","4":"format-standard","5":"has-post-thumbnail","7":"category-sante","8":"tag-cancer","9":"tag-fr","10":"tag-france","11":"tag-health","12":"tag-maladie","13":"tag-mortalite","14":"tag-oms","15":"tag-sante","16":"tag-tumeur"},"share_on_mastodon":{"url":"https:\/\/pubeurope.com\/@fr\/115268258604376322","error":""},"_links":{"self":[{"href":"https:\/\/www.europesays.com\/fr\/wp-json\/wp\/v2\/posts\/417919","targetHints":{"allow":["GET"]}}],"collection":[{"href":"https:\/\/www.europesays.com\/fr\/wp-json\/wp\/v2\/posts"}],"about":[{"href":"https:\/\/www.europesays.com\/fr\/wp-json\/wp\/v2\/types\/post"}],"author":[{"embeddable":true,"href":"https:\/\/www.europesays.com\/fr\/wp-json\/wp\/v2\/users\/2"}],"replies":[{"embeddable":true,"href":"https:\/\/www.europesays.com\/fr\/wp-json\/wp\/v2\/comments?post=417919"}],"version-history":[{"count":0,"href":"https:\/\/www.europesays.com\/fr\/wp-json\/wp\/v2\/posts\/417919\/revisions"}],"wp:featuredmedia":[{"embeddable":true,"href":"https:\/\/www.europesays.com\/fr\/wp-json\/wp\/v2\/media\/417920"}],"wp:attachment":[{"href":"https:\/\/www.europesays.com\/fr\/wp-json\/wp\/v2\/media?parent=417919"}],"wp:term":[{"taxonomy":"category","embeddable":true,"href":"https:\/\/www.europesays.com\/fr\/wp-json\/wp\/v2\/categories?post=417919"},{"taxonomy":"post_tag","embeddable":true,"href":"https:\/\/www.europesays.com\/fr\/wp-json\/wp\/v2\/tags?post=417919"}],"curies":[{"name":"wp","href":"https:\/\/api.w.org\/{rel}","templated":true}]}}