{"id":417929,"date":"2025-09-26T02:37:12","date_gmt":"2025-09-26T02:37:12","guid":{"rendered":"https:\/\/www.europesays.com\/fr\/417929\/"},"modified":"2025-09-26T02:37:12","modified_gmt":"2025-09-26T02:37:12","slug":"une-reunion-inhabituelle-des-hauts-responsables-du-pentagone-au-centre-des-speculations","status":"publish","type":"post","link":"https:\/\/www.europesays.com\/fr\/417929\/","title":{"rendered":"Une r\u00e9union inhabituelle des hauts responsables du Pentagone au centre des sp\u00e9culations"},"content":{"rendered":"<p>Mais que pr\u00e9pare le minist\u00e8re de la D\u00e9fense am\u00e9ricain\u00a0? Le secr\u00e9taire am\u00e9ricain \u00e0 la D\u00e9fense, <a href=\"https:\/\/www.20minutes.fr\/politique\/pete-hegseth\/\" class=\"c-link c-link--is-underlined\" target=\"_blank\" rel=\"noopener\">Pete Hegseth<\/a>, a ordonn\u00e9 la tenue d\u2019une r\u00e9union exceptionnelle mardi prochain sur la base militaire de Quantico, en Virginie. Selon plusieurs m\u00e9dias am\u00e9ricains, des centaines de g\u00e9n\u00e9raux et d\u2019amiraux d\u00e9ploy\u00e9s dans le monde entier sont attendues, aux c\u00f4t\u00e9s de leurs principaux conseillers.<\/p>\n<p>Le Pentagone a confirm\u00e9 la tenue de la r\u00e9union, mais s\u2019est abstenu de donner plus de d\u00e9tails sur l\u2019objectif de celle-ci. D\u2019ailleurs, le \u00ab\u00a0<a href=\"https:\/\/www.20minutes.fr\/monde\/etats-unis\/4157002-20250605-etats-unis-theorie-pentagon-pizza-meter-quand-pizza-devient-indicateur-geopolitique\" class=\"c-link c-link--is-underlined\" target=\"_blank\" rel=\"noopener\">Pentagon Pizza Meter<\/a>\u00a0\u00bb s\u2019affole <a href=\"https:\/\/x.com\/PenPizzaReport\/status\/1971267389053620532\" rel=\"nofollow\" target=\"_blank\" class=\"c-link c-link--is-underlined\">sur X<\/a> (ex-Twitter). \u00ab\u00a0Les gens sont tr\u00e8s inquiets. Ils ne savent pas ce que cela signifie\u00a0\u00bb, affirme une personne sous couvert d\u2019anonymat cit\u00e9e par le <a href=\"https:\/\/www.washingtonpost.com\/national-security\/2025\/09\/25\/hegseth-generals-quantico-meeting\/\" rel=\"nofollow noopener\" target=\"_blank\" class=\"c-link c-link--is-underlined\">Washington Post<\/a>.<\/p>\n<\/p>\n<p>Le \u00ab\u00a0Squid Game des g\u00e9n\u00e9raux\u00a0\u00bb<\/p>\n<p>Le quotidien de la capitale am\u00e9ricaine d\u00e9crit d\u2019ailleurs cette rencontre comme \u00ab\u00a0hautement inhabituelle\u00a0\u00bb. L\u2019ordre aurait \u00e9t\u00e9 donn\u00e9 soudainement, prenant de court de nombreux officiers, y compris certains directement concern\u00e9s. Plusieurs hypoth\u00e8ses circulent\u00a0: un simple briefing strat\u00e9gique, un vaste remaniement, voire un renvoi collectif de certains officiers. Un responsable a m\u00eame plaisant\u00e9 en la surnommant \u00ab\u00a0le <a href=\"https:\/\/www.20minutes.fr\/arts-stars\/serie\/squid-game\/\" class=\"c-link c-link--is-underlined\" target=\"_blank\" rel=\"noopener\">Squid Game<\/a> des g\u00e9n\u00e9raux\u00a0\u00bb.<\/p>\n<p>Le journaliste ind\u00e9pendant Aaron Parnas d\u00e9crit la situation comme \u00ab\u00a0profond\u00e9ment anormale et inqui\u00e9tante\u00a0\u00bb, soulignant qu\u2019elle se d\u00e9roule dans un contexte de tensions accrues avec la Russie et l\u2019OTAN en Europe de l\u2019Est. Certaines voix au Congr\u00e8s s\u2019inqui\u00e8tent de la s\u00e9curit\u00e9, craignant de voir autant de hauts grad\u00e9s r\u00e9unis au m\u00eame endroit. \u00ab\u00a0Sauf s\u2019il s\u2019agit d\u2019annoncer une nouvelle campagne militaire majeure ou une refonte compl\u00e8te de la structure du commandement, je n\u2019imagine pas de bonne raison \u00e0 cela\u00a0\u00bb, a d\u00e9clar\u00e9 un conseiller cit\u00e9 par CNN.<\/p>\n<p><a href=\"https:\/\/www.20minutes.fr\/monde\/etats-unis\/\" class=\"c-link c-btn c-btn--primary\" target=\"_blank\" rel=\"noopener\">Tous nos articles sur les \u00c9tats-Unis<\/a>Turbulences en s\u00e9rie dans l\u2019arm\u00e9e am\u00e9ricaine<\/p>\n<p>Depuis le retour au pouvoir de <a href=\"https:\/\/www.20minutes.fr\/dossier\/donald_trump\" class=\"c-link c-link--is-underlined\" target=\"_blank\" rel=\"noopener\">Donald Trump<\/a> en janvier dernier, l\u2019arm\u00e9e am\u00e9ricaine traverse une p\u00e9riode de turbulences. Plusieurs hauts grad\u00e9s ont \u00e9t\u00e9 limog\u00e9s sans explication claire, souvent en lien avec la volont\u00e9 de Pete Hegseth de r\u00e9duire la place des politiques de diversit\u00e9 dans les forces arm\u00e9es. En mai, Pete Hegseth avait d\u00e9j\u00e0 ordonn\u00e9 une r\u00e9duction d\u2019au moins 20\u00a0% du nombre de g\u00e9n\u00e9raux quatre \u00e9toiles et d\u2019amiraux, sans que l\u2019on sache si la r\u00e9union de mardi est directement li\u00e9e \u00e0 cette d\u00e9cision.<\/p>\n<p>Avant m\u00eame d\u2019\u00eatre nomm\u00e9 \u00e0 la t\u00eate du Pentagone, Pete Hegseth avait critiqu\u00e9 publiquement les plus hauts responsables militaires, accusant un tiers d\u2019entre eux d\u2019\u00eatre \u00ab\u00a0activement complices\u00a0\u00bb d\u2019une politisation de l\u2019arm\u00e9e et de \u00ab\u00a0jouer selon les mauvaises r\u00e8gles\u00a0\u00bb pour satisfaire des \u00ab\u00a0id\u00e9ologues \u00e0 Washington\u00a0\u00bb. Affaire \u00e0 suivre mardi prochain donc.<\/p>\n","protected":false},"excerpt":{"rendered":"Mais que pr\u00e9pare le minist\u00e8re de la D\u00e9fense am\u00e9ricain\u00a0? Le secr\u00e9taire am\u00e9ricain \u00e0 la D\u00e9fense, Pete Hegseth, a&hellip;\n","protected":false},"author":2,"featured_media":417930,"comment_status":"","ping_status":"","sticky":false,"template":"","format":"standard","meta":{"footnotes":""},"categories":[5],"tags":[47,11,75,73,1011,27,14,74,12,136,1068,1066,132,31620,2744,28],"class_list":{"0":"post-417929","1":"post","2":"type-post","3":"status-publish","4":"format-standard","5":"has-post-thumbnail","7":"category-international","8":"tag-actualite","9":"tag-actualites","10":"tag-donald-trump","11":"tag-etats-unis","12":"tag-fr","13":"tag-france","14":"tag-international","15":"tag-monde","16":"tag-news","17":"tag-otan","18":"tag-pentagone","19":"tag-pete-hegseth","20":"tag-russie","21":"tag-virginie","22":"tag-washington","23":"tag-world"},"share_on_mastodon":{"url":"https:\/\/pubeurope.com\/@fr\/115268278215610282","error":""},"_links":{"self":[{"href":"https:\/\/www.europesays.com\/fr\/wp-json\/wp\/v2\/posts\/417929","targetHints":{"allow":["GET"]}}],"collection":[{"href":"https:\/\/www.europesays.com\/fr\/wp-json\/wp\/v2\/posts"}],"about":[{"href":"https:\/\/www.europesays.com\/fr\/wp-json\/wp\/v2\/types\/post"}],"author":[{"embeddable":true,"href":"https:\/\/www.europesays.com\/fr\/wp-json\/wp\/v2\/users\/2"}],"replies":[{"embeddable":true,"href":"https:\/\/www.europesays.com\/fr\/wp-json\/wp\/v2\/comments?post=417929"}],"version-history":[{"count":0,"href":"https:\/\/www.europesays.com\/fr\/wp-json\/wp\/v2\/posts\/417929\/revisions"}],"wp:featuredmedia":[{"embeddable":true,"href":"https:\/\/www.europesays.com\/fr\/wp-json\/wp\/v2\/media\/417930"}],"wp:attachment":[{"href":"https:\/\/www.europesays.com\/fr\/wp-json\/wp\/v2\/media?parent=417929"}],"wp:term":[{"taxonomy":"category","embeddable":true,"href":"https:\/\/www.europesays.com\/fr\/wp-json\/wp\/v2\/categories?post=417929"},{"taxonomy":"post_tag","embeddable":true,"href":"https:\/\/www.europesays.com\/fr\/wp-json\/wp\/v2\/tags?post=417929"}],"curies":[{"name":"wp","href":"https:\/\/api.w.org\/{rel}","templated":true}]}}