{"id":417931,"date":"2025-09-26T02:39:13","date_gmt":"2025-09-26T02:39:13","guid":{"rendered":"https:\/\/www.europesays.com\/fr\/417931\/"},"modified":"2025-09-26T02:39:13","modified_gmt":"2025-09-26T02:39:13","slug":"au-deuxieme-jour-du-proces-le-violeur-de-claire-geronimi-invoque-une-voix-et-le-diable","status":"publish","type":"post","link":"https:\/\/www.europesays.com\/fr\/417931\/","title":{"rendered":"au deuxi\u00e8me jour du proc\u00e8s, le violeur de Claire Geronimi invoque \u00abune voix\u00bb et \u00able diable\u00bb"},"content":{"rendered":"<p><strong>COMPTE RENDU D\u2019AUDIENCE <\/strong>&#8211; Jordy Goukara, un Centrafricain de 27 ans, a multipli\u00e9 les provocations au cours des d\u00e9bats, ne manifestant aucune empathie pour les victimes, Mathilde et Claire Geronimi.<\/p>\n<p class=\"fig-paragraph\"><a href=\"http:\/\/www.lefigaro.fr\/faits-divers\/je-sentais-que-je-basculais-du-cote-obscur-le-profil-tres-inquietant-du-clandestin-sous-oqtf-accuse-du-viol-de-claire-geronimi-20250924\" target=\"_blank\" data-fig-type=\"NewsFlash\" rel=\"noopener\" data-gtm-custom-categorie=\"navigation\" data-gtm-custom-action=\"crossclick\" data-gtm-custom-label=\"Contextuel\" data-gtm-event=\"customEventSPE\" data-fig-domain=\"LEFIGARO\">Au deuxi\u00e8me jour de son proc\u00e8s<\/a>\u00a0pour les viols de Mathilde et Claire Geronimi, Jordy Goukara, un Centrafricain de 27 ans vis\u00e9 par plusieurs obligations de quitter le territoire fran\u00e7ais (OQTF), a abattu une carte pour le moins d\u00e9concertante. \u00abCe jour-l\u00e0, on m\u2019a soufflot\u00e9 (sic) dans l\u2019oreille. J\u2019ai vrill\u00e9, c\u2019est comme si j\u2019\u00e9tais pirat\u00e9\u00bb, avance-t-il pour expliquer les viols dont il est accus\u00e9. Tout en admettant qu\u2019il \u00e9tait \u00abconscient de ses actes\u00bb, il invoque \u00abune voix\u00bb, \u00abune force\u00bb puis finalement \u00able diable\u00bb. \u00abPar trois fois, j\u2019ai pri\u00e9 le Seigneur de l\u2019\u00e9carter de moi\u00bb, r\u00e9p\u00e8te-t-il en faisant r\u00e9f\u00e9rence \u00e0 la Bible.<\/p>\n<p class=\"fig-paragraph\">Plus t\u00f4t, un \u00e9minent psychiatre, le docteur Roland Coutanceau, a \u00e9cart\u00e9 toute pathologie mentale chez l\u2019accus\u00e9. Jordy Goukara est donc \u00abaccessible \u00e0 une sanction p\u00e9nale\u00bb, a ainsi expliqu\u00e9 l\u2019expert qui a d\u00e9crit \u00abun sujet un peu \u00e9gocentr\u00e9, avec \u00e0 l\u2019arri\u00e8re-plan une m\u00e9galomanie enfantine persistante, parfois frustre, un peu instinctif\u00bb.<\/p>\n<p>Deux viols en pleine journ\u00e9e<\/p>\n<p class=\"fig-paragraph\">Samedi 11 novembre 2023, Jordy Goukara, sans domicile\u2026<\/p>\n<p class=\"fig-premium-paywall__infos\">\n        Cet article est r\u00e9serv\u00e9 aux abonn\u00e9s.        Il vous reste 79% \u00e0 d\u00e9couvrir.\n    <\/p>\n<p>                <img  data- alt=\"Le Figaro\" class=\"fig-img--complete fig-img\"\/><\/p>\n<p class=\"fig-premium-paywall__title\">Vous avez envie de lire la suite ?<\/p>\n<p class=\"fig-premium-paywall__subtitle\">D\u00e9bloquez tous les articles imm\u00e9diatement.<\/p>\n<p class=\"fig-premium-paywall__connect\">\n                D\u00e9j\u00e0 abonn\u00e9\u00a0?                <a class=\"fig-premium-paywall__connect-link\" href=\"https:\/\/connect.lefigaro.fr\/login?client=horizon_web&amp;type=main&amp;redirect_uri=https%3A%2F%2Fwww.lefigaro.fr%2Ffaits-divers%2Fc-est-comme-si-j-etais-pirate-au-deuxieme-jour-du-proces-le-violeur-de-claire-geronimi-invoque-une-voix-et-le-diable-20250925\" data-js-gtm=\"{&quot;customCategorie&quot;: &quot;conversion&quot;, &quot;customAction&quot;: &quot;before_Landing_Connexion_paywall_auto&quot;, &quot;customLabel&quot;: &quot;bGVmaWdhcm8uZnJfXzFmMDlhMWMxLWIyZjAtNjVkMC1iNjZjLTYxNmEyZDZjOTZhMl9fTmV3c0ZsYXNo_\u00abC\u2019est comme si j\u2019\u00e9tais pirat\u00e9\u00bb\u00a0: au deuxi\u00e8me jour du proc\u00e8s, le violeur de Claire Geronimi invoque \u00abune voix\u00bb et \u00able diable\u00bb_45&quot;, &quot;customIDSPE&quot;: &quot;bGVmaWdhcm8uZnJfXzFmMDlhMWMxLWIyZjAtNjVkMC1iNjZjLTYxNmEyZDZjOTZhMl9fTmV3c0ZsYXNo&quot;, &quot;event&quot;: &quot;customEventSPE&quot;}\" target=\"_blank\" rel=\"noopener\"><br \/>\n                    Connectez-vous<br \/>\n                <\/a>\n            <\/p>\n","protected":false},"excerpt":{"rendered":"COMPTE RENDU D\u2019AUDIENCE &#8211; Jordy Goukara, un Centrafricain de 27 ans, a multipli\u00e9 les provocations au cours des&hellip;\n","protected":false},"author":2,"featured_media":417932,"comment_status":"","ping_status":"","sticky":false,"template":"","format":"standard","meta":{"footnotes":""},"categories":[2],"tags":[11,1011,27,12,4347,2694,1265],"class_list":{"0":"post-417931","1":"post","2":"type-post","3":"status-publish","4":"format-standard","5":"has-post-thumbnail","7":"category-actualites","8":"tag-actualites","9":"tag-fr","10":"tag-france","11":"tag-news","12":"tag-oqtf","13":"tag-proces","14":"tag-viol"},"share_on_mastodon":{"url":"https:\/\/pubeurope.com\/@fr\/115268286067932853","error":""},"_links":{"self":[{"href":"https:\/\/www.europesays.com\/fr\/wp-json\/wp\/v2\/posts\/417931","targetHints":{"allow":["GET"]}}],"collection":[{"href":"https:\/\/www.europesays.com\/fr\/wp-json\/wp\/v2\/posts"}],"about":[{"href":"https:\/\/www.europesays.com\/fr\/wp-json\/wp\/v2\/types\/post"}],"author":[{"embeddable":true,"href":"https:\/\/www.europesays.com\/fr\/wp-json\/wp\/v2\/users\/2"}],"replies":[{"embeddable":true,"href":"https:\/\/www.europesays.com\/fr\/wp-json\/wp\/v2\/comments?post=417931"}],"version-history":[{"count":0,"href":"https:\/\/www.europesays.com\/fr\/wp-json\/wp\/v2\/posts\/417931\/revisions"}],"wp:featuredmedia":[{"embeddable":true,"href":"https:\/\/www.europesays.com\/fr\/wp-json\/wp\/v2\/media\/417932"}],"wp:attachment":[{"href":"https:\/\/www.europesays.com\/fr\/wp-json\/wp\/v2\/media?parent=417931"}],"wp:term":[{"taxonomy":"category","embeddable":true,"href":"https:\/\/www.europesays.com\/fr\/wp-json\/wp\/v2\/categories?post=417931"},{"taxonomy":"post_tag","embeddable":true,"href":"https:\/\/www.europesays.com\/fr\/wp-json\/wp\/v2\/tags?post=417931"}],"curies":[{"name":"wp","href":"https:\/\/api.w.org\/{rel}","templated":true}]}}