{"id":417938,"date":"2025-09-26T02:45:12","date_gmt":"2025-09-26T02:45:12","guid":{"rendered":"https:\/\/www.europesays.com\/fr\/417938\/"},"modified":"2025-09-26T02:45:12","modified_gmt":"2025-09-26T02:45:12","slug":"a-la-seyne-le-maire-remplacant-joseph-minniti-sera-finalement-candidat-aux-municipales","status":"publish","type":"post","link":"https:\/\/www.europesays.com\/fr\/417938\/","title":{"rendered":"A La Seyne, le maire rempla\u00e7ant Joseph Minniti sera finalement candidat aux municipales"},"content":{"rendered":"<p class=\"fs-5 \">En mai dernier, \u00e0 l\u2019issue d\u2019un vote \u00e9touffant du conseil municipal pour d\u00e9signer le rempla\u00e7ant de Nathalie Bicais, son adjoint Joseph Minniti l\u2019avait finalement emport\u00e9 face \u00e0 Jean-Pierre Colin, mais seulement au b\u00e9n\u00e9fice de l\u2019\u00e2ge (82 ans). \u00ab Jusqu\u2019en mars 2026, je vais m\u2019investir pour la commune et pr\u00e9parer une succession \u00bb, avait-il annonc\u00e9, juste apr\u00e8s avoir enfil\u00e9 l\u2019\u00e9charpe tricolore. Il semblait alors act\u00e9 qu\u2019il ne se voyait pas diriger la ville au-del\u00e0 de ce mandat.<\/p>\n<p class=\"fs-5 \">Mais la r\u00e9alit\u00e9 du mois de septembre n\u2019est plus celle du mois de mai. Aujourd\u2019hui, Jo Minniti d\u00e9clare officiellement sa candidature. \u00ab L\u2019in\u00e9ligibilit\u00e9 de Nathalie Bicais a profond\u00e9ment d\u00e9s\u00e9quilibr\u00e9 le conseil municipal et il a fallu trouver un candidat parmi la majorit\u00e9, resitue-t-il. Certains m\u2019ont convaincu qu\u2019\u00e9tant le plus \u00e2g\u00e9, j\u2019\u00e9tais celui qui avait, peut-\u00eatre, le plus d\u2019exp\u00e9rience de la ville. Et, surtout, on ne pouvait pas me suspecter de faire un choix de carri\u00e8re\u2026 \u00bb<\/p>\n<p class=\"fs-5 \">Son ambition, assure-t-il, \u00e9tait \u00ab avant toute chose d\u2019apaiser la situation \u00bb. \u00ab Car depuis 2022, nous avons connu des s\u00e9ances dignes d\u2019une gu\u00e9rilla politique : invectives, blocages, d\u00e9sordre\u2026 Bien loin du d\u00e9bat r\u00e9publicain que m\u00e9rite notre conseil. Et je pense qu\u2019avec l\u2019\u00e9quipe rest\u00e9e fid\u00e8le, nous y sommes parvenus, observe aujourd\u2019hui M. Minniti. L\u2019apaisement est revenu, y compris dans l\u2019opposition. \u00bb<\/p>\n<p>                                                                                Pour \u00ab sauver \u00bb la M\u00e9tropole<\/p>\n<p class=\"fs-5 \">Aur\u00e9ol\u00e9 de cet \u00ab exploit \u00bb, sa r\u00e9flexion a \u00e9volu\u00e9. \u00ab Je me lance \u00e0 nouveau parce que mes \u00e9lus, de nombreux Seynois et les maires des communes voisines m\u2019ont demand\u00e9 de poursuivre l\u2019\u0153uvre entreprise ensemble. \u00bb Parmi lesdits maires alli\u00e9s, il cite ceux de Toulon, Six-Fours, Saint-Mandrier, Ollioules\u2026 \u00ab Parce que j\u2019ai renou\u00e9 le dialogue avec eux, et parce qu\u2019il y a, \u00e9videmment, le risque de voir l\u2019extr\u00eame droite passer \u00e0 Toulon. Et si La Seyne devait basculer aussi, c\u2019est tout TPM qui basculerait\u2026 \u00bb Il annonce encore avoir l\u2019appui du pr\u00e9sident de la M\u00e9tropole Jean-Pierre Giran, entre autres.<\/p>\n<p class=\"fs-5 \">Et, fort de seize adjoints et conseillers municipaux actuels toujours \u00e0 ses c\u00f4t\u00e9s (1), il estime incarner l\u2019option la plus solide et rassembleuse pour la deuxi\u00e8me ville du Var : \u00ab Ce dont La Seyne a besoin, ce n\u2019est ni d\u2019un saut dans l\u2019inconnu, ni d\u2019un nouveau mandat min\u00e9 par les r\u00e8glements de comptes. Pas plus que d\u2019un \u00e9lu qui ne conna\u00eet ni la ville, ni les Seynois. Ni d\u2019un maire isol\u00e9, incapable de peser \u00e0 l\u2019\u00e9chelle de la M\u00e9tropole. Tous ces dangers am\u00e8neraient \u00e0 une seule chose : faire reculer La Seyne. \u00bb<\/p>\n<p>                                                                                \u00ab Tout le monde a le droit d\u2019\u00eatre candidat \u00bb<\/p>\n<p class=\"fs-5 \">Ne comptez donc pas sur cet ap\u00f4tre de \u00ab l\u2019apaisement \u00bb et de \u00ab la stabilit\u00e9 \u00bb pour remettre de l\u2019huile sur le feu. Ou alors tr\u00e8s peu. Une r\u00e9action tout de m\u00eame \u00e0 la r\u00e9cente d\u00e9claration de candidature de son adjoint \u00e0 la s\u00e9curit\u00e9, Cheik Mansour ? \u00ab J\u2019estime que tout le monde a le droit d\u2019\u00eatre candidat. Sur la forme, je lui reprocherai seulement de ne l\u2019avoir jamais annonc\u00e9 au cours d\u2019un de nos nombreux conseils de majorit\u00e9 : on l\u2019a appris dans Var-matin ! Maintenant, tout le monde conna\u00eet les potentielles cons\u00e9quences de la division, donc s\u2019il veut nous rejoindre, il sera le bienvenu, tout comme Christine Cuniberti qu\u2019il a recrut\u00e9e. \u00bb<\/p>\n<p class=\"fs-5 \">Pas de sanction particuli\u00e8re, pas de retrait de d\u00e9l\u00e9gations, donc ? \u00ab Non, \u00e7a suffit les r\u00e8glements de comptes&#8230; Je regrette surtout que M. Mansour soit pilot\u00e9 par l\u2019ancienne maire, l\u00e2che-t-il toutefois. Mais, l\u00e0 encore, je ne veux pas rentrer dans les attaques. Je dirais simplement que cela m\u2019attriste, car on est un certain nombre ici \u00e0 lui avoir permis de faire cinq ans de mandat. \u00bb<\/p>\n<p class=\"fs-5 \">Nathalie Bicais a effectivement affich\u00e9 r\u00e9cemment son soutien \u00e0 M. Mansour (Var-matin du 17\/09), mais aussi \u00e9voqu\u00e9 l\u2019id\u00e9e que Christine Sinquin, sa premi\u00e8re adjointe, aurait pu se sentir \u00ab spoli\u00e9e \u00bb par Joseph Minniti. Cette derni\u00e8re a tenu \u00e0 pr\u00e9ciser sa position, au-del\u00e0 de sa seule pr\u00e9sence significative aux c\u00f4t\u00e9s du maire sortant, le jour de sa d\u00e9claration : \u00ab Il n\u2019y a pas lieu de pol\u00e9miquer, ni aucune ambigu\u00eft\u00e9, dit-elle. Je me suis rang\u00e9e derri\u00e8re M. Minniti en mai, en concertation avec toute l\u2019\u00e9quipe, et il avait toute ma confiance. Et ces quatre derniers mois de travail, apais\u00e9 et harmonieux, avec une \u00e9quipe soud\u00e9e et motiv\u00e9e, me confortent dans l\u2019id\u00e9e qu\u2019il faut continuer dans cette direction, pour les Seynois. Notre ville a vraiment besoin de stabilit\u00e9 dans sa gouvernance politique, notamment pour l\u2019aboutissement de nos grands projets \u00bb.<\/p>\n<p class=\"fs-5 \">Le candidat s\u2019autorisera une seule charge en r\u00e8gle : \u00ab Il n\u2019y aura aucune alliance possible avec tous ceux qui n\u2019ont eu de cesse, durant ce mandat, d\u2019emp\u00eacher le maire et son \u00e9quipe de travailler \u00bb, lance Joseph Minniti. Jean-Pierre Colin en t\u00eate, et quelques autres, se reconna\u00eetront.<\/p>\n<p>                                                                                Son \u00e2ge ? \u00ab Jusqu\u2019ici tout va bien, merci \u00bb<\/p>\n<p class=\"fs-5 \">Enfin, il anticipe : \u00ab Certains adversaires pr\u00e9senteront mon \u00e2ge comme un handicap, et \u00e7a a m\u00eame d\u00e9j\u00e0 commenc\u00e9\u2026 Mais je veux les rassurer tout de suite : le seul traitement que je connaisse, c\u2019est un Doliprane quand j\u2019ai un peu mal \u00e0 la t\u00eate. Donc tout va bien jusqu\u2019ici, merci. Toutefois, si je devais avoir un coup de faiblesse, il faudra un (ou une) successeur\u2026 \u00bb Mais pas question d\u2019adouber quelqu\u2019un d\u00e8s \u00e0 pr\u00e9sent : \u00ab \u00e7 a se d\u00e9cidera uniquement \u00e0 la lumi\u00e8re des comp\u00e9tences et du travail fourni durant le mandat, \u00e9videmment. \u00bb Et puis&#8230; \u00ab Deux de mes grands-parents sont partis \u00e0 102 et 103 ans \u00bb, glisse-t-il en riant.<\/p>\n<p class=\"fs-5 \">1. De g. \u00e0 dr. sur la photo, entourant le candidat : St\u00e9phane Lancellotta, Basma Bouchkara, Pierre Garcin, Bertrand Pin, \u00c9lisabeth Gues, Christine Sinquin, Marie-Claude Paganelli-Argiolas, Daniel Martinez, Dominique Lexa, V\u00e9ronique Leportois, Yves Dimeglio et Virginie Sanchez. Absents sur la photo mais soutiens de Joseph Minniti : Val\u00e9rie Guittienne, Narj\u00e8s Ouerghi, Cassandra V\u00e9rani-La\u00ef et Dominique Baviera.<\/p>\n","protected":false},"excerpt":{"rendered":"En mai dernier, \u00e0 l\u2019issue d\u2019un vote \u00e9touffant du conseil municipal pour d\u00e9signer le rempla\u00e7ant de Nathalie Bicais,&hellip;\n","protected":false},"author":2,"featured_media":417939,"comment_status":"","ping_status":"","sticky":false,"template":"","format":"standard","meta":{"footnotes":""},"categories":[9619],"tags":[1111,11,1777,674,1011,27,3434,12,882,25,2310],"class_list":{"0":"post-417938","1":"post","2":"type-post","3":"status-publish","4":"format-standard","5":"has-post-thumbnail","7":"category-toulon","8":"tag-actu","9":"tag-actualites","10":"tag-eu","11":"tag-europe","12":"tag-fr","13":"tag-france","14":"tag-municipales-2026","15":"tag-news","16":"tag-provence-alpes-cote-dazur","17":"tag-republique-francaise","18":"tag-toulon"},"share_on_mastodon":{"url":"https:\/\/pubeurope.com\/@fr\/115268309735647144","error":""},"_links":{"self":[{"href":"https:\/\/www.europesays.com\/fr\/wp-json\/wp\/v2\/posts\/417938","targetHints":{"allow":["GET"]}}],"collection":[{"href":"https:\/\/www.europesays.com\/fr\/wp-json\/wp\/v2\/posts"}],"about":[{"href":"https:\/\/www.europesays.com\/fr\/wp-json\/wp\/v2\/types\/post"}],"author":[{"embeddable":true,"href":"https:\/\/www.europesays.com\/fr\/wp-json\/wp\/v2\/users\/2"}],"replies":[{"embeddable":true,"href":"https:\/\/www.europesays.com\/fr\/wp-json\/wp\/v2\/comments?post=417938"}],"version-history":[{"count":0,"href":"https:\/\/www.europesays.com\/fr\/wp-json\/wp\/v2\/posts\/417938\/revisions"}],"wp:featuredmedia":[{"embeddable":true,"href":"https:\/\/www.europesays.com\/fr\/wp-json\/wp\/v2\/media\/417939"}],"wp:attachment":[{"href":"https:\/\/www.europesays.com\/fr\/wp-json\/wp\/v2\/media?parent=417938"}],"wp:term":[{"taxonomy":"category","embeddable":true,"href":"https:\/\/www.europesays.com\/fr\/wp-json\/wp\/v2\/categories?post=417938"},{"taxonomy":"post_tag","embeddable":true,"href":"https:\/\/www.europesays.com\/fr\/wp-json\/wp\/v2\/tags?post=417938"}],"curies":[{"name":"wp","href":"https:\/\/api.w.org\/{rel}","templated":true}]}}