{"id":417946,"date":"2025-09-26T02:49:17","date_gmt":"2025-09-26T02:49:17","guid":{"rendered":"https:\/\/www.europesays.com\/fr\/417946\/"},"modified":"2025-09-26T02:49:17","modified_gmt":"2025-09-26T02:49:17","slug":"people-lincroyable-voeu-dadele-10-ans-et-atteinte-de-paralysie-cerebrale-exauce-par-julien-dore-au-zenith-de-rouen","status":"publish","type":"post","link":"https:\/\/www.europesays.com\/fr\/417946\/","title":{"rendered":"People. L&rsquo;incroyable v\u0153u d&rsquo;Ad\u00e8le, 10 ans et atteinte de paralysie c\u00e9r\u00e9brale, exauc\u00e9 par Julien Dor\u00e9 au Z\u00e9nith de Rouen"},"content":{"rendered":"<p melodystyle=\"texte\">Tout est parti d&rsquo;un simple message partag\u00e9 par sa famille\u00a0: \u00ab\u00a0Qui ne tente rien n&rsquo;a rien\u00a0!\u00a0\u00bb\u00a0Sur les r\u00e9seaux, on d\u00e9couvre Ad\u00e8le, 10 ans, tenant des pancartes sur lesquelles elle explique son r\u00eave\u00a0: assister pour la premi\u00e8re fois \u00e0 un concert, celui de son idole, <a href=\"https:\/\/www.tendanceouest.com\/actualite-425463-television-joseph-kamel-de-la-musique-a-la-police-il-rejoint-panda-sur-tf1-aux-cotes-de-julien-dore\" target=\"_blank\" rel=\"nofollow noopener\"><b>Julien Dor\u00e9<\/b><\/a>, au <a href=\"https:\/\/www.tendanceouest.com\/actualite-422266-musique-julien-dore-annonce-de-nouveaux-concerts-en-normandie\" target=\"_blank\" rel=\"nofollow noopener\">Z\u00e9nith de Rouen<\/a>. Atteinte de paralysie c\u00e9r\u00e9brale, la fillette exprimait un souhait clair\u00a0: rencontrer l&rsquo;artiste qu&rsquo;elle admire tant.<\/p>\n<p>Julien Dor\u00e9 r\u00e9pond directement \u00e0 Ad\u00e8le<\/p>\n<p melodystyle=\"texte\">La magie d&rsquo;Internet a op\u00e9r\u00e9. En d\u00e9couvrant l&rsquo;appel d&rsquo;Ad\u00e8le, <a href=\"https:\/\/www.tendanceouest.com\/actualite-422348-musique-le-coup-de-genie-de-julien-dore-pour-soutenir-la-spa\" target=\"_blank\" rel=\"nofollow noopener\">Julien Dor\u00e9<\/a> a pris la parole avec un message plein de tendresse\u00a0: \u00ab\u00a0Coucou, Ad\u00e8le, c&rsquo;est avec un immense plaisir que nous nous rencontrerons au Z\u00e9nith de Rouen. J&rsquo;organise tout \u00e7a. Bisous.\u00a0\u00bb Un geste simple, mais qui a boulevers\u00e9 la famille et tous ceux qui ont relay\u00e9 l&rsquo;appel.<\/p>\n<p>La r\u00e9action d&rsquo;Ad\u00e8le\u00a0: un sourire qui vaut de l&rsquo;or<\/p>\n<p melodystyle=\"texte\">Lorsque sa maman lui montre la vid\u00e9o de r\u00e9ponse de <a href=\"https:\/\/www.tendanceouest.com\/actualite-427085-musique-decouvrez-le-titre-francais-le-plus-diffuse-a-la-radio-en-2024\" target=\"_blank\" rel=\"nofollow noopener\">Julien Dor\u00e9<\/a> \u00e0 la sortie de l&rsquo;\u00e9cole, la petite fille n&rsquo;en revient pas. Ses yeux brillent, son sourire est immense. La sc\u00e8ne, film\u00e9e par sa famille, a rapidement \u00e9mu de nombreux internautes. \u00ab\u00a0Ce sourire n&rsquo;a pas de prix\u00a0\u00bb, \u00e9crit sa maman, submerg\u00e9e par l&rsquo;\u00e9motion.<\/p>\n<p melodystyle=\"textnoprint\">\n<p>Rendez-vous au Z\u00e9nith de Rouen le 4\u00a0octobre<\/p>\n<p melodystyle=\"texte\">Le grand jour approche. Samedi 4\u00a0octobre 2025, Ad\u00e8le assistera \u00e0 son tout premier concert, celui de Julien Dor\u00e9, et aura la chance de rencontrer son idole en coulisses. Un moment qu&rsquo;elle attend avec une impatience immense, entour\u00e9e de ses proches. Et un souvenir qui restera grav\u00e9 \u00e0 vie.<\/p>\n<p melodystyle=\"texte\">Et si vous voulez soutenir Ad\u00e8le, l&rsquo;association, c&rsquo;est <a href=\"https:\/\/www.facebook.com\/PourAiderAdele\" target=\"_blank\" rel=\"nofollow noopener\">par ici<\/a>\u00a0!<\/p>\n","protected":false},"excerpt":{"rendered":"Tout est parti d&rsquo;un simple message partag\u00e9 par sa famille\u00a0: \u00ab\u00a0Qui ne tente rien n&rsquo;a rien\u00a0!\u00a0\u00bb\u00a0Sur les r\u00e9seaux,&hellip;\n","protected":false},"author":2,"featured_media":417947,"comment_status":"","ping_status":"","sticky":false,"template":"","format":"standard","meta":{"footnotes":""},"categories":[9587],"tags":[1111,11,1777,674,1011,27,12,5161,25,9590],"class_list":{"0":"post-417946","1":"post","2":"type-post","3":"status-publish","4":"format-standard","5":"has-post-thumbnail","7":"category-rouen","8":"tag-actu","9":"tag-actualites","10":"tag-eu","11":"tag-europe","12":"tag-fr","13":"tag-france","14":"tag-news","15":"tag-normandie","16":"tag-republique-francaise","17":"tag-rouen"},"share_on_mastodon":{"url":"https:\/\/pubeurope.com\/@fr\/115268325424029018","error":""},"_links":{"self":[{"href":"https:\/\/www.europesays.com\/fr\/wp-json\/wp\/v2\/posts\/417946","targetHints":{"allow":["GET"]}}],"collection":[{"href":"https:\/\/www.europesays.com\/fr\/wp-json\/wp\/v2\/posts"}],"about":[{"href":"https:\/\/www.europesays.com\/fr\/wp-json\/wp\/v2\/types\/post"}],"author":[{"embeddable":true,"href":"https:\/\/www.europesays.com\/fr\/wp-json\/wp\/v2\/users\/2"}],"replies":[{"embeddable":true,"href":"https:\/\/www.europesays.com\/fr\/wp-json\/wp\/v2\/comments?post=417946"}],"version-history":[{"count":0,"href":"https:\/\/www.europesays.com\/fr\/wp-json\/wp\/v2\/posts\/417946\/revisions"}],"wp:featuredmedia":[{"embeddable":true,"href":"https:\/\/www.europesays.com\/fr\/wp-json\/wp\/v2\/media\/417947"}],"wp:attachment":[{"href":"https:\/\/www.europesays.com\/fr\/wp-json\/wp\/v2\/media?parent=417946"}],"wp:term":[{"taxonomy":"category","embeddable":true,"href":"https:\/\/www.europesays.com\/fr\/wp-json\/wp\/v2\/categories?post=417946"},{"taxonomy":"post_tag","embeddable":true,"href":"https:\/\/www.europesays.com\/fr\/wp-json\/wp\/v2\/tags?post=417946"}],"curies":[{"name":"wp","href":"https:\/\/api.w.org\/{rel}","templated":true}]}}