{"id":417953,"date":"2025-09-26T02:56:44","date_gmt":"2025-09-26T02:56:44","guid":{"rendered":"https:\/\/www.europesays.com\/fr\/417953\/"},"modified":"2025-09-26T02:56:44","modified_gmt":"2025-09-26T02:56:44","slug":"strasbourg-ce-feu-de-circulation-passe-trop-vite-au-rouge-et-rend-fou-les-automobilistes-cest-un-carnage","status":"publish","type":"post","link":"https:\/\/www.europesays.com\/fr\/417953\/","title":{"rendered":"Strasbourg. Ce feu de circulation passe trop vite au rouge et rend fou les automobilistes : \u00ab\u00a0C&rsquo;est\u00a0un\u00a0carnage\u00a0\u00bb"},"content":{"rendered":"<p>            Par<br \/>\n        <strong><br \/>\n            <a href=\"https:\/\/actu.fr\/auteur\/thomas-blanc\" title=\"Consulter tous les articles de Thomas Blanc\" rel=\"nofollow noopener\" target=\"_blank\">Thomas Blanc<\/a><br \/>\n        <\/strong><\/p>\n<p>        Publi\u00e9 le<\/p>\n<p>            25 sept. 2025 \u00e0 11h22        <\/p>\n<p><strong>Des v\u00e9hicules \u00e0 perte de vue<\/strong>, voil\u00e0 ce que l\u2019on peut voir quand on sort de la micro-cr\u00e8che Les Anges de Neudorf, situ\u00e9e sur la route de l\u2019H\u00f4pital \u00e0 Strasbourg, au niveau de la place du Schluthfeld. La cause de tout cela\u2009? L\u2019installation par la mairie d\u2019un <strong>nouveau feu<\/strong> de <a href=\"https:\/\/actu.fr\/tag\/circulation\" rel=\"nofollow noopener\" target=\"_blank\">circulation<\/a> \u00e0 l\u2019intersection de la rue du Ban-de-Sapt.<\/p>\n<p>    <a href=\"https:\/\/www.google.com\/maps\/embed?pb=!1m18!1m12!1m3!1d453.4268100513979!2d7.75130916346884!3d48.569083797869105!2m3!1f0!2f0!3f0!3m2!1i1024!2i768!4f13.1!3m3!1m2!1s0x4796c91d10c4e851%3A0xa45e4673cc9c2466!2sLes%20anges%20de%20Neudorf!5e0!3m2!1sfr!2sfr!4v1758723033133!5m2!1sfr!2sfr\" title=\"Ouvrie le lien\" rel=\"nofollow noopener\" target=\"_blank\">Cliquez ici pour visualiser le contenu<\/a><\/p>\n<p>De gros probl\u00e8mes de circulation depuis l\u2019installation du feu<\/p>\n<p class=\" wall-content\">Le feu de circulation a \u00e9t\u00e9 install\u00e9 en parall\u00e8le des travaux r\u00e9alis\u00e9s sur l\u2019avenue de Colmar et la route de l\u2019H\u00f4pital pour installer une <strong>nouvelle piste cyclable<\/strong> et modifier le <a href=\"https:\/\/actu.fr\/tag\/stationnement\" rel=\"nofollow noopener\" target=\"_blank\">stationnement<\/a> sur la chauss\u00e9e.<\/p>\n<p>    <img   decoding=\"async\" loading=\"lazy\" src=\"https:\/\/www.europesays.com\/fr\/wp-content\/uploads\/2025\/09\/feu-rouge-strasbourg-embouteillage-960x640.jpg\" alt=\"Une file interminable de voitures se forme dans cette rue auparavant sans difficult\u00e9.\" width=\"960\" height=\"640\"\/><br \/>\n    Une file interminable de voitures se forme dans cette rue auparavant sans difficult\u00e9. (\u00a9Thomas Blanc \/ actu Strasbourg)<\/p>\n<p class=\" wall-content\">Probl\u00e8me\u2009: le feu ne passe au vert que durant une quinzaine de secondes, laissant \u00e0 peine le temps \u00e0 <strong>quatre ou cinq voitures de passer<\/strong>. En revanche, il reste <strong>plusieurs dizaines de seconde au rouge<\/strong>, permettant ainsi la<strong> formation d\u2019une longue file de voitures<\/strong>.<\/p>\n<p>\u00ab\u2009Pourquoi est-il l\u00e0 ce feu\u2009?\u2009\u00bb<\/p>\n<p class=\" wall-content\">Les automobilistes interrog\u00e9s mardi disent devoir patienter \u00ab<strong>\u200910 \u00e0 15 min<\/strong> pour faire 200\u00a0m\u00e8tres\u2009\u00bb. \u00ab\u2009C\u2019est tr\u00e8s emb\u00eatant et<strong> on n\u2019en comprend pas l\u2019int\u00e9r\u00eat<\/strong>\u2009\u00bb, soul\u00e8ve Jeremy au volant de sa <strong>Peugeot grise<\/strong>, qui arrive bient\u00f4t au bout de son supplice.<\/p>\n<p>    <img   decoding=\"async\" loading=\"lazy\" src=\"https:\/\/www.europesays.com\/fr\/wp-content\/uploads\/2025\/09\/capture-decran-2025-09-24-170647-960x640.png\" alt=\"Il y a encore peu de temps, aucun feu n'\u00e9tait pr\u00e9sent \u00e0 cette m\u00eame intersection.\" width=\"960\" height=\"640\"\/><br \/>\n    Il y a encore peu de temps, aucun feu n\u2019\u00e9tait pr\u00e9sent \u00e0 cette m\u00eame intersection. (\u00a9Capture d\u2019\u00e9cran Google Street View)<\/p>\n<p>Votre r\u00e9gion, votre actu !<\/p>\n<p>Recevez chaque jour les infos qui comptent pour vous.<\/p>\n<p>\t<a href=\"https:\/\/actu.fr\/newsletter\" class=\"ac-btn ac-btn--corner ac-btn--medium ac-btn--blue800\" rel=\"nofollow noopener\" target=\"_blank\">S&rsquo;incrire<\/a><\/p>\n<p class=\" wall-content\">Un employ\u00e9 d\u2019une <strong>agence immobili\u00e8re<\/strong>, situ\u00e9 \u00e0 proximit\u00e9 imm\u00e9diate de ce feu de circulation, se questionne \u00e9galement sur son int\u00e9r\u00eat. \u00ab\u2009Pourquoi est-il l\u00e0 ce feu\u2009? <strong>Avant il n\u2019y en avait pas et on avait pas de probl\u00e8me<\/strong>, on ne comprend pas\u00a0\u00bb, commente l\u2019agent immobilier, avant d\u2019ajouter : \u00ab <strong>Cela nous bloque<\/strong> car nous avons un acc\u00e8s au parking dans la rue et y acc\u00e9der n\u00e9cessite d\u00e9sormais de faire les bouchons.\u2009\u00bb<\/p>\n<p>Un feu tout simplement mal r\u00e9gl\u00e9 d\u2019apr\u00e8s la mairie<\/p>\n<p class=\" wall-content\">Une autre collaboratrice de l\u2019agence retient moins ses pens\u00e9es, \u00ab\u2009<strong>c\u2019est un carnage<\/strong>, explique-t-elle sans d\u00e9tour.\u00a0Toute la journ\u00e9e les voitures sont pr\u00e9sentes en nombre mais <strong>cela s\u2019aggrave encore aux heures de pointe<\/strong>.\u2009\u00bb<\/p>\n<p class=\" wall-content\">Questionn\u00e9 \u00e0 ce sujet, l\u2019entourage de la maire de Strasbourg admet \u00ab\u2009un feu s\u00fbrement mal r\u00e9gl\u00e9\u2009\u00bb et confirme <strong>s\u2019activer pour r\u00e9soudre le probl\u00e8me<\/strong>.<\/p>\n<p class=\" wall-content\">Personnalisez votre actualit\u00e9 en ajoutant vos villes et m\u00e9dias en favori avec <a href=\"https:\/\/moncompte.actu.fr\" title=\"D\u00e9couvez Mon Actu\" rel=\"nofollow noopener\" data-trk=\"{&quot;cta&quot;:{&quot;action&quot;:&quot;https:\\\/\\\/moncompte.actu.fr&quot;,&quot;category&quot;:&quot;mon compte&quot;,&quot;from&quot;:&quot;article footer&quot;,&quot;name&quot;:&quot;Mon actu&quot;,&quot;type&quot;:&quot;cta&quot;}}\" target=\"_blank\">Mon Actu<\/a>.<\/p>\n","protected":false},"excerpt":{"rendered":"Par Thomas Blanc Publi\u00e9 le 25 sept. 2025 \u00e0 11h22 Des v\u00e9hicules \u00e0 perte de vue, voil\u00e0 ce&hellip;\n","protected":false},"author":2,"featured_media":417954,"comment_status":"","ping_status":"","sticky":false,"template":"","format":"standard","meta":{"footnotes":""},"categories":[2820],"tags":[1111,11,3542,1777,674,1011,27,775,1757,12,25,640],"class_list":{"0":"post-417953","1":"post","2":"type-post","3":"status-publish","4":"format-standard","5":"has-post-thumbnail","7":"category-strasbourg","8":"tag-actu","9":"tag-actualites","10":"tag-circulation","11":"tag-eu","12":"tag-europe","13":"tag-fr","14":"tag-france","15":"tag-grand-est","16":"tag-insolite","17":"tag-news","18":"tag-republique-francaise","19":"tag-strasbourg"},"share_on_mastodon":{"url":"https:\/\/pubeurope.com\/@fr\/115268353263933351","error":""},"_links":{"self":[{"href":"https:\/\/www.europesays.com\/fr\/wp-json\/wp\/v2\/posts\/417953","targetHints":{"allow":["GET"]}}],"collection":[{"href":"https:\/\/www.europesays.com\/fr\/wp-json\/wp\/v2\/posts"}],"about":[{"href":"https:\/\/www.europesays.com\/fr\/wp-json\/wp\/v2\/types\/post"}],"author":[{"embeddable":true,"href":"https:\/\/www.europesays.com\/fr\/wp-json\/wp\/v2\/users\/2"}],"replies":[{"embeddable":true,"href":"https:\/\/www.europesays.com\/fr\/wp-json\/wp\/v2\/comments?post=417953"}],"version-history":[{"count":0,"href":"https:\/\/www.europesays.com\/fr\/wp-json\/wp\/v2\/posts\/417953\/revisions"}],"wp:featuredmedia":[{"embeddable":true,"href":"https:\/\/www.europesays.com\/fr\/wp-json\/wp\/v2\/media\/417954"}],"wp:attachment":[{"href":"https:\/\/www.europesays.com\/fr\/wp-json\/wp\/v2\/media?parent=417953"}],"wp:term":[{"taxonomy":"category","embeddable":true,"href":"https:\/\/www.europesays.com\/fr\/wp-json\/wp\/v2\/categories?post=417953"},{"taxonomy":"post_tag","embeddable":true,"href":"https:\/\/www.europesays.com\/fr\/wp-json\/wp\/v2\/tags?post=417953"}],"curies":[{"name":"wp","href":"https:\/\/api.w.org\/{rel}","templated":true}]}}