{"id":417963,"date":"2025-09-26T03:01:36","date_gmt":"2025-09-26T03:01:36","guid":{"rendered":"https:\/\/www.europesays.com\/fr\/417963\/"},"modified":"2025-09-26T03:01:36","modified_gmt":"2025-09-26T03:01:36","slug":"enlevement-dans-lorne-la-mineure-retrouvee-pres-de-nantes-le-suspect-interpelle","status":"publish","type":"post","link":"https:\/\/www.europesays.com\/fr\/417963\/","title":{"rendered":"Enl\u00e8vement dans l\u2019Orne\u00a0: la mineure retrouv\u00e9e pr\u00e8s de Nantes, le suspect interpell\u00e9"},"content":{"rendered":"<p>Le dispositif alerte enl\u00e8vement a \u00e9t\u00e9 lev\u00e9 \u00e0 18 h 20, ce jeudi, apr\u00e8s que l\u2019adolescente de 12 ans, enlev\u00e9e mercredi soir dans l\u2019Orne, a \u00e9t\u00e9 retrouv\u00e9e \u00ab saine et sauve \u00bb \u00e0 Montbert, pr\u00e8s de Nantes. \u00ab L\u2019interpellation a eu lieu \u00e0 18 h \u00bb, pr\u00e9cise le communiqu\u00e9 du parquet.<\/p>\n<p>Le mis en cause, un homme de 34 ans, ami du p\u00e8re de la jeune fille, a \u00e9t\u00e9 plac\u00e9 en garde \u00e0 vue du chef d\u2019arrestation, enl\u00e8vement, s\u00e9questration ou d\u00e9tention arbitraire de mineur de 15 ans, sous la comp\u00e9tence du parquet d\u2019Argentan. La mineure, qui, selon l\u2019enqu\u00eate entretenait des \u00ab relations \u00bb avec cet homme, \u00ab sera entendue et prise en charge en qualit\u00e9 de victime et restitu\u00e9e \u00e0 ses parents \u00e0 l\u2019issue \u00bb, indique le communiqu\u00e9.<\/p>\n<p>Le t\u00e9l\u00e9phone localis\u00e9 pr\u00e8s de Rennes ce jeudi matin<\/p>\n<p>Le dispositif alerte enl\u00e8vement avait \u00e9t\u00e9 d\u00e9clench\u00e9 ce jeudi, vers 15 h, apr\u00e8s la disparition, la veille, \u00e0 Dompierre (Orne), de la mineure. Ce sont la m\u00e8re et le beau-p\u00e8re de la mineure qui ont donn\u00e9 l\u2019alerte apr\u00e8s avoir constat\u00e9 sa disparition de leur domicile de Dompierre mercredi, vers 22 h 30, pr\u00e9venant imm\u00e9diatement la gendarmerie.<\/p>\n<p>Le suspect \u00e9tait soup\u00e7onn\u00e9 de circuler \u00e0 bord d\u2019un v\u00e9hicule Citro\u00ebn. Le procureur d\u2019Argentan indique que ce v\u00e9hicule, \u00ab emprunt\u00e9 au p\u00e8re de la mineure \u00bb mercredi, \u00e0 partir de 19 h 30, a \u00e9t\u00e9 localis\u00e9 ce jeudi, \u00e0 3 h 30, sur la RN175, \u00e0 proximit\u00e9 d\u2019Avranches, dans le sens Caen-Rennes. Le <a href=\"https:\/\/www.letelegramme.fr\/ille-et-vilaine\/rennes-35000\/disparition-de-lucie-le-portable-du-suspect-localise-a-rennes-dans-la-nuit-6897247.php\" target=\"_blank\" rel=\"nofollow noopener\">t\u00e9l\u00e9phone portable du suspect avait \u00e9t\u00e9 localis\u00e9 pour la derni\u00e8re fois \u00ab dans la r\u00e9gion de Rennes \u00bb t\u00f4t ce jeudi matin<\/a>, avait pr\u00e9cis\u00e9 le procureur de la R\u00e9publique d\u2019Argentan, Christophe Bogliolo.<\/p>\n<p>Le mis en cause a d\u00e9j\u00e0 \u00e9t\u00e9 condamn\u00e9 \u00ab notamment pour des faits de violences par conjoint et sur mineur de 15 ans et de menace de mort r\u00e9it\u00e9r\u00e9e \u00bb et fait l\u2019objet d\u2019une mesure de tutelle.<\/p>\n","protected":false},"excerpt":{"rendered":"Le dispositif alerte enl\u00e8vement a \u00e9t\u00e9 lev\u00e9 \u00e0 18 h 20, ce jeudi, apr\u00e8s que l\u2019adolescente de 12&hellip;\n","protected":false},"author":2,"featured_media":417964,"comment_status":"","ping_status":"","sticky":false,"template":"","format":"standard","meta":{"footnotes":""},"categories":[2818],"tags":[1111,11,829,765,1777,674,1011,27,3047,766,12,2636,25],"class_list":{"0":"post-417963","1":"post","2":"type-post","3":"status-publish","4":"format-standard","5":"has-post-thumbnail","7":"category-nantes","8":"tag-actu","9":"tag-actualites","10":"tag-bretagne","11":"tag-en-continu","12":"tag-eu","13":"tag-europe","14":"tag-fr","15":"tag-france","16":"tag-loire-atlantique","17":"tag-nantes","18":"tag-news","19":"tag-pays-de-la-loire","20":"tag-republique-francaise"},"share_on_mastodon":{"url":"https:\/\/pubeurope.com\/@fr\/115268372879023050","error":""},"_links":{"self":[{"href":"https:\/\/www.europesays.com\/fr\/wp-json\/wp\/v2\/posts\/417963","targetHints":{"allow":["GET"]}}],"collection":[{"href":"https:\/\/www.europesays.com\/fr\/wp-json\/wp\/v2\/posts"}],"about":[{"href":"https:\/\/www.europesays.com\/fr\/wp-json\/wp\/v2\/types\/post"}],"author":[{"embeddable":true,"href":"https:\/\/www.europesays.com\/fr\/wp-json\/wp\/v2\/users\/2"}],"replies":[{"embeddable":true,"href":"https:\/\/www.europesays.com\/fr\/wp-json\/wp\/v2\/comments?post=417963"}],"version-history":[{"count":0,"href":"https:\/\/www.europesays.com\/fr\/wp-json\/wp\/v2\/posts\/417963\/revisions"}],"wp:featuredmedia":[{"embeddable":true,"href":"https:\/\/www.europesays.com\/fr\/wp-json\/wp\/v2\/media\/417964"}],"wp:attachment":[{"href":"https:\/\/www.europesays.com\/fr\/wp-json\/wp\/v2\/media?parent=417963"}],"wp:term":[{"taxonomy":"category","embeddable":true,"href":"https:\/\/www.europesays.com\/fr\/wp-json\/wp\/v2\/categories?post=417963"},{"taxonomy":"post_tag","embeddable":true,"href":"https:\/\/www.europesays.com\/fr\/wp-json\/wp\/v2\/tags?post=417963"}],"curies":[{"name":"wp","href":"https:\/\/api.w.org\/{rel}","templated":true}]}}