{"id":417965,"date":"2025-09-26T03:02:13","date_gmt":"2025-09-26T03:02:13","guid":{"rendered":"https:\/\/www.europesays.com\/fr\/417965\/"},"modified":"2025-09-26T03:02:13","modified_gmt":"2025-09-26T03:02:13","slug":"la-fete-de-lartisanat-revient-pour-une-journee-riche-en-decouvertes","status":"publish","type":"post","link":"https:\/\/www.europesays.com\/fr\/417965\/","title":{"rendered":"la F\u00eate de l\u2019Artisanat revient pour une journ\u00e9e riche en d\u00e9couvertes"},"content":{"rendered":"<p>La ville de Villenave d\u2019Ornon se pr\u00e9pare \u00e0 accueillir sa deuxi\u00e8me \u00e9dition de la F\u00eate de l\u2019Artisanat, un \u00e9v\u00e9nement attendu par les passionn\u00e9s de m\u00e9tiers manuels et de savoir-faire locaux. <\/p>\n<p style=\"font-size:16px\">Ce <strong>samedi<\/strong>,<strong> Arc Sud D\u00e9veloppement<\/strong> ouvrira ses portes pour une journ\u00e9e plac\u00e9e sous le signe de la cr\u00e9ativit\u00e9, de l\u2019\u00e9change et de la convivialit\u00e9. L\u2019entr\u00e9e est libre, et la majorit\u00e9 des ateliers sont gratuits, ce qui en fait <strong>une sortie id\u00e9ale pour toute la famille.<\/strong><\/p>\n<p style=\"font-size:16px\"><strong>Villenave d\u2019Ornon<\/strong>, qui compte plus de<strong> 1 640 entreprises artisanales<\/strong>, met ainsi en avant ses talents locaux et permet aux visiteurs de d\u00e9couvrir des m\u00e9tiers parfois m\u00e9connus mais toujours fascinants. Menuiserie, couture, mosa\u00efque, gravure, <strong><a href=\"https:\/\/www.bougerabordeaux.com\/actu\/gironde-la-fete-de-lartisanat-revient-pour-une-journee-riche-en-decouvertes\/mailto:ibrahimbadreddine6493@gmail.com\" target=\"_blank\" rel=\"noreferrer noopener nofollow\">savonnerie<\/a><\/strong> ou encore <strong><a href=\"https:\/\/www.bougerabordeaux.com\/actu\/gironde-la-fete-de-lartisanat-revient-pour-une-journee-riche-en-decouvertes\/mailto:atelier.anouchk@gmail.com\" target=\"_blank\" rel=\"noreferrer noopener nofollow\">aquarelle<\/a><\/strong> : la f\u00eate propose une<strong> v\u00e9ritable immersion dans l\u2019univers artisanal<\/strong> et donne l\u2019occasion de comprendre et d\u2019<strong>appr\u00e9cier ces savoir-faire uniques<\/strong>. <\/p>\n<p><img fetchpriority=\"high\" decoding=\"async\" width=\"1024\" height=\"682\" src=\"https:\/\/www.europesays.com\/fr\/wp-content\/uploads\/2025\/09\/Info-Jeunes.jpeg\" alt=\"\" class=\"wp-image-84090\"  \/>D\u00e9couverte et transmission : les artisans de Villenave-d\u2019Ornon partagent leurs savoir-faire uniques \u00e0 travers ateliers, d\u00e9monstrations et rencontres conviviales.\u00a9Info Jeunes<\/p>\n<p style=\"font-size:16px\">L\u2019objectif est clair : <strong>valoriser le travail des artisans, <\/strong>transmettre leurs gestes et inspirer les visiteurs, petits et grands, \u00e0 exp\u00e9rimenter par eux-m\u00eames.<\/p>\n<p style=\"font-size:16px\">Tout au long de la journ\u00e9e, un large programme d\u2019ateliers et de d\u00e9monstrations sera propos\u00e9. <strong>D\u00e8s 10h30<\/strong>, tu pourras assister \u00e0 une conf\u00e9rence sur la<strong> bibliographie familiale<\/strong> anim\u00e9e par\u00a0<strong>A2 pour \u00e9crire<\/strong>, ou te lancer dans <strong>des ateliers pratiques<\/strong> comme la peinture \u00e0 la farine sur bois avec\u00a0<strong><a href=\"https:\/\/www.bougerabordeaux.com\/actu\/gironde-la-fete-de-lartisanat-revient-pour-une-journee-riche-en-decouvertes\/mailto:atelieraurela@gmail.com\" target=\"_blank\" rel=\"noreferrer noopener nofollow\">Atelier Aurel A<\/a><\/strong> ou encore la fabrication de pochons aux herbes avec\u00a0<strong><a href=\"https:\/\/www.bougerabordeaux.com\/actu\/gironde-la-fete-de-lartisanat-revient-pour-une-journee-riche-en-decouvertes\/mailto:laetitia@equilibre-et-soi.com\" target=\"_blank\" rel=\"noreferrer noopener nofollow\">\u00c9quilibre et soi<\/a><\/strong>. Les <strong>amateurs de couture<\/strong> ne seront pas en reste, avec plusieurs ateliers propos\u00e9s par\u00a0<strong><a href=\"https:\/\/www.bougerabordeaux.com\/actu\/gironde-la-fete-de-lartisanat-revient-pour-une-journee-riche-en-decouvertes\/mailto:lacabaneabroder@gmail.com\" target=\"_blank\" rel=\"noreferrer noopener nofollow\">La Cabane \u00e0 Broder<\/a><\/strong>,\u00a0<strong><a href=\"https:\/\/www.bougerabordeaux.com\/actu\/gironde-la-fete-de-lartisanat-revient-pour-une-journee-riche-en-decouvertes\/mailto:anakena-K@hotmail.com\" target=\"_blank\" rel=\"noreferrer noopener nofollow\">Kro Blondel<\/a><\/strong>\u00a0et d\u2019autres, allant de la cr\u00e9ation de tote bags \u00e0 des pochettes personnalis\u00e9es.<\/p>\n<p style=\"font-size:16px\"><strong>Pour les passionn\u00e9s d\u2019animaux<\/strong>, des d\u00e9monstrations de pistage et des <strong>ateliers de premiers secours animaliers<\/strong> seront anim\u00e9s par\u00a0<strong><a href=\"https:\/\/www.bougerabordeaux.com\/actu\/gironde-la-fete-de-lartisanat-revient-pour-une-journee-riche-en-decouvertes\/mailto:lespattesfutees@gmail.com\" target=\"_blank\" rel=\"noreferrer noopener nofollow\">Les pattes fut\u00e9es<\/a><\/strong>\u00a0et\u00a0<strong><a href=\"https:\/\/www.bougerabordeaux.com\/actu\/gironde-la-fete-de-lartisanat-revient-pour-une-journee-riche-en-decouvertes\/mailto:ed.educationcanine@gmail.com\" target=\"_blank\" rel=\"noreferrer noopener nofollow\">Ed Education Canine<\/a><\/strong>. <strong>Les amateurs de caf\u00e9 <\/strong>pourront participer \u00e0 des s\u00e9ances de d\u00e9gustation avec\u00a0<strong><a href=\"https:\/\/www.bougerabordeaux.com\/actu\/gironde-la-fete-de-lartisanat-revient-pour-une-journee-riche-en-decouvertes\/mailto:alexandre@doublegrain-cafe.com\" target=\"_blank\" rel=\"noreferrer noopener nofollow\">Double Grain<\/a><\/strong>. Les <strong>ateliers de <a href=\"https:\/\/www.bougerabordeaux.com\/actu\/gironde-la-fete-de-lartisanat-revient-pour-une-journee-riche-en-decouvertes\/mailto:contact@gravtaplanche.com\" target=\"_blank\" rel=\"noreferrer noopener nofollow\">gravure<\/a>, <a href=\"https:\/\/www.bougerabordeaux.com\/actu\/gironde-la-fete-de-lartisanat-revient-pour-une-journee-riche-en-decouvertes\/mailto:essylart@gmail.com\" target=\"_blank\" rel=\"noreferrer noopener nofollow\">mosa\u00efque<\/a><\/strong> ou encore <strong>photophore<\/strong> offrent une exp\u00e9rience encore plus cr\u00e9ative, permettant aux participants de<strong> repartir avec des cr\u00e9ations uniques et personnelles. <\/strong>Certains ateliers sont payants mais restent abordables.<\/p>\n<p><img loading=\"lazy\" decoding=\"async\" width=\"800\" height=\"600\" src=\"https:\/\/www.europesays.com\/fr\/wp-content\/uploads\/2025\/09\/Bretagne-Centre.jpeg\" alt=\"\" class=\"wp-image-84091\"  \/>De la couture \u00e0 la mosa\u00efque en passant par la savonnerie, la F\u00eate de l\u2019Artisanat met en lumi\u00e8re la cr\u00e9ativit\u00e9 locale dans une ambiance familiale et chaleureuse.\u00a9Bretagne Centre<\/p>\n<p style=\"font-size:16px\">Au-del\u00e0 des ateliers, la F\u00eate de l\u2019Artisanat est aussi <strong>une journ\u00e9e de rencontres et d\u2019\u00e9changes.<\/strong> Les visiteurs peuvent <strong>dialoguer avec les artisans,<\/strong> poser des questions sur leur m\u00e9tier et comprendre les techniques derri\u00e8re chaque cr\u00e9ation. L\u2019\u00e9v\u00e9nement s\u2019adresse \u00e0 tous : <strong>familles, enfants, passionn\u00e9s d\u2019artisanat<\/strong> ou simples <strong>curieux. <\/strong>Petite restauration sur place, propos\u00e9e par\u00a0<strong>M. Prestiges<\/strong>,\u00a0<strong>Monsieur Chichi<\/strong>\u00a0et la\u00a0<strong>Brasserie Winterholer<\/strong>, pour prolonger le plaisir et profiter d\u2019un moment convivial autour d\u2019un repas ou d\u2019une pause gourmande.<\/p>\n<p style=\"font-size:16px\">Pour <strong>t\u2019inscrire aux diff\u00e9rents ateliers<\/strong> ou <strong>obtenir plus d\u2019informations sur la programmation,<\/strong> il suffit de <strong>contacter les artisans par mail<\/strong>, selon les coordonn\u00e9es fournies pour chaque activit\u00e9. Ne manque pas ce rendez-vous incontournable, qui c\u00e9l\u00e8bre le talent, la cr\u00e9ativit\u00e9 et le dynamisme des artisans de Villenave d\u2019Ornon !<\/p>\n<p class=\"has-text-align-center\" style=\"font-size:16px\"><strong>On y va ? <\/strong><br \/>\ud83d\udccd21 avenue du G\u00e9n\u00e9ral de Castelnau, Villenave d\u2019Ornon<br \/>\ud83d\udcc5Samedi 27 septembre 2025 \u2013 De 10h \u00e0 18h<br \/>\ud83d\udc9bOuvert \u00e0 tous.tes<\/p>\n<p style=\"font-size:16px\">\u00c0 lire aussi :<a href=\"https:\/\/www.bougerabordeaux.com\/actu\/bordeaux-la-mairie-met-fin-a-lentretien-des-abris-pour-oiseaux-dans-les-parcs-publics\/\" target=\"_blank\" rel=\"noreferrer noopener nofollow\"> Bordeaux : la mairie met fin \u00e0 l\u2019entretien des abris pour oiseaux dans les parcs publics<\/a><\/p>\n","protected":false},"excerpt":{"rendered":"La ville de Villenave d\u2019Ornon se pr\u00e9pare \u00e0 accueillir sa deuxi\u00e8me \u00e9dition de la F\u00eate de l\u2019Artisanat, un&hellip;\n","protected":false},"author":2,"featured_media":417966,"comment_status":"","ping_status":"","sticky":false,"template":"","format":"standard","meta":{"footnotes":""},"categories":[2817],"tags":[1111,11,1997,1777,674,1011,27,12,2219,25],"class_list":{"0":"post-417965","1":"post","2":"type-post","3":"status-publish","4":"format-standard","5":"has-post-thumbnail","7":"category-bordeaux","8":"tag-actu","9":"tag-actualites","10":"tag-bordeaux","11":"tag-eu","12":"tag-europe","13":"tag-fr","14":"tag-france","15":"tag-news","16":"tag-nouvelle-aquitaine","17":"tag-republique-francaise"},"share_on_mastodon":{"url":"https:\/\/pubeurope.com\/@fr\/115268376970483884","error":""},"_links":{"self":[{"href":"https:\/\/www.europesays.com\/fr\/wp-json\/wp\/v2\/posts\/417965","targetHints":{"allow":["GET"]}}],"collection":[{"href":"https:\/\/www.europesays.com\/fr\/wp-json\/wp\/v2\/posts"}],"about":[{"href":"https:\/\/www.europesays.com\/fr\/wp-json\/wp\/v2\/types\/post"}],"author":[{"embeddable":true,"href":"https:\/\/www.europesays.com\/fr\/wp-json\/wp\/v2\/users\/2"}],"replies":[{"embeddable":true,"href":"https:\/\/www.europesays.com\/fr\/wp-json\/wp\/v2\/comments?post=417965"}],"version-history":[{"count":0,"href":"https:\/\/www.europesays.com\/fr\/wp-json\/wp\/v2\/posts\/417965\/revisions"}],"wp:featuredmedia":[{"embeddable":true,"href":"https:\/\/www.europesays.com\/fr\/wp-json\/wp\/v2\/media\/417966"}],"wp:attachment":[{"href":"https:\/\/www.europesays.com\/fr\/wp-json\/wp\/v2\/media?parent=417965"}],"wp:term":[{"taxonomy":"category","embeddable":true,"href":"https:\/\/www.europesays.com\/fr\/wp-json\/wp\/v2\/categories?post=417965"},{"taxonomy":"post_tag","embeddable":true,"href":"https:\/\/www.europesays.com\/fr\/wp-json\/wp\/v2\/tags?post=417965"}],"curies":[{"name":"wp","href":"https:\/\/api.w.org\/{rel}","templated":true}]}}