{"id":417967,"date":"2025-09-26T03:03:22","date_gmt":"2025-09-26T03:03:22","guid":{"rendered":"https:\/\/www.europesays.com\/fr\/417967\/"},"modified":"2025-09-26T03:03:22","modified_gmt":"2025-09-26T03:03:22","slug":"top-14-lubb-fait-souffler-un-vent-de-jeunesse-sur-ce-debut-de-saison","status":"publish","type":"post","link":"https:\/\/www.europesays.com\/fr\/417967\/","title":{"rendered":"Top 14. L\u2019UBB fait souffler un vent de jeunesse sur ce d\u00e9but de saison"},"content":{"rendered":"<p>Tout un symbole. Pour son tout premier match de Top 14, Joseph Laharrague (19\u00a0ans) a inscrit le dixi\u00e8me essai de l\u2019Union Bordeaux-B\u00e8gles face \u00e0 Montauban (72-24) le week-end dernier \u00e0 Chaban-Delmas. Et ce n\u2019\u00e9tait pas fini puisque Valentin Hutteau (18\u00a0ans) est all\u00e9 signer le onzi\u00e8me. La jeune garde girondine a particip\u00e9 \u00e0 la f\u00eate et a montr\u00e9 qu\u2019on pouvait compter sur elle. Apr\u00e8s un match tr\u00e8s compliqu\u00e9 sur le terrain du Racing 92 (44-32), Jon Echegaray (20\u00a0ans) a rectifi\u00e9 le tir \u00e0 l\u2019arri\u00e8re et lors de son entr\u00e9e en jeu, Xan Mousqu\u00e8s s\u2019est montr\u00e9 aussi solide que lors de son premier match face \u00e0 La\u00a0Rochelle (23-18).<\/p>\n<p>\u00ab\u00a0Il y a du potentiel au niveau des jeunes dans cette \u00e9quipe\u00a0\u00bb, soulignait Aur\u00e9lien Cologni, l\u2019entra\u00eeneur en charge des attitudes au contact. \u00ab\u00a0Ils font beaucoup d\u2019efforts pour rentrer dans le groupe pro. Et chaque fois qu\u2019on fait appel \u00e0 eux, ils r\u00e9pondent pr\u00e9sent. Pour le staff et pour le club, c\u2019est une vraie plus-value.\u00a0\u00bb<\/p>\n<p>En raison des absences de certains cadres des lignes arri\u00e8res, l\u2019UBB n\u2019h\u00e9site pas \u00e0 s\u2019appuyer sur ses jeunes pousses sur ce d\u00e9but de saison. Maxime Lucu \u00e9tant indisponible pendant trois mois (fracture du pouce), Valentin Hutteau, jeune num\u00e9ro\u00a09 recrut\u00e9 \u00e0 Massy \u00e0 l\u2019intersaison, a montr\u00e9 de belles choses lors de ses entr\u00e9es en jeu. La blessure \u00e0 la cuisse de Joey Carbery sur le terrain du Racing 92 a permis \u00e0 Joseph Laharrague de se jeter dans le grand bain avec succ\u00e8s face \u00e0 Montauban. En l\u2019absence de Romain Buros (l\u00e9sion au mollet), dont le retour est repouss\u00e9 \u00e0 trois ou quatre semaines, Xan Mousqu\u00e8s et Jon Echegaray, les \u00ab\u00a0vieux\u00a0\u00bb potes du Pays basque, prennent le relais \u00e0 un poste de num\u00e9ro\u00a015 tr\u00e8s expos\u00e9.<\/p>\n<p>Question de g\u00e9n\u00e9ration<\/p>\n<p>\u00ab\u00a0Les jeunes d\u2019aujourd\u2019hui sont diff\u00e9rents, mais c\u2019est soci\u00e9tal, c\u2019est une question de g\u00e9n\u00e9rations\u00a0\u00bb, explique Christophe Laussucq, l\u2019entra\u00eeneur en charge de la d\u00e9fense. \u00ab\u00a0Ils sont pratiquement pros depuis les Crabos, ils sont dans les centres de formation, les P\u00f4les espoirs comme celui de Talence, ils sont \u00e0 l\u2019internat ensemble, ils s\u2019entra\u00eenent tous les jours ensemble\u2026 Ils ont d\u00e9j\u00e0 une approche beaucoup plus pro que les g\u00e9n\u00e9rations pr\u00e9c\u00e9dentes.\u00a0\u00bb Jefferson Poirot confirme\u00a0: \u00ab\u00a0Quand je suis arriv\u00e9 en premi\u00e8re, j\u2019avais un stress terrible, je me mettais dans un coin\u2026\u00a0\u00bb<\/p>\n<p>Cette saison, les jeunes ont une carte \u00e0 jouer avec l\u2019UBB. Les nombreuses blessures leur ont permis de se d\u00e9voiler un peu plus t\u00f4t que pr\u00e9vu. Il leur reste maintenant \u00e0 accumuler du temps de jeu et prendre de l\u2019exp\u00e9rience pour confirmer les belles promesses entrevues lors de leurs premiers matchs.<\/p>\n","protected":false},"excerpt":{"rendered":"Tout un symbole. Pour son tout premier match de Top 14, Joseph Laharrague (19\u00a0ans) a inscrit le dixi\u00e8me&hellip;\n","protected":false},"author":2,"featured_media":417968,"comment_status":"","ping_status":"","sticky":false,"template":"","format":"standard","meta":{"footnotes":""},"categories":[2817],"tags":[1111,11,1997,1777,674,1011,27,12,2219,25],"class_list":{"0":"post-417967","1":"post","2":"type-post","3":"status-publish","4":"format-standard","5":"has-post-thumbnail","7":"category-bordeaux","8":"tag-actu","9":"tag-actualites","10":"tag-bordeaux","11":"tag-eu","12":"tag-europe","13":"tag-fr","14":"tag-france","15":"tag-news","16":"tag-nouvelle-aquitaine","17":"tag-republique-francaise"},"share_on_mastodon":{"url":"https:\/\/pubeurope.com\/@fr\/115268380503856056","error":""},"_links":{"self":[{"href":"https:\/\/www.europesays.com\/fr\/wp-json\/wp\/v2\/posts\/417967","targetHints":{"allow":["GET"]}}],"collection":[{"href":"https:\/\/www.europesays.com\/fr\/wp-json\/wp\/v2\/posts"}],"about":[{"href":"https:\/\/www.europesays.com\/fr\/wp-json\/wp\/v2\/types\/post"}],"author":[{"embeddable":true,"href":"https:\/\/www.europesays.com\/fr\/wp-json\/wp\/v2\/users\/2"}],"replies":[{"embeddable":true,"href":"https:\/\/www.europesays.com\/fr\/wp-json\/wp\/v2\/comments?post=417967"}],"version-history":[{"count":0,"href":"https:\/\/www.europesays.com\/fr\/wp-json\/wp\/v2\/posts\/417967\/revisions"}],"wp:featuredmedia":[{"embeddable":true,"href":"https:\/\/www.europesays.com\/fr\/wp-json\/wp\/v2\/media\/417968"}],"wp:attachment":[{"href":"https:\/\/www.europesays.com\/fr\/wp-json\/wp\/v2\/media?parent=417967"}],"wp:term":[{"taxonomy":"category","embeddable":true,"href":"https:\/\/www.europesays.com\/fr\/wp-json\/wp\/v2\/categories?post=417967"},{"taxonomy":"post_tag","embeddable":true,"href":"https:\/\/www.europesays.com\/fr\/wp-json\/wp\/v2\/tags?post=417967"}],"curies":[{"name":"wp","href":"https:\/\/api.w.org\/{rel}","templated":true}]}}