{"id":417971,"date":"2025-09-26T03:05:12","date_gmt":"2025-09-26T03:05:12","guid":{"rendered":"https:\/\/www.europesays.com\/fr\/417971\/"},"modified":"2025-09-26T03:05:12","modified_gmt":"2025-09-26T03:05:12","slug":"grisaille-soleil-la-meteo-de-ce-vendredi-a-toulouse-et-dans-la-region","status":"publish","type":"post","link":"https:\/\/www.europesays.com\/fr\/417971\/","title":{"rendered":"Grisaille, soleil ? La m\u00e9t\u00e9o de ce vendredi, \u00e0 Toulouse et dans la r\u00e9gion"},"content":{"rendered":"<p>            Par<br \/>\n        <strong><br \/>\n            <a href=\"https:\/\/actu.fr\/auteur\/redaction-toulouse\" title=\"Consulter tous les articles de R\u00e9daction de Toulouse\" target=\"_blank\" rel=\"noopener\">R\u00e9daction de Toulouse<\/a><br \/>\n        <\/strong><\/p>\n<p>        Publi\u00e9 le<\/p>\n<p>            26 sept. 2025 \u00e0 5h04        <\/p>\n<p>Ciel gris, vent frais. C\u00f4t\u00e9 m\u00e9t\u00e9o, la semaine pourrait se r\u00e9sumer \u00e0 \u00e7a \u00e0 <a href=\"https:\/\/actu.fr\/toulouse\/\" target=\"_blank\" rel=\"noopener\">Toulouse<\/a>. Mais ce vendredi 26\u00a0septembre 2025 pourrait bien faire exception \u00e0 la r\u00e8gle.<\/p>\n<p>\u00c0 Toulouse<\/p>\n<p class=\" wall-content\">Dans la Ville rose, quelques nuages devraient subsister mais dans l\u2019ensemble, <strong>la journ\u00e9e s\u2019annonce plut\u00f4t ensoleill\u00e9e<\/strong> et le vent, quasi absent. Pas de pluie de pr\u00e9vue, non plus. Il devrait faire 13 degr\u00e9s dans la matin\u00e9e et 18 l\u2019apr\u00e8s-midi.<\/p>\n<p>    <img   decoding=\"async\" loading=\"lazy\" src=\"https:\/\/www.europesays.com\/fr\/wp-content\/uploads\/2025\/09\/meteo-toulouse-26-septembre-2025-960x630.jpg\" alt=\"Le ciel sera peu nuageux \u00e0 Toulouse.\" width=\"960\" height=\"630\"\/><br \/>\n    Le ciel sera peu nuageux \u00e0 Toulouse. (\u00a9M\u00e9t\u00e9o France)<\/p>\n<p class=\" wall-content\">Toujours bien en de\u00e7\u00e0 des moyennes de saison, avec 6 degr\u00e9s de moins, mais le retour du soleil est d\u00e9j\u00e0 une petite victoire en soi.<\/p>\n<p>En Occitanie<\/p>\n<p class=\" wall-content\">Dans le reste de la r\u00e9gion, m\u00eame programme\u2009: le soleil sera de retour. Dans la moiti\u00e9 sud de l\u2019Occitanie, il devrait m\u00eame venir seul, sans la compagnie des nuages. Les habitants de <a href=\"https:\/\/actu.fr\/occitanie\/carcassonne_11069\" target=\"_blank\" rel=\"noopener\">Carcassonne<\/a>, Tarbes, Saint-Gaudens, Foix, Castres et B\u00e9ziers devraient profiter de ce<strong> ciel d\u00e9gag\u00e9<\/strong>. Il sera \u00ab\u2009peu nuageux\u2009\u00bb \u00e0 Toulouse, Albi, Cahors et Montauban.<\/p>\n<p>    <img   decoding=\"async\" loading=\"lazy\" src=\"https:\/\/www.europesays.com\/fr\/wp-content\/uploads\/2025\/09\/meteo-occitanie-toulouse-26-septembre-960x640.jpg\" alt=\"Le ciel s'annonce d\u00e9gag\u00e9 dans une bonne partie de l'Occitanie.\" width=\"960\" height=\"640\"\/><br \/>\n    Le ciel s\u2019annonce d\u00e9gag\u00e9 dans une bonne partie de l\u2019Occitanie. (\u00a9M\u00e9t\u00e9o France)Vid\u00e9os : en ce moment sur Actu<\/p>\n<p class=\" wall-content\">Seul le nord de l\u2019Aveyron et de la Loz\u00e8re devraient \u00eatre touch\u00e9s par de la pluie. Le vent s\u2019annonce quasi absent.\u00a0<\/p>\n<p class=\" wall-content\">Personnalisez votre actualit\u00e9 en ajoutant vos villes et m\u00e9dias en favori avec <a href=\"https:\/\/moncompte.actu.fr\" title=\"D\u00e9couvez Mon Actu\" rel=\"nofollow noopener\" data-trk=\"{&quot;cta&quot;:{&quot;action&quot;:&quot;https:\\\/\\\/moncompte.actu.fr&quot;,&quot;category&quot;:&quot;mon compte&quot;,&quot;from&quot;:&quot;article footer&quot;,&quot;name&quot;:&quot;Mon actu&quot;,&quot;type&quot;:&quot;cta&quot;}}\" target=\"_blank\">Mon Actu<\/a>.<\/p>\n","protected":false},"excerpt":{"rendered":"Par R\u00e9daction de Toulouse Publi\u00e9 le 26 sept. 2025 \u00e0 5h04 Ciel gris, vent frais. C\u00f4t\u00e9 m\u00e9t\u00e9o, la&hellip;\n","protected":false},"author":2,"featured_media":417972,"comment_status":"","ping_status":"","sticky":false,"template":"","format":"standard","meta":{"footnotes":""},"categories":[2816],"tags":[1111,11,1777,674,1011,27,2487,2357,12,2680,25,2312],"class_list":{"0":"post-417971","1":"post","2":"type-post","3":"status-publish","4":"format-standard","5":"has-post-thumbnail","7":"category-toulouse","8":"tag-actu","9":"tag-actualites","10":"tag-eu","11":"tag-europe","12":"tag-fr","13":"tag-france","14":"tag-meteo","15":"tag-meteo-france","16":"tag-news","17":"tag-occitanie","18":"tag-republique-francaise","19":"tag-toulouse"},"share_on_mastodon":{"url":"https:\/\/pubeurope.com\/@fr\/115268388763717869","error":""},"_links":{"self":[{"href":"https:\/\/www.europesays.com\/fr\/wp-json\/wp\/v2\/posts\/417971","targetHints":{"allow":["GET"]}}],"collection":[{"href":"https:\/\/www.europesays.com\/fr\/wp-json\/wp\/v2\/posts"}],"about":[{"href":"https:\/\/www.europesays.com\/fr\/wp-json\/wp\/v2\/types\/post"}],"author":[{"embeddable":true,"href":"https:\/\/www.europesays.com\/fr\/wp-json\/wp\/v2\/users\/2"}],"replies":[{"embeddable":true,"href":"https:\/\/www.europesays.com\/fr\/wp-json\/wp\/v2\/comments?post=417971"}],"version-history":[{"count":0,"href":"https:\/\/www.europesays.com\/fr\/wp-json\/wp\/v2\/posts\/417971\/revisions"}],"wp:featuredmedia":[{"embeddable":true,"href":"https:\/\/www.europesays.com\/fr\/wp-json\/wp\/v2\/media\/417972"}],"wp:attachment":[{"href":"https:\/\/www.europesays.com\/fr\/wp-json\/wp\/v2\/media?parent=417971"}],"wp:term":[{"taxonomy":"category","embeddable":true,"href":"https:\/\/www.europesays.com\/fr\/wp-json\/wp\/v2\/categories?post=417971"},{"taxonomy":"post_tag","embeddable":true,"href":"https:\/\/www.europesays.com\/fr\/wp-json\/wp\/v2\/tags?post=417971"}],"curies":[{"name":"wp","href":"https:\/\/api.w.org\/{rel}","templated":true}]}}