{"id":417973,"date":"2025-09-26T03:06:29","date_gmt":"2025-09-26T03:06:29","guid":{"rendered":"https:\/\/www.europesays.com\/fr\/417973\/"},"modified":"2025-09-26T03:06:29","modified_gmt":"2025-09-26T03:06:29","slug":"deux-proprietaires-bientot-juges-pour-homicide-involontaire-apres-un-incendie-dimmeuble-a","status":"publish","type":"post","link":"https:\/\/www.europesays.com\/fr\/417973\/","title":{"rendered":"Deux propri\u00e9taires bient\u00f4t jug\u00e9s pour homicide involontaire apr\u00e8s un incendie d\u2019immeuble \u00e0"},"content":{"rendered":"<p>Deux propri\u00e9taires de Roubaix <a href=\"https:\/\/www.ouest-france.fr\/hauts-de-france\/nord\/\" target=\"_self\" rel=\"noopener\">(Nord)<\/a> vont compara\u00eetre devant le tribunal de Lille le 13\u00a0f\u00e9vrier 2026, notamment pour homicide involontaire, <a href=\"https:\/\/actu.fr\/hauts-de-france\/lille_59350\/incendie-mortel-a-roubaix-les-proprietaires-de-limmeuble-mis-en-examen-pour-homicide-involontaire_63209597.html\" target=\"_blank\" rel=\"noopener\">rapporte Lille Actu <\/a>. Un incendie s\u2019\u00e9tait d\u00e9clar\u00e9 le 25\u00a0janvier 2024 dans l\u2019un de leurs immeubles, pr\u00e9sentant de nombreuses non-conformit\u00e9s. Le principal mis en cause risque jusqu\u2019\u00e0 cinq ans de prison et 200\u00a0000\u00a0\u20ac d\u2019amende.<\/p>\n<p>Des \u00e9quipements manquants<\/p>\n<p>Le jour des faits, un incendie s\u2019\u00e9tait d\u00e9clar\u00e9 dans l\u2019un des logements vers 6\u00a0h du matin. Un mort et deux bless\u00e9s, dont un grave, ont \u00e9t\u00e9 d\u00e9nombr\u00e9s parmi les locataires. Par la suite, l\u2019enqu\u00eate p\u00e9nale a r\u00e9v\u00e9l\u00e9 que cet immeuble n\u2019\u00e9tait pas \u00e9quip\u00e9 d\u2019extincteurs et de d\u00e9tecteurs de fum\u00e9e ce qui est contraire \u00e0 la loi, rappellent nos confr\u00e8res.<\/p>\n<p>Une perquisition men\u00e9e dans l\u2019un de leurs autres immeubles a par ailleurs r\u00e9v\u00e9l\u00e9 un danger imminent li\u00e9 \u00e0 de nombreux manquements en ce qui concerne les \u00e9quipements, les installations \u00e9lectriques et la protection contre les risques de chute. En cons\u00e9quence, l\u2019immeuble a \u00e9t\u00e9 d\u00e9clar\u00e9 insalubre par la pr\u00e9fecture en d\u00e9cembre\u00a02024.<\/p>\n<p>Des immeubles saisis<\/p>\n<p>Enfin, l\u2019enqu\u00eate a \u00e9galement montr\u00e9 que plusieurs locataires se trouvaient <strong>\u00ab\u00a0dans des situations de vuln\u00e9rabilit\u00e9 ou de d\u00e9pendance\u00a0\u00bb<\/strong>, cite Lille Actu. Certains n\u2019auraient jamais sign\u00e9 de bail \u00e0 leur nom. D\u2019autres ont \u00e9voqu\u00e9 de nombreux probl\u00e8mes, comme des pannes de chauffage r\u00e9guli\u00e8res ou des portes d\u2019entr\u00e9e cass\u00e9es et jamais r\u00e9par\u00e9es. De plus, les deux propri\u00e9taires louaient leurs immeubles sans autorisation. Tous deux ont finalement \u00e9t\u00e9 plac\u00e9s en garde \u00e0 vue le 12\u00a0ao\u00fbt 2025.<\/p>\n<p>Ils ont depuis \u00e9t\u00e9 d\u00e9f\u00e9r\u00e9s devant le parquet. En parall\u00e8le, leurs immeubles ont \u00e9t\u00e9 saisis <strong>\u00ab\u00a0en attendant une \u00e9ventuelle confiscation par le tribunal correctionnel\u00a0\u00bb<\/strong>, <a href=\"https:\/\/www.francebleu.fr\/infos\/faits-divers-justice\/roubaix-deux-proprietaires-d-immeuble-mis-en-examen-apres-un-incendie-mortel-4046365\" target=\"_blank\" rel=\"noopener\">comme l\u2019explique ici Nord <\/a>. En f\u00e9vrier, ils seront jug\u00e9s pour homicide involontaire, blessures involontaires et mise en danger de la vie d\u2019autrui, mais aussi pour soumission de personnes vuln\u00e9rables ou d\u00e9pendantes \u00e0 des conditions de logement indignes et complicit\u00e9.<\/p>\n<p>\u00a0<\/p>\n","protected":false},"excerpt":{"rendered":"Deux propri\u00e9taires de Roubaix (Nord) vont compara\u00eetre devant le tribunal de Lille le 13\u00a0f\u00e9vrier 2026, notamment pour homicide&hellip;\n","protected":false},"author":2,"featured_media":417974,"comment_status":"","ping_status":"","sticky":false,"template":"","format":"standard","meta":{"footnotes":""},"categories":[2815],"tags":[1111,11,10334,1777,674,1011,27,811,2683,5480,1310,30004,11515,1307,12,20721,25,7940],"class_list":{"0":"post-417973","1":"post","2":"type-post","3":"status-publish","4":"format-standard","5":"has-post-thumbnail","7":"category-lille","8":"tag-actu","9":"tag-actualites","10":"tag-bientot","11":"tag-eu","12":"tag-europe","13":"tag-fr","14":"tag-france","15":"tag-hauts-de-france","16":"tag-homicide","17":"tag-immeuble","18":"tag-incendie","19":"tag-involontaire","20":"tag-juges","21":"tag-lille","22":"tag-news","23":"tag-proprietaires","24":"tag-republique-francaise","25":"tag-roubaix"},"share_on_mastodon":{"url":"https:\/\/pubeurope.com\/@fr\/115268392291592517","error":""},"_links":{"self":[{"href":"https:\/\/www.europesays.com\/fr\/wp-json\/wp\/v2\/posts\/417973","targetHints":{"allow":["GET"]}}],"collection":[{"href":"https:\/\/www.europesays.com\/fr\/wp-json\/wp\/v2\/posts"}],"about":[{"href":"https:\/\/www.europesays.com\/fr\/wp-json\/wp\/v2\/types\/post"}],"author":[{"embeddable":true,"href":"https:\/\/www.europesays.com\/fr\/wp-json\/wp\/v2\/users\/2"}],"replies":[{"embeddable":true,"href":"https:\/\/www.europesays.com\/fr\/wp-json\/wp\/v2\/comments?post=417973"}],"version-history":[{"count":0,"href":"https:\/\/www.europesays.com\/fr\/wp-json\/wp\/v2\/posts\/417973\/revisions"}],"wp:featuredmedia":[{"embeddable":true,"href":"https:\/\/www.europesays.com\/fr\/wp-json\/wp\/v2\/media\/417974"}],"wp:attachment":[{"href":"https:\/\/www.europesays.com\/fr\/wp-json\/wp\/v2\/media?parent=417973"}],"wp:term":[{"taxonomy":"category","embeddable":true,"href":"https:\/\/www.europesays.com\/fr\/wp-json\/wp\/v2\/categories?post=417973"},{"taxonomy":"post_tag","embeddable":true,"href":"https:\/\/www.europesays.com\/fr\/wp-json\/wp\/v2\/tags?post=417973"}],"curies":[{"name":"wp","href":"https:\/\/api.w.org\/{rel}","templated":true}]}}