{"id":417975,"date":"2025-09-26T03:07:43","date_gmt":"2025-09-26T03:07:43","guid":{"rendered":"https:\/\/www.europesays.com\/fr\/417975\/"},"modified":"2025-09-26T03:07:43","modified_gmt":"2025-09-26T03:07:43","slug":"avec-lage-il-y-a-des-choses-qui-ne-bougent-pas-trop-sourit-giroud-apres-son-but-liberateur-avec-lille","status":"publish","type":"post","link":"https:\/\/www.europesays.com\/fr\/417975\/","title":{"rendered":"\u00abAvec l\u2019\u00e2ge il y a des choses qui ne bougent pas trop\u00bb, sourit Giroud apr\u00e8s son but lib\u00e9rateur avec Lille"},"content":{"rendered":"<p>Le meilleur buteur de l\u2019histoire des Bleus, \u00e2g\u00e9 de 38 ans, a sauv\u00e9 le LOSC d\u2019une mauvaise passe, ce jeudi, face aux Norv\u00e9giens de Brann Bergen.<\/p>\n<p class=\"fig-paragraph\"><a href=\"http:\/\/www.lefigaro.fr\/sports\/football\/ligue-europa\/ligue-europa-sauve-par-giroud-lille-lance-sa-campagne-par-une-victoire-poussive-sur-brann-bergen-20250925\" data-fig-type=\"NewsFlash\" data-gtm-custom-categorie=\"navigation\" data-gtm-custom-action=\"crossclick\" data-gtm-custom-label=\"Contextuel\" data-gtm-event=\"customEventSPE\" data-fig-domain=\"LEFIGARO\" target=\"_blank\" rel=\"noopener\">Lille s\u2019est impos\u00e9 en fin de match contre Brann Bergen (2-1)<\/a>\u00a0gr\u00e2ce \u00e0 un but d\u2019<a href=\"http:\/\/www.lefigaro.fr\/sports\/football\/ligue-1\/ligue-1-giroud-c-est-extra-au-septieme-ciel-la-presse-francaise-admirative-de-l-eternel-attaquant-de-38-ans-20250825\" data-fig-type=\"NewsFlash\" data-gtm-custom-categorie=\"navigation\" data-gtm-custom-action=\"crossclick\" data-gtm-custom-label=\"Contextuel\" data-gtm-event=\"customEventSPE\" data-fig-domain=\"LEFIGARO\" target=\"_blank\" rel=\"noopener\">Olivier Giroud<\/a>, pour son entr\u00e9e en lice en Ligue Europa jeudi au Stade Pierre-Mauroy. Hamza Igamane avait ouvert le score (54e) et S\u00e6var Atli Magnusson lui avait r\u00e9pondu (60e). Entr\u00e9 en jeu \u00e0 la 67e minute, le meilleur buteur de l\u2019histoire des Bleus (57 buts en 137 s\u00e9lections) a tir\u00e9 le Losc d\u2019un bien mauvais pas, d\u2019une t\u00eate puissante (80e), montrant qu\u2019il a encore une belle d\u00e9tente\u00a0!<\/p>\n<p class=\"fig-paragraph\">\u00c0 l\u2019issue du match, il s\u2019est confi\u00e9 au micro de Canal +\u00a0: \u00abComme le dit le coach, on a besoin de tout le monde. Ce (jeudi) soir, j\u2019ai jou\u00e9 ce r\u00f4le en entrant. Le match n\u2019a pas \u00e9t\u00e9 facile, ils ont \u00e9t\u00e9 dangereux et courageux. Nous on a eu des hauts et des bas. On est heureux de revenir \u00e0 0-0 \u00e0 la mi-temps. Ce qui est dommage, c\u2019est d\u2019avoir pris ce but apr\u00e8s avoir ouvert le score. Mais on est all\u00e9 chercher cette victoire au mental.\u00bb<\/p>\n<p>                                    <a class=\"fig-a11y-skip a11y-hidden\" href=\"#fig-a11y-skip-main-inarticle\"><br \/>\n        Passer la publicit\u00e9<br \/>\n    <\/a><\/p>\n<p class=\"fig-paragraph\">Et d\u2019\u00e9voquer son beau but et son incroyable d\u00e9tente verticale. \u00abDans ce genre de situation, c\u2019est difficile pour le d\u00e9fenseur parce qu\u2019il recule et moi j\u2019arrive lanc\u00e9. On avait fait l\u2019\u00e9loge de Ronaldo qui sautait haut, c\u2019est vrai qu\u2019avec l\u2019\u00e2ge il y a des choses qui ne bougent pas trop, a-t-il souri. C\u2019est le timing, mais j\u2019ai aussi un bon ballon de Tiago (Santos).\u00bb<\/p>\n","protected":false},"excerpt":{"rendered":"Le meilleur buteur de l\u2019histoire des Bleus, \u00e2g\u00e9 de 38 ans, a sauv\u00e9 le LOSC d\u2019une mauvaise passe,&hellip;\n","protected":false},"author":2,"featured_media":417976,"comment_status":"","ping_status":"","sticky":false,"template":"","format":"standard","meta":{"footnotes":""},"categories":[2815],"tags":[1111,11,1777,674,1011,27,811,1307,2267,12,5959,25],"class_list":{"0":"post-417975","1":"post","2":"type-post","3":"status-publish","4":"format-standard","5":"has-post-thumbnail","7":"category-lille","8":"tag-actu","9":"tag-actualites","10":"tag-eu","11":"tag-europe","12":"tag-fr","13":"tag-france","14":"tag-hauts-de-france","15":"tag-lille","16":"tag-losc","17":"tag-news","18":"tag-olivier-giroud","19":"tag-republique-francaise"},"share_on_mastodon":{"url":"https:\/\/pubeurope.com\/@fr\/115268396170304272","error":""},"_links":{"self":[{"href":"https:\/\/www.europesays.com\/fr\/wp-json\/wp\/v2\/posts\/417975","targetHints":{"allow":["GET"]}}],"collection":[{"href":"https:\/\/www.europesays.com\/fr\/wp-json\/wp\/v2\/posts"}],"about":[{"href":"https:\/\/www.europesays.com\/fr\/wp-json\/wp\/v2\/types\/post"}],"author":[{"embeddable":true,"href":"https:\/\/www.europesays.com\/fr\/wp-json\/wp\/v2\/users\/2"}],"replies":[{"embeddable":true,"href":"https:\/\/www.europesays.com\/fr\/wp-json\/wp\/v2\/comments?post=417975"}],"version-history":[{"count":0,"href":"https:\/\/www.europesays.com\/fr\/wp-json\/wp\/v2\/posts\/417975\/revisions"}],"wp:featuredmedia":[{"embeddable":true,"href":"https:\/\/www.europesays.com\/fr\/wp-json\/wp\/v2\/media\/417976"}],"wp:attachment":[{"href":"https:\/\/www.europesays.com\/fr\/wp-json\/wp\/v2\/media?parent=417975"}],"wp:term":[{"taxonomy":"category","embeddable":true,"href":"https:\/\/www.europesays.com\/fr\/wp-json\/wp\/v2\/categories?post=417975"},{"taxonomy":"post_tag","embeddable":true,"href":"https:\/\/www.europesays.com\/fr\/wp-json\/wp\/v2\/tags?post=417975"}],"curies":[{"name":"wp","href":"https:\/\/api.w.org\/{rel}","templated":true}]}}