{"id":417991,"date":"2025-09-26T03:17:12","date_gmt":"2025-09-26T03:17:12","guid":{"rendered":"https:\/\/www.europesays.com\/fr\/417991\/"},"modified":"2025-09-26T03:17:12","modified_gmt":"2025-09-26T03:17:12","slug":"organique-une-expo-vegetale-au-jardin-du-luxembourg","status":"publish","type":"post","link":"https:\/\/www.europesays.com\/fr\/417991\/","title":{"rendered":"Organique : une expo v\u00e9g\u00e9tale au Jardin du Luxembourg"},"content":{"rendered":"<p class=\"p1\">Si cette alchimie artistique a pu voir le jour, c\u2019est aussi gr\u00e2ce \u00e0 l\u2019engagement fid\u00e8le de <b>La Vall\u00e9e Village<\/b>, m\u00e9c\u00e8ne principal du projet au c\u00f4t\u00e9 du Comit\u00e9 Colbert. D\u00e9j\u00e0 partenaire des grandes expositions du Grand Palais et du Mus\u00e9e du Luxembourg, La Vall\u00e9e Village affirme, avec ce soutien, son r\u00f4le de passeur entre art, patrimoine et art de vivre. Telle une oasis aux portes de Paris, le Village cultive la m\u00eame exigence de raffinement et d\u2019ouverture culturelle qui irrigue cette exposition.<\/p>\n<p class=\"p1\">En associant son image \u00e0 Organique, La Vall\u00e9e Village illustre parfaitement sa volont\u00e9 de tisser des liens entre la cr\u00e9ation contemporaine, l\u2019h\u00e9ritage artistique et l\u2019exp\u00e9rience du beau. Un dialogue f\u00e9cond, qui donne \u00e0 l\u2019Orangerie du S\u00e9nat des allures de jardin int\u00e9rieur, o\u00f9 l\u2019art et la nature se r\u00e9pondent.<\/p>\n<p class=\"p1\"><b>Organique<\/b> \u2013 \u00e0 d\u00e9couvrir jusqu\u2019au 5 octobre 2025 au Jardin du Luxembourg \u2013 signe ainsi la rencontre entre l\u2019excellence artistique et l\u2019\u00e9l\u00e9gance du m\u00e9c\u00e9nat, port\u00e9e avec \u00e9clat par La Vall\u00e9e Village.<\/p>\n","protected":false},"excerpt":{"rendered":"Si cette alchimie artistique a pu voir le jour, c\u2019est aussi gr\u00e2ce \u00e0 l\u2019engagement fid\u00e8le de La Vall\u00e9e&hellip;\n","protected":false},"author":2,"featured_media":417992,"comment_status":"","ping_status":"","sticky":false,"template":"","format":"standard","meta":{"footnotes":""},"categories":[1888],"tags":[11,251,1777,674,3293,1011,27,12,626,25],"class_list":{"0":"post-417991","1":"post","2":"type-post","3":"status-publish","4":"format-standard","5":"has-post-thumbnail","7":"category-paris","8":"tag-actualites","9":"tag-culture","10":"tag-eu","11":"tag-europe","12":"tag-exposition","13":"tag-fr","14":"tag-france","15":"tag-news","16":"tag-paris","17":"tag-republique-francaise"},"share_on_mastodon":{"url":"https:\/\/pubeurope.com\/@fr\/115268435879934157","error":""},"_links":{"self":[{"href":"https:\/\/www.europesays.com\/fr\/wp-json\/wp\/v2\/posts\/417991","targetHints":{"allow":["GET"]}}],"collection":[{"href":"https:\/\/www.europesays.com\/fr\/wp-json\/wp\/v2\/posts"}],"about":[{"href":"https:\/\/www.europesays.com\/fr\/wp-json\/wp\/v2\/types\/post"}],"author":[{"embeddable":true,"href":"https:\/\/www.europesays.com\/fr\/wp-json\/wp\/v2\/users\/2"}],"replies":[{"embeddable":true,"href":"https:\/\/www.europesays.com\/fr\/wp-json\/wp\/v2\/comments?post=417991"}],"version-history":[{"count":0,"href":"https:\/\/www.europesays.com\/fr\/wp-json\/wp\/v2\/posts\/417991\/revisions"}],"wp:featuredmedia":[{"embeddable":true,"href":"https:\/\/www.europesays.com\/fr\/wp-json\/wp\/v2\/media\/417992"}],"wp:attachment":[{"href":"https:\/\/www.europesays.com\/fr\/wp-json\/wp\/v2\/media?parent=417991"}],"wp:term":[{"taxonomy":"category","embeddable":true,"href":"https:\/\/www.europesays.com\/fr\/wp-json\/wp\/v2\/categories?post=417991"},{"taxonomy":"post_tag","embeddable":true,"href":"https:\/\/www.europesays.com\/fr\/wp-json\/wp\/v2\/tags?post=417991"}],"curies":[{"name":"wp","href":"https:\/\/api.w.org\/{rel}","templated":true}]}}