{"id":418023,"date":"2025-09-26T03:39:11","date_gmt":"2025-09-26T03:39:11","guid":{"rendered":"https:\/\/www.europesays.com\/fr\/418023\/"},"modified":"2025-09-26T03:39:11","modified_gmt":"2025-09-26T03:39:11","slug":"emily-ratajkowsi-et-oli-de-bigflo-et-oli-le-rapprochement-auquel-on-ne-sattendait-pas","status":"publish","type":"post","link":"https:\/\/www.europesays.com\/fr\/418023\/","title":{"rendered":"Emily Ratajkowsi et Oli de Bigflo et Oli, le rapprochement auquel on ne s\u2019attendait pas"},"content":{"rendered":"<p>A l\u2019aube d\u2019une nouvelle idylle ? Nous en sommes encore loin. N\u00e9anmoins, force est de constater qu\u2019entre Oli, le fr\u00e8re cadet du <a href=\"https:\/\/www.public.fr\/avec-ta-voix-de-puceau-oli-du-duo-bigflo-et-oli-mechamment-tacle-repond-a-un-detracteur\" rel=\"nofollow noopener\" target=\"_blank\">duo Bigflo &amp; Oli<\/a>, et <a href=\"https:\/\/www.public.fr\/tag\/emily-ratajkowski\" rel=\"nofollow noopener\" target=\"_blank\">Emily Ratajkowski<\/a>, de <strong>nombreux \u00e9changes de messages auraient lieu.<\/strong><\/p>\n<p>C\u2019est en tout cas ce que vient de confier le principal int\u00e9ress\u00e9 lors de son passage dans <strong>La Bo\u00eete \u00e0 Questions<\/strong> de Canal+. Interrog\u00e9 sur l\u2019avanc\u00e9e de sa relation avec le mannequin, le jeune chanteur a indiqu\u00e9 qu\u2019il y avait eu quelques avanc\u00e9es.\u00a0<\/p>\n<p>Oli tente d&rsquo;approcher Emily Ratajkowski depuis quelques ann\u00e9es<\/p>\n<p>En effet, <a href=\"https:\/\/www.public.fr\/bigflo-oli-entre-oli-et-emily-ratajkowski-ca-se-rapproche-serieusement-elle-m-envoie-des-petits-emojis\" rel=\"nofollow noopener\" target=\"_blank\">cela fait d\u00e9j\u00e0 plusieurs ann\u00e9es<\/a> que le fr\u00e8re cadet du duo <a href=\"https:\/\/vsd.fr\/tag\/big-flo-et-oli\/\" rel=\"nofollow noopener\" target=\"_blank\">Bigflo &amp; Oli<\/a> a fait part de son admiration pour Emily Ratjkowski. D\u00e9j\u00e0, au micro de David Castello-Lopes pour Konbini, Oli rappelait <strong>avoir tent\u00e9 une approche avec le mannequin<\/strong> lors de sa venue sur le plateau de Quotidien en 2018.<\/p>\n<p><a href=\"https:\/\/www.public.fr\/dossiers\/yann-barthes\" rel=\"nofollow noopener\" target=\"_blank\">Yann Barth\u00e8s<\/a>\u00a0avait jou\u00e9 les entremetteurs lorsqu\u2019il avait re\u00e7u le mannequin, et avait diffus\u00e9 une vid\u00e9o enregistr\u00e9e par Oli en pleine quotidienne sur\u00a0TMC.\u00a0\u00ab\u00a0Salut Emily, je m\u2019appelle Oli, je suis un rappeur fran\u00e7ais qui s\u2019appr\u00eate \u00e0 sortir un album, mais je suis surtout connu pour \u00eatre ton plus grand fan\u00a0\u00bb, expliquait-t-il face cam\u00e9ra avant de poursuivre\u00a0:\u00a0\u00ab\u00a0Je suis \u00e0 New-York en ce moment et la derni\u00e8re fois que je t\u2019ai vue, tes gardes du corps m\u2019ont repouss\u00e9 donc je n\u2019ai pas pu prendre de photos avec toi. Alors je te donne une nouvelle chance et j\u2019esp\u00e8re que cet avion ira jusqu\u2019\u00e0 Paris\u00a0\u00bb.<\/p>\n<p>Apr\u00e8s avoir rappel\u00e9 cette anecdote, David Castello-Lopes rappelait \u00ab\u00a0qu\u2019aujourd\u2019hui il y a quand m\u00eame Emily Ratajkowski qui [le] suit sur Instagram\u00a0\u00bb. \u00ab\u00a0Des fois, elle voit mes stories, je r\u00e9ponds de temps en temps, \u00e7a r\u00e9pond, petit plaisir\u00a0\u00bb, avouait-il \u00e0 notre confr\u00e8re en 2023.<\/p>\n<p>Des \u00e9changes de messages entre le mannequin et le plus jeune fr\u00e8re du duo Bigflo et Oli<\/p>\n<p>Mais aujourd\u2019hui, qu\u2019en est-il de la relation entre le mannequin et le fr\u00e8re cadet du duo Bigflo &amp; Oli ? Visiblement, l\u2019entente serait toujours au beau fixe et <strong>les deux continueraient d\u2019\u00e9changer quelques messages.<\/strong><\/p>\n<p>Le principal int\u00e9ress\u00e9 l\u2019a lui-m\u00eame confirm\u00e9 au cours de son passage dans <strong>La Bo\u00eete \u00e0 Questions<\/strong> de Canal+. \u00ab\u00a0Emrata vous follow, il n&rsquo;y a pas de vous, c&rsquo;est que moi\u00a0\u00bb, a pr\u00e9cis\u00e9 Oli en r\u00e9pondant \u00e0 la question d\u2019un internaute.<\/p>\n<p>L\u2019occasion pour son fr\u00e8re a\u00een\u00e9 de faire preuve d\u2019humour : \u00ab\u00a0Je comprends pas pourquoi Emrata m&rsquo;a pas follow\u00a0\u00bb. \u00ab\u00a0Je vais m\u00eame vous l\u00e2cher un petit doss. <strong>L\u00e0, c&rsquo;est grosse, grosse exclu<\/strong>\u00ab\u00a0, a ensuite ajout\u00e9 Oli avant de r\u00e9v\u00e9ler, tr\u00e8s fier : \u00ab\u00a0<strong>Elle m&rsquo;a r\u00e9pondu certains messages, donc tr\u00e8s content. J&rsquo;ai perc\u00e9.<\/strong>\u00ab\u00a0<\/p>\n<p>      Mentionn\u00e9s dans cet article<\/p>\n<p>      Sur le m\u00eame sujet<\/p>\n","protected":false},"excerpt":{"rendered":"A l\u2019aube d\u2019une nouvelle idylle ? Nous en sommes encore loin. N\u00e9anmoins, force est de constater qu\u2019entre Oli,&hellip;\n","protected":false},"author":2,"featured_media":418024,"comment_status":"","ping_status":"","sticky":false,"template":"","format":"standard","meta":{"footnotes":""},"categories":[1359],"tags":[41712,58,9567,59,1011,27,973],"class_list":{"0":"post-418023","1":"post","2":"type-post","3":"status-publish","4":"format-standard","5":"has-post-thumbnail","7":"category-people","8":"tag-bigflo-oli","9":"tag-divertissement","10":"tag-emily-ratajkowski","11":"tag-entertainment","12":"tag-fr","13":"tag-france","14":"tag-people"},"share_on_mastodon":{"url":"https:\/\/pubeurope.com\/@fr\/115268522469191660","error":""},"_links":{"self":[{"href":"https:\/\/www.europesays.com\/fr\/wp-json\/wp\/v2\/posts\/418023","targetHints":{"allow":["GET"]}}],"collection":[{"href":"https:\/\/www.europesays.com\/fr\/wp-json\/wp\/v2\/posts"}],"about":[{"href":"https:\/\/www.europesays.com\/fr\/wp-json\/wp\/v2\/types\/post"}],"author":[{"embeddable":true,"href":"https:\/\/www.europesays.com\/fr\/wp-json\/wp\/v2\/users\/2"}],"replies":[{"embeddable":true,"href":"https:\/\/www.europesays.com\/fr\/wp-json\/wp\/v2\/comments?post=418023"}],"version-history":[{"count":0,"href":"https:\/\/www.europesays.com\/fr\/wp-json\/wp\/v2\/posts\/418023\/revisions"}],"wp:featuredmedia":[{"embeddable":true,"href":"https:\/\/www.europesays.com\/fr\/wp-json\/wp\/v2\/media\/418024"}],"wp:attachment":[{"href":"https:\/\/www.europesays.com\/fr\/wp-json\/wp\/v2\/media?parent=418023"}],"wp:term":[{"taxonomy":"category","embeddable":true,"href":"https:\/\/www.europesays.com\/fr\/wp-json\/wp\/v2\/categories?post=418023"},{"taxonomy":"post_tag","embeddable":true,"href":"https:\/\/www.europesays.com\/fr\/wp-json\/wp\/v2\/tags?post=418023"}],"curies":[{"name":"wp","href":"https:\/\/api.w.org\/{rel}","templated":true}]}}