{"id":418025,"date":"2025-09-26T03:40:21","date_gmt":"2025-09-26T03:40:21","guid":{"rendered":"https:\/\/www.europesays.com\/fr\/418025\/"},"modified":"2025-09-26T03:40:21","modified_gmt":"2025-09-26T03:40:21","slug":"cet-automne-le-louvre-lance-son-cine-club","status":"publish","type":"post","link":"https:\/\/www.europesays.com\/fr\/418025\/","title":{"rendered":"Cet automne, le Louvre lance son cin\u00e9-club"},"content":{"rendered":"<p>Pour les 200 ans de sa mort, le <a href=\"https:\/\/www.timeout.fr\/paris\/musees\/musee-du-louvre\" target=\"_blank\" rel=\"noopener\">Louvre<\/a> se plie en quatre pour Jacques-Louis David ! En parall\u00e8le de la r\u00e9trospective (du 25 octobre 2025 au 26 janvier 2026) retra\u00e7ant la carri\u00e8re de ce monument de la peinture fran\u00e7aise, le mus\u00e9e a annonc\u00e9 la tenue d\u2019un cin\u00e9-club th\u00e9matis\u00e9 : De David \u00e0 Kubrick. De la R\u00e9volution \u00e0 l\u2019Empire au cin\u00e9.<\/p>\n<p><strong>Autour des grands th\u00e8mes de la vie et de l&rsquo;\u0153uvre de David<\/strong><\/p>\n<p>Organis\u00e9 du 17 au 26 octobre, ce cycle creusera les grands th\u00e8mes de la vie et de l\u2019\u0153uvre de David, qui a toujours utilis\u00e9 ses toiles comme des manifestes figurant ses diff\u00e9rentes convictions politiques : d&rsquo;abord farouchement r\u00e9volutionnaire, il est \u00e9lu d\u00e9put\u00e9 de la Convention et devient un proche de Robespierre, il peint le Serment du Jeu de Paume, avant de rendre hommage au journaliste Jean-Paul Marat avec Marat assassin\u00e9 ; puis, \u00e0 l\u2019av\u00e8nement de l\u2019Empire, il devient un fid\u00e8le de Napol\u00e9on, peignant en tant que Premier Peintre Le Sacre de Napol\u00e9on ou Bonaparte franchissant les Alpes au Grand-Saint-Bernard.<\/p>\n<p>Pour retranscrire ce parcours \u00e0 l\u2019\u00e9cran, le Louvre affiche sur sa grille une dizaine de films et documentaires (tous r\u00e9alis\u00e9s par des hommes&#8230;) : Un peuple et son roi de Pierre Schoeller, La Marseillaise de Jean Renoir, Waterloo de Sergue\u00ef Bondartchouk, Barry Lyndon de Stanley Kubrick, La Nuit de Varennes d\u2019Ettore Scola ou encore la fresque Napol\u00e9on d\u2019Abel Gance. De quoi se donner des id\u00e9es de r\u00e9volution, non ?<\/p>\n<p><strong>Quand\u00a0?<\/strong> du 17 au 26 octobre 2025<br \/><strong>O\u00f9\u00a0?<\/strong> Auditorium du Louvre Michel Laclotte, Cour Napol\u00e9on, Place des Pyramides, Paris 1er. <br \/><strong>Combien\u00a0?<\/strong> de 5 \u00e0 10 \u20ac (<a href=\"https:\/\/www.fnacspectacles.com\/artist\/musee-louvre\/cinema-en-lien-avec-lexposition-jacques-louis-david--3953383\/?affiliate=FKC\" target=\"_blank\" rel=\"noopener\">billetterie ici<\/a>)<\/p>\n<p><img decoding=\"async\" id=\"b2b4009f-5de1-ee72-a714-257cf78adb18\" class=\"photo lazy inline\" loading=\"lazy\" data-component=\"lazy-embed\" src=\"https:\/\/www.europesays.com\/fr\/wp-content\/uploads\/2025\/09\/1758858021_979_image.webp.webp\" alt=\"Bonaparte franchissant les Alpes au Grand Saint-Bernard \u00a9 GrandPalaisRmn (mus\u00e9es des ch\u00e2teaux de Malmaison et de Bois-Pr\u00e9au), Franck Raux\" data-caption=\"\" data-credit=\"Bonaparte franchissant les Alpes au Grand Saint-Bernard \u00a9 GrandPalaisRmn (mus\u00e9es des ch\u00e2teaux de Malmaison et de Bois-Pr\u00e9au), Franck Raux\" data-width-class=\"\" data-image-id=\"106304610\"\/>&#13;<br \/>\nBonaparte franchissant les Alpes au Grand Saint-Bernard \u00a9 GrandPalaisRmn (mus\u00e9es des ch\u00e2teaux de Malmaison et de Bois-Pr\u00e9au), Franck Raux&#13;<\/p>\n<p><strong>Les expositions de la rentr\u00e9e 2025<\/strong><\/p>\n<p>Oui, on sait : les vacances sont termin\u00e9es. Mais r\u00e9jouissez-vous : les\u00a0<a href=\"https:\/\/www.timeout.fr\/paris\/musees\" target=\"_blank\" rel=\"noopener\">mus\u00e9es parisiens<\/a>\u00a0aussi font leur rentr\u00e9e, et le moins qu\u2019on puisse dire, c\u2019est qu\u2019ils ont bien boss\u00e9 sur leurs nouveaux programmes. Nina Chanel Abney,\u00a0Gerhard Richter<strong>,\u00a0<\/strong>Tyler Otobong Nkanga, Vassily Kandinsky, les mouvements Minimal et Art D\u00e9co ou l&rsquo;ouverture de la\u00a0<a href=\"https:\/\/www.timeout.fr\/paris\/actualites\/on-connait-la-date-douverture-de-la-nouvelle-fondation-cartier-et-ca-arrive-tres-vite-080625\" target=\"_blank\" rel=\"noopener\">nouvelle Fondation Cartier<\/a>\u00a0: d\u00e9couvrez ici les\u00a0expos incontournables\u00a0de cette saison automne-hiver 2025-2026.<\/p>\n","protected":false},"excerpt":{"rendered":"Pour les 200 ans de sa mort, le Louvre se plie en quatre pour Jacques-Louis David ! En&hellip;\n","protected":false},"author":2,"featured_media":418026,"comment_status":"","ping_status":"","sticky":false,"template":"","format":"standard","meta":{"footnotes":""},"categories":[1358],"tags":[19909,3734,1348,1384,1385,19908,1386,58,59,54779,54778,1011,27],"class_list":{"0":"post-418025","1":"post","2":"type-post","3":"status-publish","4":"format-standard","5":"has-post-thumbnail","7":"category-arts-et-design","8":"tag-actualites-art","9":"tag-art","10":"tag-arts","11":"tag-arts-and-design","12":"tag-arts-et-design","13":"tag-categories-art","14":"tag-design","15":"tag-divertissement","16":"tag-entertainment","17":"tag-evenement-expositions","18":"tag-evenement-expositions-personnelles","19":"tag-fr","20":"tag-france"},"share_on_mastodon":{"url":"https:\/\/pubeurope.com\/@fr\/115268526017883471","error":""},"_links":{"self":[{"href":"https:\/\/www.europesays.com\/fr\/wp-json\/wp\/v2\/posts\/418025","targetHints":{"allow":["GET"]}}],"collection":[{"href":"https:\/\/www.europesays.com\/fr\/wp-json\/wp\/v2\/posts"}],"about":[{"href":"https:\/\/www.europesays.com\/fr\/wp-json\/wp\/v2\/types\/post"}],"author":[{"embeddable":true,"href":"https:\/\/www.europesays.com\/fr\/wp-json\/wp\/v2\/users\/2"}],"replies":[{"embeddable":true,"href":"https:\/\/www.europesays.com\/fr\/wp-json\/wp\/v2\/comments?post=418025"}],"version-history":[{"count":0,"href":"https:\/\/www.europesays.com\/fr\/wp-json\/wp\/v2\/posts\/418025\/revisions"}],"wp:featuredmedia":[{"embeddable":true,"href":"https:\/\/www.europesays.com\/fr\/wp-json\/wp\/v2\/media\/418026"}],"wp:attachment":[{"href":"https:\/\/www.europesays.com\/fr\/wp-json\/wp\/v2\/media?parent=418025"}],"wp:term":[{"taxonomy":"category","embeddable":true,"href":"https:\/\/www.europesays.com\/fr\/wp-json\/wp\/v2\/categories?post=418025"},{"taxonomy":"post_tag","embeddable":true,"href":"https:\/\/www.europesays.com\/fr\/wp-json\/wp\/v2\/tags?post=418025"}],"curies":[{"name":"wp","href":"https:\/\/api.w.org\/{rel}","templated":true}]}}