{"id":418027,"date":"2025-09-26T03:41:11","date_gmt":"2025-09-26T03:41:11","guid":{"rendered":"https:\/\/www.europesays.com\/fr\/418027\/"},"modified":"2025-09-26T03:41:11","modified_gmt":"2025-09-26T03:41:11","slug":"bagneres-de-bigorre-quatre-primes-au-salon-du-livre-pyreneen-de-binaros","status":"publish","type":"post","link":"https:\/\/www.europesays.com\/fr\/418027\/","title":{"rendered":"Bagn\u00e8res-de-Bigorre. Quatre prim\u00e9s au salon du livre pyr\u00e9n\u00e9en de Binaros"},"content":{"rendered":"<p>\n                                                                    l&rsquo;essentiel<br \/>\n                                                                Un moment phare de la rentr\u00e9e d\u2019automne, pour d\u00e9couvrir les nouveaut\u00e9s, parcourir les montagnes \u00e0 travers de nouvelles pages qui s\u2019\u00e9crivent et se dessinent.\n                            <\/p>\n<p>Non pas que l\u2019on suive l\u2019annualit\u00e9 litt\u00e9raire nationale, mais ce rendez-vous est un moment que l\u2019on appr\u00e9cie toujours, Binaros, un salon tellement install\u00e9 dans le paysage que cela devient presque un rituel : on y expose tout ce qui se fait en mati\u00e8re d\u2019\u00e9dition, de proc\u00e9d\u00e9s pour que le livre continue \u00e0 vivre sous toutes ses formes. Et la cr\u00e9ativit\u00e9 des auteurs et autrices est celle d\u2019artistes qui manient aussi bien le crayon\u2026 Pour \u00e9crire ou pour dessiner. M\u00eame si l\u2019ordinateur et la technologie contemporaine sont des facilitateurs, le r\u00e9sultat reste le m\u00eame : on feuillette un document, et on se laisse embarquer par un sujet\u2026 Qui fr\u00f4le les sommets. Et pour lire entre les lignes, des rencontres, caf\u00e9s litt\u00e9raires, des jeux pour les plus jeunes, des expos, des projections et un film. Chaque ann\u00e9e, des prix sont d\u00e9cern\u00e9s<\/p>\n<p><b>Quatre prix pour valoriser le livre et des autrices prim\u00e9es<\/b><\/p>\n<p>Un hasard ou pas, ce sont encore des femmes qui sont prim\u00e9es cette ann\u00e9e. Martine et Vincent, sont venus rejoindre les autres membres du jury pour cette 16e \u00e9dition o\u00f9 ils sont 9 : \u00ab\u00a0il n\u2019y a pas de consigne, et c\u2019est au cours des discussions avec des points de vue parfois diff\u00e9rents au d\u00e9part que l\u2019on se rejoint concernant les choix de cette ann\u00e9e, des coups de c\u0153ur parmi les 70 ouvrages re\u00e7us.<\/p>\n<p>Le Prix du Livre Pyr\u00e9n\u00e9en \u2013 Connaissance \u00ab\u00a0R\u00e9inventons la montagne\u00a0\u00bb, de Fiona Mille (\u00c9ditions du Faubourg, 2 024), projette dans plusieurs sc\u00e9narios, certes les Alpes, aux prochains JO en 2030, et un autre imaginaire qui est possible, qui peut interpeller les Pyr\u00e9n\u00e9es.<\/p>\n<p>Le Prix du Livre Pyr\u00e9n\u00e9en \u2013 Litt\u00e9rature a \u00e9t\u00e9 attribu\u00e9 \u00e0 \u00ab\u00a0Je t\u2019ai donn\u00e9 des yeux et tu as regard\u00e9 les t\u00e9n\u00e8bres\u00a0\u00bb d\u2019Ir\u00e8ne Sol\u00e0 (Traduit du catalan par Edmond Raillard, \u00c9ditions du Seuil, 2 024). Une histoire de femmes \u00e0 la fois terrifiante et touchante \u00e0 l\u2019\u00e9criture magnifique.<\/p>\n<p>C\u00f4t\u00e9 guide \u00ab\u00a0Randonneuses\u00a0\u00bb, comment se lib\u00e9rer sur les sentiers en groupe ou en solo, entre trucs et astuces, de Camille Chr\u00e9tien et Cl\u00e9mence Blot, avec la participation de Chlo\u00eb Chaudemanche. (Chemin des cr\u00eates, 2 025).<\/p>\n<p>Quant au prix Binaros, en quelque sorte le 100 % coup de c\u0153ur, toutes cat\u00e9gories confondues, c\u2019est une BD qui a fait l\u2019unanimit\u00e9 avec \u00ab\u00a0Em Sil\u00eancio\u00a0\u00bb, d\u2019Adeline Casier (La bo\u00eete \u00e0 Bulles, 2 025), des textes et des dessins percutants d\u2019histoires de passages \u00e0 travers les montagnes.<\/p>\n<p><b>4 et 5 octobre au Carr\u00e9 Py<\/b>Entr\u00e9e gratuite \u2013<a href=\"http:\/\/salondulivre-pyreneen.fr\" target=\"_blank\" rel=\"nofollow noopener\">salondulivre-pyreneen.fr<\/a><\/p>\n","protected":false},"excerpt":{"rendered":"l&rsquo;essentiel Un moment phare de la rentr\u00e9e d\u2019automne, pour d\u00e9couvrir les nouveaut\u00e9s, parcourir les montagnes \u00e0 travers de&hellip;\n","protected":false},"author":2,"featured_media":418028,"comment_status":"","ping_status":"","sticky":false,"template":"","format":"standard","meta":{"footnotes":""},"categories":[1357],"tags":[1379,58,59,1011,27,1380],"class_list":{"0":"post-418027","1":"post","2":"type-post","3":"status-publish","4":"format-standard","5":"has-post-thumbnail","7":"category-livres","8":"tag-books","9":"tag-divertissement","10":"tag-entertainment","11":"tag-fr","12":"tag-france","13":"tag-livres"},"share_on_mastodon":{"url":"https:\/\/pubeurope.com\/@fr\/115268529875714670","error":""},"_links":{"self":[{"href":"https:\/\/www.europesays.com\/fr\/wp-json\/wp\/v2\/posts\/418027","targetHints":{"allow":["GET"]}}],"collection":[{"href":"https:\/\/www.europesays.com\/fr\/wp-json\/wp\/v2\/posts"}],"about":[{"href":"https:\/\/www.europesays.com\/fr\/wp-json\/wp\/v2\/types\/post"}],"author":[{"embeddable":true,"href":"https:\/\/www.europesays.com\/fr\/wp-json\/wp\/v2\/users\/2"}],"replies":[{"embeddable":true,"href":"https:\/\/www.europesays.com\/fr\/wp-json\/wp\/v2\/comments?post=418027"}],"version-history":[{"count":0,"href":"https:\/\/www.europesays.com\/fr\/wp-json\/wp\/v2\/posts\/418027\/revisions"}],"wp:featuredmedia":[{"embeddable":true,"href":"https:\/\/www.europesays.com\/fr\/wp-json\/wp\/v2\/media\/418028"}],"wp:attachment":[{"href":"https:\/\/www.europesays.com\/fr\/wp-json\/wp\/v2\/media?parent=418027"}],"wp:term":[{"taxonomy":"category","embeddable":true,"href":"https:\/\/www.europesays.com\/fr\/wp-json\/wp\/v2\/categories?post=418027"},{"taxonomy":"post_tag","embeddable":true,"href":"https:\/\/www.europesays.com\/fr\/wp-json\/wp\/v2\/tags?post=418027"}],"curies":[{"name":"wp","href":"https:\/\/api.w.org\/{rel}","templated":true}]}}