{"id":418045,"date":"2025-09-26T03:50:13","date_gmt":"2025-09-26T03:50:13","guid":{"rendered":"https:\/\/www.europesays.com\/fr\/418045\/"},"modified":"2025-09-26T03:50:13","modified_gmt":"2025-09-26T03:50:13","slug":"donald-trump-menace-de-se-venger-sur-les-fonctionnaires-si-les-democrates-bloquent-son-budget","status":"publish","type":"post","link":"https:\/\/www.europesays.com\/fr\/418045\/","title":{"rendered":"Donald Trump menace de se venger sur les fonctionnaires si les d\u00e9mocrates bloquent son budget"},"content":{"rendered":"<p>        <img decoding=\"async\" loading=\"lazy\" src=\"https:\/\/www.europesays.com\/fr\/wp-content\/uploads\/2025\/09\/113bb01_upload-1-cfnzmrru2152-afp-20250925-76rn8el-v1-midres-erdogantovisitwhitehouse.jpg\"  width=\"728\" height=\"410\" alt=\"Donald Trump a menac\u00e9 ce jeudi 25\u00a0septembre de se venger sur les fonctionnaires si les d\u00e9mocrates bloquent son budget.\"\/>  <\/p>\n<p>SAUL LOEB \/ AFP<\/p>\n<p>Donald Trump a menac\u00e9 ce jeudi 25\u00a0septembre de se venger sur les fonctionnaires si les d\u00e9mocrates bloquent son budget.<\/p>\n<p class=\"asset asset-text\">INTERNATIONAL &#8211; L\u2019heure tourne et la pression monte pour \u00e9viter un <a href=\"https:\/\/www.huffingtonpost.fr\/international\/article\/pas-de-shutdown-aux-etats-unis-grace-a-un-vote-de-derniere-minute-du-congres_243877.html\" target=\"_blank\" rel=\"noopener\">\u00ab\u00a0shutdown\u00a0\u00bb.<\/a> <a href=\"https:\/\/www.huffingtonpost.fr\/international\/article\/a-quoi-s-attendre-apres-la-volte-face-de-donald-trump-sur-la-guerre-en-ukraine_255201.html\" target=\"_blank\" rel=\"noopener\">Donald Trump <\/a>a fait brusquement monter les ench\u00e8res ce jeudi 25\u00a0septembre dans son bras de fer budg\u00e9taire avec l\u2019opposition d\u00e9mocrate, en mena\u00e7ant de licencier en masse des fonctionnaires si le Congr\u00e8s ne vote pas une loi de finances d\u2019ici cinq jours.<\/p>\n<p class=\"asset asset-text\">\u00ab\u00a0Tout ceci est de la faute des d\u00e9mocrates. Ils nous ont demand\u00e9 de faire des choses d\u00e9raisonnables\u00a0\u00bb, a dit le pr\u00e9sident am\u00e9ricain \u00e0 l\u2019occasion d\u2019une rencontre \u00e0 la Maison Blanche avec son homologue turc Recep Tayyip Erdogan. Il a accus\u00e9 l\u2019opposition de vouloir financer des soins m\u00e9dicaux pour des immigr\u00e9s en situation irr\u00e9guli\u00e8re avec l\u2019argent f\u00e9d\u00e9ral.<\/p>\n<p class=\"asset asset-text\">Les enjeux de ce combat politico-financier sont lourds pour chaque camp.\u00a0Dans un peu plus d\u2019un an se tiendront les \u00e9lections de mi-mandat lors desquelles la majorit\u00e9 au Congr\u00e8s, aujourd\u2019hui r\u00e9publicaine, sera remise en jeu.<\/p>\n<p>    \u00ab\u00a0Nous ne nous laisserons pas intimider\u00a0\u00bb    <\/p>\n<p class=\"asset asset-text\">Le 30\u00a0septembre est la date limite pour adopter un budget, m\u00eame temporaire, et \u00e9viter un \u00ab\u00a0shutdown\u00a0\u00bb, une paralysie de l\u2019\u00c9tat f\u00e9d\u00e9ral. En cas de \u00ab\u00a0shutdown\u00a0\u00bb, une grande partie des services f\u00e9d\u00e9raux seraient mis \u00e0 l\u2019arr\u00eat, avec des centaines de milliers de fonctionnaires au ch\u00f4mage technique, un trafic a\u00e9rien chambard\u00e9, mais aussi de fortes perturbations dans le versement de nombreuses aides sociales.<\/p>\n<p class=\"asset asset-text\">Le r\u00e9publicain Russell Vought, directeur du Bureau du budget (OMB) \u00e0 la Maison Blanche, a demand\u00e9 aux agences f\u00e9d\u00e9rales de concevoir des plans de r\u00e9duction des effectifs pour les employ\u00e9s travaillant dans des programmes qui n\u2019ont pas de financement actuel, ni de source de financement ext\u00e9rieure, et qui ne sont \u00ab\u00a0pas coh\u00e9rents avec les priorit\u00e9s du pr\u00e9sident\u00a0\u00bb Trump, selon un courrier dont l\u2019AFP a eu une copie. Le m\u00e9mo de l\u2019OMB indique que toute r\u00e9duction effectu\u00e9e apr\u00e8s la date limite de financement serait permanente.<\/p>\n<p class=\"asset asset-text\">Le patron des d\u00e9mocrates \u00e0 la Chambre des repr\u00e9sentants Hakeem Jeffries a qualifi\u00e9 Russell Vought de \u00ab\u00a0politicard malfaisant\u00a0\u00bb. \u00ab\u00a0Nous ne nous laisserons pas intimider\u00a0\u00bb, a-t-il \u00e9crit sur X, en concluant, \u00e0 l\u2019adresse du directeur du Budget\u00a0: \u00ab\u00a0Va te faire voir.\u00a0\u00bb<\/p>\n<p class=\"asset asset-text\">Donald Trump, lui, refuse toute rencontre avec les chefs de file de la minorit\u00e9 d\u00e9mocrate au Congr\u00e8s tant qu\u2019ils ne se rangent pas \u00e0 ses arguments.<\/p>\n<p>                     Les d\u00e9mocrates exigent le r\u00e9tablissement de milliards de dollars en d\u00e9penses de sant\u00e9    <\/p>\n<p class=\"asset asset-text\">Les r\u00e9publicains disposent d\u2019une courte majorit\u00e9 aux deux chambres du Congr\u00e8s, Chambre des repr\u00e9sentants et S\u00e9nat, mais en raison du r\u00e8glement parlementaire, le parti r\u00e9publicain devra n\u00e9gocier avec les d\u00e9mocrates pour obtenir les voix d\u2019au moins sept s\u00e9nateurs.<\/p>\n<p class=\"asset asset-text\">Les d\u00e9mocrates exigent notamment que les r\u00e9publicains r\u00e9tablissent des centaines de milliards de dollars en d\u00e9penses de sant\u00e9. Les conservateurs, de leur c\u00f4t\u00e9, arguent que leur plan de d\u00e9penses pour sept semaines, finan\u00e7ant le gouvernement jusqu\u2019\u00e0 fin novembre, est le seul sur la table.<\/p>\n<p class=\"asset asset-text\">Si le Congr\u00e8s adopte un projet de loi budg\u00e9taire avant la date limite, \u00ab\u00a0les \u00e9tapes suppl\u00e9mentaires d\u00e9crites dans cet e-mail ne seront pas n\u00e9cessaires\u00a0\u00bb, indique le m\u00e9mo de l\u2019OMB.<\/p>\n<p class=\"asset asset-text\">Les d\u00e9mocrates, qui n\u2019ont pas r\u00e9ussi jusqu\u2019ici \u00e0 articuler de r\u00e9ponse r\u00e9ellement percutante au d\u00e9luge de d\u00e9cisions drastiques de Donald Trump, sont malmen\u00e9s dans les sondages. Ils voient dans ce bras de fer une occasion de pr\u00e9senter le pr\u00e9sident milliardaire comme un ami des riches, d\u00e9cid\u00e9 \u00e0 sabrer dans les prestations sociales.<\/p>\n<p class=\"asset asset-text\">Les r\u00e9publicains misent eux sur un message s\u00e9curitaire et souverainiste, tout en promettant des baisses d\u2019imp\u00f4t, \u00e0 l\u2019heure o\u00f9 le march\u00e9 de l\u2019emploi se d\u00e9grade.<\/p>\n<p class=\"asset asset-text\">Les Am\u00e9ricains expriment dans les enqu\u00eates d\u2019opinion un scepticisme marqu\u00e9, voire une hostilit\u00e9 ouverte \u00e0 la politique protectionniste de Donald Trump.<\/p>\n","protected":false},"excerpt":{"rendered":"SAUL LOEB \/ AFP Donald Trump a menac\u00e9 ce jeudi 25\u00a0septembre de se venger sur les fonctionnaires si&hellip;\n","protected":false},"author":2,"featured_media":418046,"comment_status":"","ping_status":"","sticky":false,"template":"","format":"standard","meta":{"footnotes":""},"categories":[5],"tags":[11,28351,75,73,1011,27,14,12,28],"class_list":{"0":"post-418045","1":"post","2":"type-post","3":"status-publish","4":"format-standard","5":"has-post-thumbnail","7":"category-international","8":"tag-actualites","9":"tag-democrates","10":"tag-donald-trump","11":"tag-etats-unis","12":"tag-fr","13":"tag-france","14":"tag-international","15":"tag-news","16":"tag-world"},"share_on_mastodon":{"url":"https:\/\/pubeurope.com\/@fr\/115268565778036238","error":""},"_links":{"self":[{"href":"https:\/\/www.europesays.com\/fr\/wp-json\/wp\/v2\/posts\/418045","targetHints":{"allow":["GET"]}}],"collection":[{"href":"https:\/\/www.europesays.com\/fr\/wp-json\/wp\/v2\/posts"}],"about":[{"href":"https:\/\/www.europesays.com\/fr\/wp-json\/wp\/v2\/types\/post"}],"author":[{"embeddable":true,"href":"https:\/\/www.europesays.com\/fr\/wp-json\/wp\/v2\/users\/2"}],"replies":[{"embeddable":true,"href":"https:\/\/www.europesays.com\/fr\/wp-json\/wp\/v2\/comments?post=418045"}],"version-history":[{"count":0,"href":"https:\/\/www.europesays.com\/fr\/wp-json\/wp\/v2\/posts\/418045\/revisions"}],"wp:featuredmedia":[{"embeddable":true,"href":"https:\/\/www.europesays.com\/fr\/wp-json\/wp\/v2\/media\/418046"}],"wp:attachment":[{"href":"https:\/\/www.europesays.com\/fr\/wp-json\/wp\/v2\/media?parent=418045"}],"wp:term":[{"taxonomy":"category","embeddable":true,"href":"https:\/\/www.europesays.com\/fr\/wp-json\/wp\/v2\/categories?post=418045"},{"taxonomy":"post_tag","embeddable":true,"href":"https:\/\/www.europesays.com\/fr\/wp-json\/wp\/v2\/tags?post=418045"}],"curies":[{"name":"wp","href":"https:\/\/api.w.org\/{rel}","templated":true}]}}