{"id":41805,"date":"2025-04-21T15:33:08","date_gmt":"2025-04-21T15:33:08","guid":{"rendered":"https:\/\/www.europesays.com\/fr\/41805\/"},"modified":"2025-04-21T15:33:08","modified_gmt":"2025-04-21T15:33:08","slug":"francois-le-pape-du-courage-et-de-la-compassion-pour-pierre-dornellas-archeveque-de","status":"publish","type":"post","link":"https:\/\/www.europesays.com\/fr\/41805\/","title":{"rendered":"\u00ab\u00a0Fran\u00e7ois, le pape du courage et de la compassion\u00a0\u00bb pour\u00a0Pierre d\u2019Ornellas, archev\u00eaque de"},"content":{"rendered":"<p>L\u2019archev\u00eaque de Rennes a r\u00e9agi au <a href=\"https:\/\/rennes.maville.com\/actu\/actudet_-un-dimanche-de-paques-en-forme-d-adieu-les-ultimes-instants-de-vie-du-pape-francois-_54135-6774290_actu.Htm\" target=\"_self\" rel=\"noopener\">d\u00e9c\u00e8s du souverain pontife<\/a>, survenu ce lundi 21 avril 2025. <strong>\u00ab\u00a0Dans la lumi\u00e8re de la f\u00eate de P\u00e2ques, f\u00eate de l\u2019esp\u00e9rance pour tous les chr\u00e9tiens, le pape Fran\u00e7ois a quitt\u00e9 notre monde.\u00a0\u00bb<\/strong> Pour Monseigneur Pierre d\u2019Ornellas, <strong>\u00ab\u00a0il fut le pape du courage et de la compassion.\u00a0J\u2019ai vu son visage passer soudainement de la joie \u00e0 la douleur quand je lui pr\u00e9sentais la souffrance de personnes migrantes \u00e0 Rennes. J\u2019ai alors per\u00e7u sa vive compassion pour les souffrances v\u00e9cues\u00a0\u00bb<\/strong> dans ce que Saint-P\u00e8re appelait <strong>\u00ab\u00a0les p\u00e9riph\u00e9ries\u00a0\u00bb<\/strong>.<\/p>\n<p>Un pape engag\u00e9 dans l\u2019\u00e9cologie<\/p>\n<p><strong>\u00ab\u00a0Avec courage et d\u00e9termination, il s\u2019est battu contre la culture du d\u00e9chet et de l\u2019exclusion. Il a tout fait pour que soit \u00e9radiqu\u00e9 le fl\u00e9au des abus sexuels dans l\u2019\u00c9glise. Il a tir\u00e9 la sonnette d\u2019alarme pour que tous, nous nous engagions dans l\u2019\u00e9cologie int\u00e9grale\u00a0\u00bb<\/strong>, appelant au respect inconditionnel de l\u2019\u00eatre humain et au respect de<strong> \u00ab\u00a0notre s\u0153ur la terre\u00a0\u00bb<\/strong>.<\/p>\n<p>Une expression que le pape Fran\u00e7ois <strong>\u00ab\u00a0a emprunt\u00e9e \u00e0 saint Fran\u00e7ois d\u2019Assise, dont il a voulu prendre le nom. Ce fut son inspiration qui le guida inlassablement sur le chemin de la fraternit\u00e9 entre les religions, sur l\u2019amour en actes et en v\u00e9rit\u00e9 des personnes les plus pauvres, et sur les voies de la paix entre les nations.\u00a0\u00bb<\/strong> Envers et contre tout, <strong>\u00ab\u00a0son courage l\u2019a sans cesse pouss\u00e9 \u00e0 prendre des initiatives dans ces trois directions, au nom de sa foi en Dieu\u00a0\u00bb<\/strong>.<\/p>\n<p><strong>Lire aussi :<\/strong>\u00a0<a href=\"https:\/\/www.ouest-france.fr\/societe\/religions\/pape-francois\/direct-mort-du-pape-francois-le-vatican-annonce-le-deces-du-souverain-pontife-a-lage-de-88-ans-3f295820-158e-4d1a-a4a8-aa5a8be12565\" target=\"_self\" rel=\"noopener\">DIRECT. Mort du pape Fran\u00e7ois : les causes du d\u00e9c\u00e8s du pape devraient \u00eatre annonc\u00e9es dans la soir\u00e9e<\/a><\/p>\n<p>Pierre d\u2019Ornellas rappelle que Fran\u00e7ois <strong>\u00ab\u00a0a commenc\u00e9 son pontificat en invitant tous les catholiques \u00e0 vivre sans jugement ni rigidit\u00e9, pour \u00eatre des t\u00e9moins joyeux \u2013 des \u00ab\u00a0disciples missionnaires\u00a0\u00bb &#8211; de l\u2019amour de Dieu envers tous les hommes\u00a0\u00bb<\/strong>. Il le termine <strong>\u00ab\u00a0en nous faisant contempler le c\u0153ur de J\u00e9sus, rempli de tendresse pour tous, sans exception\u00a0\u00bb<\/strong>.<\/p>\n<p>L\u2019archev\u00eaque de Rennes garde <strong>\u00ab\u00a0le souvenir \u00e9mu de son premier jour sur le balcon de Saint-Pierre\u00a0: quelle humilit\u00e9 quand il s\u2019est inclin\u00e9 en demandant \u00e0 tous les fid\u00e8les de prier pour lui\u00a0! Homme du courage et de la compassion, il fut l\u2019humble serviteur.\u00a0\u00bb<\/strong><\/p>\n<p>Tous les catholiques du dioc\u00e8se de Rennes sont invit\u00e9s \u00e0 la messe qui sera c\u00e9l\u00e9br\u00e9e dans la cath\u00e9drale Saint-Pierre de Rennes, ce mercredi 23\u00a0avril \u00e0 19\u00a0h, afin de prier pour le pape Fran\u00e7ois.<\/p>\n<p>\u00a0<\/p>\n","protected":false},"excerpt":{"rendered":"L\u2019archev\u00eaque de Rennes a r\u00e9agi au d\u00e9c\u00e8s du souverain pontife, survenu ce lundi 21 avril 2025. \u00ab\u00a0Dans la&hellip;\n","protected":false},"author":2,"featured_media":41806,"comment_status":"","ping_status":"","sticky":false,"template":"","format":"standard","meta":{"footnotes":""},"categories":[2821],"tags":[1111,11,12730,829,12728,12727,1777,674,1011,27,11846,12,12729,12672,11850,584,25,4937],"class_list":{"0":"post-41805","1":"post","2":"type-post","3":"status-publish","4":"format-standard","5":"has-post-thumbnail","7":"category-rennes","8":"tag-actu","9":"tag-actualites","10":"tag-archeveque","11":"tag-bretagne","12":"tag-compassion","13":"tag-courage","14":"tag-eu","15":"tag-europe","16":"tag-fr","17":"tag-france","18":"tag-francois","19":"tag-news","20":"tag-ornellas","21":"tag-pape","22":"tag-pierre","23":"tag-rennes","24":"tag-republique-francaise","25":"tag-saint-brieuc"},"share_on_mastodon":{"url":"https:\/\/pubeurope.com\/@fr\/114376684675543221","error":""},"_links":{"self":[{"href":"https:\/\/www.europesays.com\/fr\/wp-json\/wp\/v2\/posts\/41805","targetHints":{"allow":["GET"]}}],"collection":[{"href":"https:\/\/www.europesays.com\/fr\/wp-json\/wp\/v2\/posts"}],"about":[{"href":"https:\/\/www.europesays.com\/fr\/wp-json\/wp\/v2\/types\/post"}],"author":[{"embeddable":true,"href":"https:\/\/www.europesays.com\/fr\/wp-json\/wp\/v2\/users\/2"}],"replies":[{"embeddable":true,"href":"https:\/\/www.europesays.com\/fr\/wp-json\/wp\/v2\/comments?post=41805"}],"version-history":[{"count":0,"href":"https:\/\/www.europesays.com\/fr\/wp-json\/wp\/v2\/posts\/41805\/revisions"}],"wp:featuredmedia":[{"embeddable":true,"href":"https:\/\/www.europesays.com\/fr\/wp-json\/wp\/v2\/media\/41806"}],"wp:attachment":[{"href":"https:\/\/www.europesays.com\/fr\/wp-json\/wp\/v2\/media?parent=41805"}],"wp:term":[{"taxonomy":"category","embeddable":true,"href":"https:\/\/www.europesays.com\/fr\/wp-json\/wp\/v2\/categories?post=41805"},{"taxonomy":"post_tag","embeddable":true,"href":"https:\/\/www.europesays.com\/fr\/wp-json\/wp\/v2\/tags?post=41805"}],"curies":[{"name":"wp","href":"https:\/\/api.w.org\/{rel}","templated":true}]}}