{"id":418061,"date":"2025-09-26T04:01:08","date_gmt":"2025-09-26T04:01:08","guid":{"rendered":"https:\/\/www.europesays.com\/fr\/418061\/"},"modified":"2025-09-26T04:01:08","modified_gmt":"2025-09-26T04:01:08","slug":"charles-maarek-lancien-president-du-fc-rouen-condamne-par-le-tribunal","status":"publish","type":"post","link":"https:\/\/www.europesays.com\/fr\/418061\/","title":{"rendered":"Charles Maarek, l&rsquo;ancien pr\u00e9sident du FC Rouen, condamn\u00e9 par le tribunal"},"content":{"rendered":"<p>            Par<br \/>\n        <strong><br \/>\n            <a href=\"https:\/\/actu.fr\/auteur\/yann-rivallan\" title=\"Consulter tous les articles de Yann Rivallan\" target=\"_blank\" rel=\"noopener\">Yann Rivallan<\/a><br \/>\n        <\/strong><\/p>\n<p>        Publi\u00e9 le<\/p>\n<p>            26 sept. 2025 \u00e0 5h56        <\/p>\n<p>Les justifications de <strong>Charles Maarek<\/strong> n\u2019auront pas convaincu. Jeudi 25\u00a0septembre 2025, l\u2019ancien pr\u00e9sident du <a href=\"https:\/\/actu.fr\/tag\/fc-rouen\" target=\"_blank\" rel=\"noopener\">FC Rouen<\/a> entre\u00a02022 et\u00a02024 \u00e9tait renvoy\u00e9 devant le tribunal pour abus de biens sociaux, escroquerie, faux en \u00e9criture et pr\u00e9sentation de comptes annuels inexacts. L\u2019ex-dirigeant a \u00e9t\u00e9 condamn\u00e9 \u00e0 <strong>10\u00a0mois de prison avec sursis<\/strong>. Une audience marqu\u00e9e par un chaos g\u00e9n\u00e9ral et de vives tensions entre le pr\u00e9venu et les autres parties. R\u00e9cit.<\/p>\n<p>Une enqu\u00eate \u00ab\u2009b\u00e2cl\u00e9e\u2009\u00bb, selon la d\u00e9fense<\/p>\n<p class=\" wall-content\">L\u2019audience s\u2019est ouverte de fa\u00e7on spectaculaire. Ma\u00eetre Pierre-Henri Bovis, l\u2019avocat de Charles Maarek, a tent\u00e9 <strong>une proc\u00e9dure en nullit\u00e9<\/strong> pour l\u2019ensemble des faits reproch\u00e9s \u00e0 son client. Selon lui, l\u2019enqu\u00eate du parquet de Rouen \u00ab\u2009est b\u00e2cl\u00e9e\u2009\u00bb. Pire, le minist\u00e8re public aurait commis <strong>une \u00ab\u2009faute majeure\u2009\u00bb<\/strong> en ne renvoyant que l\u2019ancien pr\u00e9sident du club de football devant le tribunal.<\/p>\n<blockquote class=\"ac-article-quote wall-content\">\n<p>L\u2019expert comptable [du FCR] et le commissaire aux comptes [qui avait alert\u00e9 la justice sur des incoh\u00e9rences dans les comptes, NDLR] ont une immense responsabilit\u00e9 dans cette affaire.<\/p>\n<p>    <strong>Ma\u00eetre Pierre-Henri Bovis<\/strong><br \/>\n        Avocat de Charles Maarek    <\/p><\/blockquote>\n<p class=\" wall-content\">Il serait donc normal, d\u2019apr\u00e8s l\u2019avocat, de les juger aux c\u00f4t\u00e9s de son client. Pour lui, il est n\u00e9cessaire d\u2019annuler la convocation de l\u2019ancien dirigeant du FCR et de faire \u00ab\u2009un compl\u00e9ment d\u2019information\u2009\u00bb en confrontant les autres protagonistes.<\/p>\n<p>Charles Maarek rejette la faute<\/p>\n<p class=\" wall-content\">Une demande rapidement balay\u00e9e du revers par le procureur de la R\u00e9publique. Le dossier est pour lui complet et surtout, l\u2019expert-comptable et le commissaire aux comptes ne sont \u00e0 ses yeux pas p\u00e9nalement r\u00e9pr\u00e9hensibles. D\u2019ailleurs, ils expliqueront aux enqu\u00eateurs que c\u2019est Charles Maarek qui tirait les ficelles. C\u2019est donc bien de l\u2019implication de l\u2019ancien pr\u00e9sident qu\u2019il est question aujourd\u2019hui.<\/p>\n<p class=\" wall-content\">\u00c0 la barre, apr\u00e8s la lecture des faits par le pr\u00e9sident du tribunal, l\u2019ancien dirigeant du club de football local s\u2019\u00e9trangle et continue de s\u2019en prendre \u00e0 son expert-comptable et son commissaire aux comptes. <strong>Ils \u00e9taient \u00ab\u2009incomp\u00e9tents\u2009\u00bb<\/strong>, et ont commis \u00ab\u2009beaucoup d\u2019erreurs\u2009\u00bb, selon lui. Au point de lui proposer de \u00ab\u2009falsifier\u2009\u00bb des comptes.<\/p>\n<p class=\" wall-content\">Pour autant, de fausses factures de sponsoring pour gonfler artificiellement le capital du FCR ou encore un mouvement bancaire suspect de 80\u2009000\u00a0euros intriguent le tribunal.<\/p>\n<p>Votre r\u00e9gion, votre actu !<\/p>\n<p>Recevez chaque jour les infos qui comptent pour vous.<\/p>\n<p>\t<a href=\"https:\/\/actu.fr\/newsletter\" class=\"ac-btn ac-btn--corner ac-btn--medium ac-btn--blue800\" target=\"_blank\" rel=\"noopener\">S&rsquo;incrire<\/a><br \/>\n\u00c9cart de tr\u00e9sorerie, virement suspect, fausses factures\u2026<\/p>\n<p class=\" wall-content\">Sur ces points, Charles Maarek a r\u00e9ponse \u00e0 tout. <strong>Un trou de 400\u2009000\u00a0euros<\/strong> d\u00e9couvert dans la tr\u00e9sorerie du club lors des contr\u00f4les des comptes par la DNCG, le gendarme financier du football fran\u00e7ais\u2009? C\u2019est la faute du commissaire aux comptes et de l\u2019expert-comptable.<\/p>\n<p class=\" wall-content\"><strong>Un virement bancaire de 80\u2009000\u00a0euros<\/strong> entre la soci\u00e9t\u00e9 FC Rouen et une soci\u00e9t\u00e9 immobili\u00e8re de Charles Maarek\u2009? \u00ab\u2009Une erreur\u2009\u00bb de sa secr\u00e9taire qu\u2019il a fini par rembourser en 14 mensualit\u00e9s.<\/p>\n<p class=\" wall-content\">Mais le plus gros point dans ce dossier, ce sont de suppos\u00e9es <strong>\u00ab\u2009fausses factures de sponsoring\u2009\u00bb<\/strong>, rappelle le pr\u00e9sident du tribunal. Pour gonfler artificiellement les recettes du club apr\u00e8s la mont\u00e9e en National 1 en mai 2023, Charles Maarek aurait volontairement r\u00e9dig\u00e9 de fausses factures.<\/p>\n<p class=\" wall-content\">Il est accus\u00e9 d\u2019avoir sur\u00e9valu\u00e9 le montant apport\u00e9 par des sponsors, voire de les avoir compl\u00e8tement invent\u00e9s. Des faits contest\u00e9s avec v\u00e9h\u00e9mence par l\u2019ex-patron du FCR. Au point de pousser le pr\u00e9sident \u00e0 suspendre quelques minutes l\u2019audience.<\/p>\n<p class=\" wall-content\">Pourtant, certaines entreprises interrog\u00e9es par les enqu\u00eateurs ont assur\u00e9 n\u2019avoir <strong>jamais vers\u00e9 de telles sommes<\/strong> de sponsoring, ou m\u00eame n\u2019avoir jamais \u00e9t\u00e9 mises au courant qu\u2019elles \u00e9taient partenaires du club. \u00ab\u2009Ce sont des menteurs, justifie Charles Maarek. Il y a bien eu des prestations.\u2009\u00bb<\/p>\n<p>L\u2019ancien pr\u00e9sident du FCR \u00ab\u2009savait\u2009\u00bb<\/p>\n<p class=\" wall-content\">Selon ma\u00eetre Benjamin Peyrelevade, l\u2019avocat de la F\u00e9d\u00e9ration Fran\u00e7aise de Football, Charles Maarek leur a promis monts et merveilles. \u00ab\u2009C\u2019est de la manipulation pure\u2009\u00bb, assure-t-il. D\u00e8s le d\u00e9part, avant m\u00eame que la saison en National\u00a01 (2023-2024) d\u00e9bute, <strong>\u00ab\u2009il savait qu\u2019il n\u2019aurait pas le d\u00e9claratif<\/strong> [les fonds n\u00e9cessaires pour tenir son budget annuel, NDLR]\u2009\u00bb.<\/p>\n<p class=\" wall-content\">C\u2019est pour \u00e7a que le pr\u00e9sident du FCR aurait produit de fausses factures de sponsoring pour s\u2019assurer une mont\u00e9e en capital artificielle et passer sereinement les instances de contr\u00f4le financier.<\/p>\n<p class=\" wall-content\">\u00ab\u2009Il travestit la r\u00e9alit\u00e9\u2009\u00bb, r\u00e9sume encore l\u2019avocat de la FFF. Pour le pr\u00e9judice subit, c\u2019est-\u00e0-dire d\u2019avoir tromp\u00e9 la f\u00e9d\u00e9ration, il demande un euro symbolique.<\/p>\n<p>\u00ab\u2009L\u2019image du club a \u00e9t\u00e9 atteinte\u2009\u00bb<\/p>\n<p class=\" wall-content\">Pour les int\u00e9r\u00eats du FC Rouen, ma\u00eetre Am\u00e9lie De Colnet, il est clair que cette affaire a engendr\u00e9 un sacr\u00e9 pr\u00e9judice pour le club\u2009: \u00ab\u2009Le FCR a \u00e9t\u00e9 une victime directe.\u2009\u00bb Elle en veut pour preuve la somme de 80\u2009000\u00a0euros qui s\u2019est volatilis\u00e9e des comptes du FCR pour atterrir sur le compte bancaire d\u2019une soci\u00e9t\u00e9 civile immobili\u00e8re de Charles Maarek.<\/p>\n<blockquote class=\"ac-article-quote wall-content\">\n<p>Certes, cette somme a \u00e9t\u00e9 rembours\u00e9e. Mais le FCR n\u2019en a pas b\u00e9n\u00e9fici\u00e9 dans sa tr\u00e9sorerie pendant 8 mois.<\/p>\n<p>    <strong>Ma\u00eetre Am\u00e9lie De Colnet<\/strong><br \/>\n        Avocate de la SAS FC Rouen    <\/p><\/blockquote>\n<p class=\" wall-content\">Pour ce pr\u00e9judice, ma\u00eetre De Colnet r\u00e9clame la somme de 2\u2009500\u00a0euros, \u00ab\u2009en suivant le taux d\u2019un cr\u00e9dit moyen.\u2009\u00bb De plus, \u00ab\u2009<strong>l\u2019image du club a \u00e9t\u00e9 atteinte<\/strong> dans cette affaire. Sa cr\u00e9dibilit\u00e9 aussi\u2009\u00bb, appuie-t-elle. Elle sollicite ainsi <strong>une indemnisation de 10\u2009000\u00a0euros<\/strong> au titre du pr\u00e9judice moral.<\/p>\n<p class=\" wall-content\">Face \u00e0 tous ces \u00e9l\u00e9ments, et en sachant que Charles Maarek a d\u00e9j\u00e0 \u00e9t\u00e9 condamn\u00e9 pour des faits similaires en 2017, le procureur de la R\u00e9publique requiert <strong>une peine de 12\u00a0mois de prison avec sursis<\/strong>. Il demande \u00e9galement l\u2019interdiction de g\u00e9rer une soci\u00e9t\u00e9 pour une dur\u00e9e de 3\u00a0ans.<\/p>\n<p>Charles Maarek finalement condamn\u00e9<\/p>\n<p class=\" wall-content\">Ma\u00eetre Bovis, l\u2019avocat de Charles Maarek, conclut cette audience en s\u2019attaquant \u00e0 nouveau \u00e0 l\u2019expert-comptable et au commissaire aux comptes du FCR. \u00ab\u2009La tentative de tromperie de la FFF\u2009\u00bb, comme il la r\u00e9sume, <strong>ils en sont \u00ab\u2009\u00e0 l\u2019initiative\u2009\u00bb<\/strong>.<\/p>\n<p class=\" wall-content\">Concernant le virement litigieux, \u00ab\u2009tout a \u00e9t\u00e9 rendu avant m\u00eame les perquisitions\u2009\u00bb, reprend l\u2019avocat. Et il l\u2019assure\u2009: \u00ab\u2009Il n\u2019y a jamais eu de fausses factures.\u2009\u00bb C\u2019est donc tout naturellement qu\u2019il <strong>r\u00e9clame la relaxe<\/strong> de son client pour l\u2019ensemble des faits qui lui sont reproch\u00e9s. \u00ab\u2009Et si vous deviez entrer en voie de condamnation, il faudrait prendre une distance [avec la peine requise par le procureur].\u2009\u00bb<\/p>\n<p class=\" wall-content\">Au final, Charles Maarek est reconnu coupable de l\u2019ensemble des faits qui lui sont reproch\u00e9s. Le tribunal le condamne \u00e0 <strong>10\u00a0mois de prison avec sursis<\/strong> et une interdiction de g\u00e9rer une entreprise pendant 5\u00a0ans**. Il devra aussi indemniser la FFF \u00e0 hauteur d\u2019un euro symbolique et devra verser 5\u2009000\u00a0euros au FCR pour son pr\u00e9judice moral.<\/p>\n<p>**Cette peine est susceptible d\u2019appel. Tout pr\u00e9venu demeure pr\u00e9sum\u00e9 innocent tant que toutes les voies de recours ne sont pas \u00e9puis\u00e9es.<\/p>\n<p>Suivez l\u2019actualit\u00e9 de Rouen sur <a href=\"https:\/\/www.whatsapp.com\/channel\/0029VaKfnf99hXF2ddApFB1D\" target=\"_blank\" rel=\"noopener\">notre cha\u00eene WhatsApp<\/a> et sur <a href=\"https:\/\/www.tiktok.com\/@76actu.fr?lang=fr\" target=\"_blank\" rel=\"noopener\">notre compte TikTok<\/a><\/p>\n<p class=\" wall-content\">Personnalisez votre actualit\u00e9 en ajoutant vos villes et m\u00e9dias en favori avec <a href=\"https:\/\/moncompte.actu.fr\" title=\"D\u00e9couvez Mon Actu\" rel=\"nofollow noopener\" data-trk=\"{&quot;cta&quot;:{&quot;action&quot;:&quot;https:\\\/\\\/moncompte.actu.fr&quot;,&quot;category&quot;:&quot;mon compte&quot;,&quot;from&quot;:&quot;article footer&quot;,&quot;name&quot;:&quot;Mon actu&quot;,&quot;type&quot;:&quot;cta&quot;}}\" target=\"_blank\">Mon Actu<\/a>.<\/p>\n<p>                    <script async src=\"\/\/www.tiktok.com\/embed.js\"><\/script><\/p>\n","protected":false},"excerpt":{"rendered":"Par Yann Rivallan Publi\u00e9 le 26 sept. 2025 \u00e0 5h56 Les justifications de Charles Maarek n\u2019auront pas convaincu.&hellip;\n","protected":false},"author":2,"featured_media":418062,"comment_status":"","ping_status":"","sticky":false,"template":"","format":"standard","meta":{"footnotes":""},"categories":[9587],"tags":[1111,11,3513,1777,674,118,12003,1011,27,303,12,5161,25,9590],"class_list":{"0":"post-418061","1":"post","2":"type-post","3":"status-publish","4":"format-standard","5":"has-post-thumbnail","7":"category-rouen","8":"tag-actu","9":"tag-actualites","10":"tag-escroquerie","11":"tag-eu","12":"tag-europe","13":"tag-faits-divers","14":"tag-fc-rouen","15":"tag-fr","16":"tag-france","17":"tag-justice","18":"tag-news","19":"tag-normandie","20":"tag-republique-francaise","21":"tag-rouen"},"share_on_mastodon":{"url":"https:\/\/pubeurope.com\/@fr\/115268608537908447","error":""},"_links":{"self":[{"href":"https:\/\/www.europesays.com\/fr\/wp-json\/wp\/v2\/posts\/418061","targetHints":{"allow":["GET"]}}],"collection":[{"href":"https:\/\/www.europesays.com\/fr\/wp-json\/wp\/v2\/posts"}],"about":[{"href":"https:\/\/www.europesays.com\/fr\/wp-json\/wp\/v2\/types\/post"}],"author":[{"embeddable":true,"href":"https:\/\/www.europesays.com\/fr\/wp-json\/wp\/v2\/users\/2"}],"replies":[{"embeddable":true,"href":"https:\/\/www.europesays.com\/fr\/wp-json\/wp\/v2\/comments?post=418061"}],"version-history":[{"count":0,"href":"https:\/\/www.europesays.com\/fr\/wp-json\/wp\/v2\/posts\/418061\/revisions"}],"wp:featuredmedia":[{"embeddable":true,"href":"https:\/\/www.europesays.com\/fr\/wp-json\/wp\/v2\/media\/418062"}],"wp:attachment":[{"href":"https:\/\/www.europesays.com\/fr\/wp-json\/wp\/v2\/media?parent=418061"}],"wp:term":[{"taxonomy":"category","embeddable":true,"href":"https:\/\/www.europesays.com\/fr\/wp-json\/wp\/v2\/categories?post=418061"},{"taxonomy":"post_tag","embeddable":true,"href":"https:\/\/www.europesays.com\/fr\/wp-json\/wp\/v2\/tags?post=418061"}],"curies":[{"name":"wp","href":"https:\/\/api.w.org\/{rel}","templated":true}]}}