{"id":418063,"date":"2025-09-26T04:03:10","date_gmt":"2025-09-26T04:03:10","guid":{"rendered":"https:\/\/www.europesays.com\/fr\/418063\/"},"modified":"2025-09-26T04:03:10","modified_gmt":"2025-09-26T04:03:10","slug":"apres-lepisode-du-drapeau-palestinien-le-crif-coupe-les-ponts-avec-la-ville-de-grenoble","status":"publish","type":"post","link":"https:\/\/www.europesays.com\/fr\/418063\/","title":{"rendered":"Apr\u00e8s l&rsquo;\u00e9pisode du drapeau palestinien, le Crif coupe les ponts avec la Ville de Grenoble"},"content":{"rendered":"<p itemprop=\"description\"><strong>Le divorce \u00e9tait imminent.<\/strong><\/p>\n<p>Il a \u00e9t\u00e9 prononc\u00e9 ce jeudi soir par le pr\u00e9sident du Crif Grenoble. Dans un communiqu\u00e9, Eric Hattab annonce avoir coup\u00e9 les ponts avec la mairie grenobloise.<\/p>\n<p>Le dernier \u00e9pisode en date, l&rsquo;installation du drapeau palestinien sur le fronton de l&rsquo;H\u00f4tel de Ville lundi par Eric Piolle pour c\u00e9l\u00e9brer la reconnaissance de l&rsquo;Etat de Palestine par la France, fut la goutte d&rsquo;eau d&rsquo;une relation tumultueuse entre les repr\u00e9sentants de la communaut\u00e9 juive et les \u00e9cologistes grenoblois.<\/p>\n<p>\u00ab\u00a0La politique du \u201cdeux poids deux mesures\u201d de la Ville de Grenoble saute aux yeux et n\u2019est plus supportable. Le Crif Grenoble Dauphin\u00e9, attach\u00e9 au dialogue et \u00e0 la paix civile, ne trouve plus dans cette municipalit\u00e9 les voies permettant de poursuivre ce travail de concorde. D\u00e8s lors, le Crif rompt toutes relations institutionnelles avec la mairie de Grenoble\u00a0\u00bb, annonce Eric Hattab.<\/p>\n<p>Ce dernier rappelle aussi que le 26 ao\u00fbt dernier, lors de la c\u00e9r\u00e9monie en hommage aux d\u00e9port\u00e9s de la rue Bizanet, le conseiller municipal franco-allemand Claus Habfast avait prononc\u00e9 un discours ambigu au nom de la mairie de Grenoble, m\u00e9langeant la Shoah et le conflit isra\u00e9lo-palestinien. Un \u00e9pisode qui n&rsquo;avait entra\u00een\u00e9 aucune excuse de la part d&rsquo;Eric Piolle, au grand dam du Crif.<\/p>\n","protected":false},"excerpt":{"rendered":"Le divorce \u00e9tait imminent. Il a \u00e9t\u00e9 prononc\u00e9 ce jeudi soir par le pr\u00e9sident du Crif Grenoble. Dans&hellip;\n","protected":false},"author":2,"featured_media":418064,"comment_status":"","ping_status":"","sticky":false,"template":"","format":"standard","meta":{"footnotes":""},"categories":[9566],"tags":[1111,11,7733,8279,2430,7736,650,7734,2889,2263,1777,674,1011,27,2731,8280,6417,1114,108,4662,12,3725,1825,25,7737],"class_list":{"0":"post-418063","1":"post","2":"type-post","3":"status-publish","4":"format-standard","5":"has-post-thumbnail","7":"category-grenoble","8":"tag-actu","9":"tag-actualites","10":"tag-alpes","11":"tag-alpes1","12":"tag-auvergne-rhone-alpes","13":"tag-cds","14":"tag-cinema","15":"tag-ecoute","16":"tag-emission","17":"tag-equipe","18":"tag-eu","19":"tag-europe","20":"tag-fr","21":"tag-france","22":"tag-grenoble","23":"tag-haute","24":"tag-information","25":"tag-infos","26":"tag-isere","27":"tag-journal","28":"tag-news","29":"tag-podcast","30":"tag-radio","31":"tag-republique-francaise","32":"tag-winamp"},"share_on_mastodon":{"url":"https:\/\/pubeurope.com\/@fr\/115268616428632529","error":""},"_links":{"self":[{"href":"https:\/\/www.europesays.com\/fr\/wp-json\/wp\/v2\/posts\/418063","targetHints":{"allow":["GET"]}}],"collection":[{"href":"https:\/\/www.europesays.com\/fr\/wp-json\/wp\/v2\/posts"}],"about":[{"href":"https:\/\/www.europesays.com\/fr\/wp-json\/wp\/v2\/types\/post"}],"author":[{"embeddable":true,"href":"https:\/\/www.europesays.com\/fr\/wp-json\/wp\/v2\/users\/2"}],"replies":[{"embeddable":true,"href":"https:\/\/www.europesays.com\/fr\/wp-json\/wp\/v2\/comments?post=418063"}],"version-history":[{"count":0,"href":"https:\/\/www.europesays.com\/fr\/wp-json\/wp\/v2\/posts\/418063\/revisions"}],"wp:featuredmedia":[{"embeddable":true,"href":"https:\/\/www.europesays.com\/fr\/wp-json\/wp\/v2\/media\/418064"}],"wp:attachment":[{"href":"https:\/\/www.europesays.com\/fr\/wp-json\/wp\/v2\/media?parent=418063"}],"wp:term":[{"taxonomy":"category","embeddable":true,"href":"https:\/\/www.europesays.com\/fr\/wp-json\/wp\/v2\/categories?post=418063"},{"taxonomy":"post_tag","embeddable":true,"href":"https:\/\/www.europesays.com\/fr\/wp-json\/wp\/v2\/tags?post=418063"}],"curies":[{"name":"wp","href":"https:\/\/api.w.org\/{rel}","templated":true}]}}