{"id":418067,"date":"2025-09-26T04:05:10","date_gmt":"2025-09-26T04:05:10","guid":{"rendered":"https:\/\/www.europesays.com\/fr\/418067\/"},"modified":"2025-09-26T04:05:10","modified_gmt":"2025-09-26T04:05:10","slug":"que-faire-a-rennes-ce-week-end-du-27-septembre-au-28-septembre-2025","status":"publish","type":"post","link":"https:\/\/www.europesays.com\/fr\/418067\/","title":{"rendered":"Que faire \u00e0 Rennes ce week-end du 27 septembre au 28 septembre 2025 ?"},"content":{"rendered":"<p>\n        \u00c9v\u00e9nement organis\u00e9 par Le Carr\u00e9 Rennais.\n        <\/p>\n<p><a href=\"https:\/\/www.letelegramme.fr\/api\/gotourl\/bevt\/2947380\/\" target=\"_blank\" rel=\"noopener\"><br \/>\n        Billetterie du festival Le Grand Soufflet<br \/>\n        <\/a><\/p>\n<p>\n        Le Grand Soufflet, festival incontournable d\u2019Ille-et-Vilaine revient, du 1er au 12 octobre, \u00e0 Rennes et dans plus de 65 lieux dans tout le d\u00e9partement. Au programme notamment : Bonga, Bombino, Altin G\u00fcn, A\u00efta Mon Amour, Ha\u00efdouti Orkestar, Robert Finley, Djazia Satour, Azahar, Eliasse, Femti Fem, Komasi, La Moss\u00e0, Michalove, Sugar Bulgar, Tram des Balkans et M\u00e9lissa Zantman\u2026 Billetterie en ligne.\n        <\/p>\n<p><a href=\"https:\/\/www.letelegramme.fr\/api\/gotourl\/bevt\/3008058\/\" target=\"_blank\" rel=\"noopener\"><br \/>\n        Exposition de photo de Marc Josse \u00ab\u00a0Perceptio\u00a0\u00bb<br \/>\n        <\/a><\/p>\n<p>\n        L\u2019Orangerie du Thabor ouvre ses portes \u00e0 une s\u00e9lection d\u2019\u0153uvres de Marc Josse, photographe plasticien dont le travail m\u00eale rigueur formelle et exploration po\u00e9tique de l\u2019image. \u00c0 travers un choix de s\u00e9ries embl\u00e9matiques et de cr\u00e9ations r\u00e9centes, l\u2019exposition invite le public \u00e0 parcourir un univers o\u00f9 le r\u00e9el se transforme en mati\u00e8re visuelle, o\u00f9 chaque image devient Cet \u00e9v\u00e9nement est accessible aux personnes \u00e0 mobilit\u00e9 r\u00e9duite.\n        <\/p>\n<p>L&rsquo;agenda des loisirs<\/p>\n<p class=\"moveInBrittany__text\" style=\"color:#fff\">\n            Festivals, expositions, visites, conf\u00e9rences, &#8230;\n          <\/p>\n<p>Sortir \u00e0 Rennes le dimanche 28 septembreVous souhaitez annoncer gratuitement un \u00e9v\u00e9nement sur Le T\u00e9l\u00e9gramme ? Cliquez ci-dessous<a href=\"https:\/\/www.letelegramme.fr\/annoncer-evenement-bretagne\" target=\"_blank\" class=\"tlg-btn\" rel=\"noopener\">D\u00e9poser un \u00e9v\u00e9nement<\/a><\/p>\n","protected":false},"excerpt":{"rendered":"\u00c9v\u00e9nement organis\u00e9 par Le Carr\u00e9 Rennais. Billetterie du festival Le Grand Soufflet Le Grand Soufflet, festival incontournable d\u2019Ille-et-Vilaine&hellip;\n","protected":false},"author":2,"featured_media":6963,"comment_status":"","ping_status":"","sticky":false,"template":"","format":"standard","meta":{"footnotes":""},"categories":[2821],"tags":[1111,11,829,1777,674,1011,27,12,3907,584,25],"class_list":{"0":"post-418067","1":"post","2":"type-post","3":"status-publish","4":"format-standard","5":"has-post-thumbnail","7":"category-rennes","8":"tag-actu","9":"tag-actualites","10":"tag-bretagne","11":"tag-eu","12":"tag-europe","13":"tag-fr","14":"tag-france","15":"tag-news","16":"tag-que-faire","17":"tag-rennes","18":"tag-republique-francaise"},"share_on_mastodon":{"url":"https:\/\/pubeurope.com\/@fr\/115268624306573323","error":""},"_links":{"self":[{"href":"https:\/\/www.europesays.com\/fr\/wp-json\/wp\/v2\/posts\/418067","targetHints":{"allow":["GET"]}}],"collection":[{"href":"https:\/\/www.europesays.com\/fr\/wp-json\/wp\/v2\/posts"}],"about":[{"href":"https:\/\/www.europesays.com\/fr\/wp-json\/wp\/v2\/types\/post"}],"author":[{"embeddable":true,"href":"https:\/\/www.europesays.com\/fr\/wp-json\/wp\/v2\/users\/2"}],"replies":[{"embeddable":true,"href":"https:\/\/www.europesays.com\/fr\/wp-json\/wp\/v2\/comments?post=418067"}],"version-history":[{"count":0,"href":"https:\/\/www.europesays.com\/fr\/wp-json\/wp\/v2\/posts\/418067\/revisions"}],"wp:featuredmedia":[{"embeddable":true,"href":"https:\/\/www.europesays.com\/fr\/wp-json\/wp\/v2\/media\/6963"}],"wp:attachment":[{"href":"https:\/\/www.europesays.com\/fr\/wp-json\/wp\/v2\/media?parent=418067"}],"wp:term":[{"taxonomy":"category","embeddable":true,"href":"https:\/\/www.europesays.com\/fr\/wp-json\/wp\/v2\/categories?post=418067"},{"taxonomy":"post_tag","embeddable":true,"href":"https:\/\/www.europesays.com\/fr\/wp-json\/wp\/v2\/tags?post=418067"}],"curies":[{"name":"wp","href":"https:\/\/api.w.org\/{rel}","templated":true}]}}