{"id":418070,"date":"2025-09-26T04:08:55","date_gmt":"2025-09-26T04:08:55","guid":{"rendered":"https:\/\/www.europesays.com\/fr\/418070\/"},"modified":"2025-09-26T04:08:55","modified_gmt":"2025-09-26T04:08:55","slug":"bas-rhin-agression-au-couteau-dune-professeure-a-benfeld-ce-que-lon-sait","status":"publish","type":"post","link":"https:\/\/www.europesays.com\/fr\/418070\/","title":{"rendered":"Bas-Rhin. Agression au couteau d&rsquo;une professeure \u00e0 Benfeld : ce que l&rsquo;on sait"},"content":{"rendered":"<p>En quittant l\u2019\u00e9tablissement, le coll\u00e9gien n\u2019a pas cherch\u00e9 \u00e0 s\u2019en prendre \u00e0 quelqu\u2019un d\u2019autre. Il a quitt\u00e9 le coll\u00e8ge et s\u2019est retrouv\u00e9 dans les rues de Benfeld. Peu apr\u00e8s les faits, il a \u00e9t\u00e9 rep\u00e9r\u00e9 par une patrouille de gendarmes alors qu\u2019il circulait \u00e0 v\u00e9lo, en direction de Hilsenheim, sur la RD 212.<\/p>\n<p>Au moment de son interpellation, il s\u2019est inflig\u00e9 plusieurs coups de couteau au niveau de la gorge. Le jeune homme ne s\u2019est pas montr\u00e9 mena\u00e7ant envers les forces de l\u2019ordre qui lui ont prodigu\u00e9 les gestes de premiers secours. Rapidement pris en charge et h\u00e9liport\u00e9 vers l\u2019h\u00f4pital de Hautepierre, il a \u00e9t\u00e9 op\u00e9r\u00e9 dans l\u2019apr\u00e8s-midi avant d\u2019\u00eatre s\u00e9dat\u00e9 pour 48 heures.<\/p>\n<p>  Les jours du coll\u00e9gien en danger<\/p>\n<p>\u00ab\u00a0Ses jours sont en danger, affirme la procureure. Il souffrirait de l\u00e9sions jugulaires et carotides.\u00bb<\/p>\n<p>Le jeune homme, plac\u00e9 en famille d\u2019accueil, d\u00e8s son plus jeune \u00e2ge a subi des violences de la part d\u2019une assistante familiale, condamn\u00e9e pour ces faits en 2024. Les faits de violence remontent aux ann\u00e9es\u00a02021 et\u00a02022.<\/p>\n<p>La procureure confirme que le coll\u00e9gien avait attir\u00e9 l\u2019attention des autorit\u00e9s pour <a href=\"https:\/\/www.dna.fr\/faits-divers-justice\/2025\/09\/24\/agression-au-couteau-d-une-enseignante-a-benfeld-l-adolescent-avait-une-fascination-pour-hitler-et-un-parcours-difficile\" target=\"_blank\" rel=\"noopener\">son go\u00fbt pour les armes, la Seconde Guerre mondiale et Adolf Hitler<\/a>.<\/p>\n<p>Une mesure \u00e9ducative et une sanction disciplinaire avaient \u00e9t\u00e9 prises. Deux dessins avaient attir\u00e9 l\u2019attention de l\u2019\u00e9quipe \u00e9ducative, celui d\u2019un homme levant le bras, en r\u00e9f\u00e9rence au salut nazi en mars dernier et un autre en d\u00e9but d\u2019ann\u00e9e scolaire, avec les deux symboles SS sur le cahier.<\/p>\n<p>Le coll\u00e9gien \u00e9tait suivi sur le plan psychologique et psychiatrique mais s\u2019investissait peu dans ce suivi. Il avait un soutien particulier au coll\u00e8ge par rapport \u00e0 son handicap psychologique, et une maladie g\u00e9n\u00e9tique, la m\u00eame dont sa m\u00e8re souffrait.<\/p>\n<p>Deux enqu\u00eates ont \u00e9t\u00e9 ouvertes\u00a0: une pour tentative d\u2019homicide sur personne charg\u00e9e d\u2019une mission de service public et une autre, relative aux conditions d\u2019interpellation. La section de recherches pilote les op\u00e9rations. \u00ab\u00a0Le parquet n\u2019a pas d\u2019inqui\u00e9tude sur le comportement des forces de l\u2019ordre mais c\u2019est la proc\u00e9dure\u00a0\u00bb, rappelle Clarisse Taron.<\/p>\n<p>  \u00abUn coll\u00e8ge calme\u00bb<\/p>\n<p>Le parquet strasbourgeois est \u00e9galement en contact avec le Parquet national antiterroriste (PNAT) compte tenu du profil du mineur. \u00ab\u00a0Nous attendons les premi\u00e8res investigations de la section de recherches (SR). Nous ne savons pas encore pourquoi il s\u2019en est pris \u00e0 sa professeure de musique.\u00a0\u00bb<\/p>\n<p>\u00ab\u00a0C\u2019est un coll\u00e8ge calme, une op\u00e9ration pour lutter contre la pr\u00e9sence d\u2019armes blanches avait \u00e9t\u00e9 r\u00e9alis\u00e9e il y a quelques semaines. Il n\u2019y a pas eu de profil signal\u00e9 pour des faits de violence\u00a0\u00bb, confirme encore le g\u00e9n\u00e9ral Gwendal Durant, du groupement de gendarmerie du Bas-Rhin.<\/p>\n<p>Une cinquantaine d\u2019auditions ont d\u2019ores et d\u00e9j\u00e0 \u00e9t\u00e9 men\u00e9es par les gendarmes ce mercredi dans l\u2019\u00e9tablissement. \u00ab\u00a0L\u2019audition de la professeure n\u2019a pas pu \u00eatre compl\u00e8tement r\u00e9alis\u00e9e\u00a0\u00bb, a aussi indiqu\u00e9 Gwendal Durand. Cette derni\u00e8re est encore \u00e0 l\u2019h\u00f4pital sous surveillance notamment pour \u00ab\u00a0assurer son soutien psychologique\u00a0\u00bb. En tout, 60 gendarmes du groupement ont \u00e9t\u00e9 mobilis\u00e9s, dont une vingtaine de la section de recherche durant toute la journ\u00e9e de mercredi.<\/p>\n","protected":false},"excerpt":{"rendered":"En quittant l\u2019\u00e9tablissement, le coll\u00e9gien n\u2019a pas cherch\u00e9 \u00e0 s\u2019en prendre \u00e0 quelqu\u2019un d\u2019autre. Il a quitt\u00e9 le&hellip;\n","protected":false},"author":2,"featured_media":418071,"comment_status":"","ping_status":"","sticky":false,"template":"","format":"standard","meta":{"footnotes":""},"categories":[2820],"tags":[1111,11,2389,2649,53859,1777,674,274,107,1011,27,775,12,25,640],"class_list":{"0":"post-418070","1":"post","2":"type-post","3":"status-publish","4":"format-standard","5":"has-post-thumbnail","7":"category-strasbourg","8":"tag-actu","9":"tag-actualites","10":"tag-alsace","11":"tag-bas-rhin","12":"tag-benfeld","13":"tag-eu","14":"tag-europe","15":"tag-faits-divers-justice","16":"tag-fil-info","17":"tag-fr","18":"tag-france","19":"tag-grand-est","20":"tag-news","21":"tag-republique-francaise","22":"tag-strasbourg"},"share_on_mastodon":{"url":"https:\/\/pubeurope.com\/@fr\/115268639994791145","error":""},"_links":{"self":[{"href":"https:\/\/www.europesays.com\/fr\/wp-json\/wp\/v2\/posts\/418070","targetHints":{"allow":["GET"]}}],"collection":[{"href":"https:\/\/www.europesays.com\/fr\/wp-json\/wp\/v2\/posts"}],"about":[{"href":"https:\/\/www.europesays.com\/fr\/wp-json\/wp\/v2\/types\/post"}],"author":[{"embeddable":true,"href":"https:\/\/www.europesays.com\/fr\/wp-json\/wp\/v2\/users\/2"}],"replies":[{"embeddable":true,"href":"https:\/\/www.europesays.com\/fr\/wp-json\/wp\/v2\/comments?post=418070"}],"version-history":[{"count":0,"href":"https:\/\/www.europesays.com\/fr\/wp-json\/wp\/v2\/posts\/418070\/revisions"}],"wp:featuredmedia":[{"embeddable":true,"href":"https:\/\/www.europesays.com\/fr\/wp-json\/wp\/v2\/media\/418071"}],"wp:attachment":[{"href":"https:\/\/www.europesays.com\/fr\/wp-json\/wp\/v2\/media?parent=418070"}],"wp:term":[{"taxonomy":"category","embeddable":true,"href":"https:\/\/www.europesays.com\/fr\/wp-json\/wp\/v2\/categories?post=418070"},{"taxonomy":"post_tag","embeddable":true,"href":"https:\/\/www.europesays.com\/fr\/wp-json\/wp\/v2\/tags?post=418070"}],"curies":[{"name":"wp","href":"https:\/\/api.w.org\/{rel}","templated":true}]}}