{"id":418088,"date":"2025-09-26T04:21:45","date_gmt":"2025-09-26T04:21:45","guid":{"rendered":"https:\/\/www.europesays.com\/fr\/418088\/"},"modified":"2025-09-26T04:21:45","modified_gmt":"2025-09-26T04:21:45","slug":"olivier-giroud-sauve-lille-contre-brann-bergen","status":"publish","type":"post","link":"https:\/\/www.europesays.com\/fr\/418088\/","title":{"rendered":"Olivier Giroud sauve Lille contre Brann Bergen"},"content":{"rendered":"<p><strong>Lille\u00a0&#8211; Brann\u00a0: 2-1<\/strong><\/p>\n<p>Cinq jours apr\u00e8s sa d\u00e9route \u00e0 Lens dans le derby du Nord, Lille a eu toutes les peines du monde \u00e0 s\u2019imposer contre Brann Bergen, jeudi au stade Pierre-Mauroy, lors de son entr\u00e9e en lice en Ligue Europa. Si l\u2019op\u00e9ration comptable est r\u00e9ussie pour d\u00e9buter cette phase de ligue qui doit permettre au club nordiste de se qualifier pour les huiti\u00e8mes de finale, les Dogues n\u2019ont pas pour autant rassur\u00e9. Ils doivent leur salut \u00e0 un but d\u2019Olivier Giroud en fin de match d\u2019une t\u00eate puissante (80e) apr\u00e8s un centre de Tiago Santos, qui a jou\u00e9 son premier match apr\u00e8s quasiment un an \u00e0 se remettre d\u2019une grave blessure.<\/p>\n<p>L\u2019histoire finit donc bien mais avait mal commenc\u00e9 pour les Nordistes, avec une premi\u00e8re p\u00e9riode bien en de\u00e7\u00e0 des attentes de leur entra\u00eeneur Bruno Genesio. Les Dogues ont cruellement manqu\u00e9 de mordant, domin\u00e9s dans la plupart des duels a\u00e9riens et dans l\u2019impact physique. Malgr\u00e9 57\u00a0% possession de balle, le onze lillois a donn\u00e9 l\u2019impression de jouer ensemble pour la premi\u00e8re fois, sans coh\u00e9sion.<\/p>\n<p>Des sifflets nourris<\/p>\n<p>En face, le club de Bergen a jou\u00e9 avec envie, sans crainte, se procurant des occasions (4e, 22e) de la t\u00eate, et trouvant le poteau gauche de Berke \u00d6zer par Noah Holm (41e). Les sifflets nourris du stade Pierre-Mauroy \u00e0 l\u2019encontre de ses joueurs \u00e0 la mi-temps ont montr\u00e9 la d\u00e9ception d\u2019un public qui attendait une r\u00e9action apr\u00e8s l\u2019humiliante d\u00e9faite contre le rival lensois (3-0).<\/p>\n<p>Ce fut mieux en seconde p\u00e9riode, o\u00f9 Lille a r\u00e9ussi, gr\u00e2ce \u00e0 deux individualit\u00e9s, Matias Fernandez-Pardo, passeur, et Hamza Igamane, buteur, \u00e0 ouvrir le score (1-0, 54e). Mais Brann a r\u00e9pondu \u00e0 ce but en \u00e9galisant gr\u00e2ce \u00e0 S\u00e6var Atli Magnusson (1-1, 60e), apr\u00e8s un jeu de transition rapide et pr\u00e9cis cons\u00e9cutif \u00e0 une perte de balle d\u2019Hakon Haraldsson, auteur d\u2019une prestation tr\u00e8s d\u00e9cevante.<\/p>\n<p>Dans la foul\u00e9e, Emil Kornvig a trouv\u00e9 l\u2019\u00e9querre des cages lilloises d\u2019une belle frappe enroul\u00e9e (64e). Puis ce fut au tour de Fernandez-Pardo (74e) et Ayyoub Bouaddi (80e) de trouver les montants adverses. Mais dans la continuit\u00e9 de l\u2019action, Giroud a surgi en h\u00e9ros (2-1, 80e). Le club norv\u00e9gien n\u2019a pas abdiqu\u00e9, se cr\u00e9ant trois derni\u00e8res occasions dans les arr\u00eats de jeu, en vain.<\/p>\n<p><strong>Mi-temps\u00a0:<\/strong> 0-0.<br \/><strong>Arbitre\u00a0:<\/strong> M.\u00a0Lindhout.<br \/><strong>Buts\u00a0:<\/strong> pour Lille, Igamane (54e), Giroud (80e)\u00a0; pour Brann, Magnusson (60e).<\/p>\n<p>L\u2019OL d\u00e9bute bien<\/p>\n<p>Une frappe lointaine surpuissante de Tanner Tessmann a permis \u00e0 l\u2019Olympique Lyonnais de d\u00e9buter la C3 par un succ\u00e8s, jeudi soir sur la pelouse d\u2019Utrecht (0-1). L\u2019Am\u00e9ricain a lib\u00e9r\u00e9 \u00e0 la 75e minute un OL jusqu\u2019alors loin d\u2019\u00eatre dominateur. Au contraire, les N\u00e9erlandais ont longtemps \u00e9t\u00e9 les plus entreprenants.<\/p>\n","protected":false},"excerpt":{"rendered":"Lille\u00a0&#8211; Brann\u00a0: 2-1 Cinq jours apr\u00e8s sa d\u00e9route \u00e0 Lens dans le derby du Nord, Lille a eu&hellip;\n","protected":false},"author":2,"featured_media":418089,"comment_status":"","ping_status":"","sticky":false,"template":"","format":"standard","meta":{"footnotes":""},"categories":[2815],"tags":[1111,11,1777,674,63,1011,27,811,5843,1307,74,12,25,60],"class_list":{"0":"post-418088","1":"post","2":"type-post","3":"status-publish","4":"format-standard","5":"has-post-thumbnail","7":"category-lille","8":"tag-actu","9":"tag-actualites","10":"tag-eu","11":"tag-europe","12":"tag-football","13":"tag-fr","14":"tag-france","15":"tag-hauts-de-france","16":"tag-ligue-europa","17":"tag-lille","18":"tag-monde","19":"tag-news","20":"tag-republique-francaise","21":"tag-sports"},"share_on_mastodon":{"url":"https:\/\/pubeurope.com\/@fr\/115268687182128213","error":""},"_links":{"self":[{"href":"https:\/\/www.europesays.com\/fr\/wp-json\/wp\/v2\/posts\/418088","targetHints":{"allow":["GET"]}}],"collection":[{"href":"https:\/\/www.europesays.com\/fr\/wp-json\/wp\/v2\/posts"}],"about":[{"href":"https:\/\/www.europesays.com\/fr\/wp-json\/wp\/v2\/types\/post"}],"author":[{"embeddable":true,"href":"https:\/\/www.europesays.com\/fr\/wp-json\/wp\/v2\/users\/2"}],"replies":[{"embeddable":true,"href":"https:\/\/www.europesays.com\/fr\/wp-json\/wp\/v2\/comments?post=418088"}],"version-history":[{"count":0,"href":"https:\/\/www.europesays.com\/fr\/wp-json\/wp\/v2\/posts\/418088\/revisions"}],"wp:featuredmedia":[{"embeddable":true,"href":"https:\/\/www.europesays.com\/fr\/wp-json\/wp\/v2\/media\/418089"}],"wp:attachment":[{"href":"https:\/\/www.europesays.com\/fr\/wp-json\/wp\/v2\/media?parent=418088"}],"wp:term":[{"taxonomy":"category","embeddable":true,"href":"https:\/\/www.europesays.com\/fr\/wp-json\/wp\/v2\/categories?post=418088"},{"taxonomy":"post_tag","embeddable":true,"href":"https:\/\/www.europesays.com\/fr\/wp-json\/wp\/v2\/tags?post=418088"}],"curies":[{"name":"wp","href":"https:\/\/api.w.org\/{rel}","templated":true}]}}