{"id":418106,"date":"2025-09-26T04:33:20","date_gmt":"2025-09-26T04:33:20","guid":{"rendered":"https:\/\/www.europesays.com\/fr\/418106\/"},"modified":"2025-09-26T04:33:20","modified_gmt":"2025-09-26T04:33:20","slug":"a-paris-la-vie-infernale-des-enfants-exploites-par-un-reseau-de-pickpockets-bosniens","status":"publish","type":"post","link":"https:\/\/www.europesays.com\/fr\/418106\/","title":{"rendered":"\u00e0 Paris, la vie infernale des enfants exploit\u00e9s par un r\u00e9seau de pickpockets bosniens"},"content":{"rendered":"<p>Quatorze personnes comparaissent \u00e0 partir de ce vendredi pour avoir enr\u00f4l\u00e9 des enfants dans un groupe de voleurs tr\u00e8s rod\u00e9s, pilot\u00e9 depuis le nord de la France. Le r\u00e9seau s\u00e9vissait notamment sur les lignes 1 et 9 du m\u00e9tro parisien.<\/p>\n<p class=\"fig-paragraph\">\u00c0\u00a0<a href=\"http:\/\/www.lefigaro.fr\/meteo\/meteo-un-record-de-froid-a-ete-battu-a-paris-mercredi-24-septembre-20250925\" target=\"_blank\" data-fig-type=\"NewsFlash\" rel=\"noopener\" data-gtm-custom-categorie=\"navigation\" data-gtm-custom-action=\"crossclick\" data-gtm-custom-label=\"Contextuel\" data-gtm-event=\"customEventSPE\" data-fig-domain=\"LEFIGARO\">Paris<\/a>, une nu\u00e9e d\u2019enfants s\u2019\u00e9chappe d\u2019une rame de m\u00e9tro, les poches pleines de portefeuilles. Deux autres \u00e9pient un riverain qui retire de l\u2019argent \u00e0 un distributeur automatique, raflent sa carte bancaire et d\u00e9talent dans des directions oppos\u00e9es. Une escouade de policiers se lance aux trousses des petits voleurs dans le lacis exigu des couloirs de la ligne 9, ou dans ceux de\u00a0<a href=\"http:\/\/www.lefigaro.fr\/politique\/l-aeroport-de-roissy-un-lieu-synonyme-de-puissance-a-l-image-du-general-de-gaulle-20250728\" target=\"_blank\" data-fig-type=\"Article\" rel=\"noopener\" data-gtm-custom-categorie=\"navigation\" data-gtm-custom-action=\"crossclick\" data-gtm-custom-label=\"Contextuel\" data-gtm-event=\"customEventSPE\" data-fig-domain=\"LEFIGARO\">l\u2019a\u00e9roport de Roissy<\/a>. Ces images peuplent l\u2019enqu\u00eate judiciaire men\u00e9e sur un r\u00e9seau de voleurs bosniens, d\u00e9mantel\u00e9 par la Brigade de protection des mineurs (BPM) en juin 2023. \u00c0 partir de ce vendredi, 14 d\u2019entre eux sont renvoy\u00e9s devant le tribunal de Paris pour avoir exploit\u00e9 leurs enfants &#8211; ils sont des dizaines &#8211; dans un groupe de pickpockets tr\u00e8s rod\u00e9. Celui-ci concentrait son activit\u00e9 d\u00e9lictuelle dans Paris et sa r\u00e9gion, mais s\u2019\u00e9tendait \u00e0 d\u2019autres endroits du territoire comme Lille, Lyon, Strasbourg et Cannes.<\/p>\n<p class=\"fig-paragraph\">Les hommes, et surtout les p\u00e8res, occupaient la t\u00eate strat\u00e9gique du syst\u00e8me d\u2019exploitation pyramidal\u2026<\/p>\n<p class=\"fig-premium-paywall__infos\">\n        Cet article est r\u00e9serv\u00e9 aux abonn\u00e9s.        Il vous reste 83% \u00e0 d\u00e9couvrir.\n    <\/p>\n<p>                <img  data- alt=\"Le Figaro\" class=\"fig-img--complete fig-img\"\/><\/p>\n<p class=\"fig-premium-paywall__title\">Vous avez envie de lire la suite ?<\/p>\n<p class=\"fig-premium-paywall__subtitle\">D\u00e9bloquez tous les articles imm\u00e9diatement.<\/p>\n<p class=\"fig-premium-paywall__connect\">\n                D\u00e9j\u00e0 abonn\u00e9\u00a0?                <a class=\"fig-premium-paywall__connect-link\" href=\"https:\/\/connect.lefigaro.fr\/login?client=horizon_web&amp;type=main&amp;redirect_uri=https%3A%2F%2Fwww.lefigaro.fr%2Ffaits-divers%2Fvols-a-l-arrache-jeunes-filles-achetees-et-guerre-de-territoires-a-paris-la-vie-infernale-des-enfants-exploites-par-un-reseau-de-pickpockets-bosniens-20250926\" data-js-gtm=\"{&quot;customCategorie&quot;: &quot;conversion&quot;, &quot;customAction&quot;: &quot;before_Landing_Connexion_paywall_auto&quot;, &quot;customLabel&quot;: &quot;bGVmaWdhcm8uZnJfXzFmMDk5ZmJjLTYxOTYtNmIwMC04NDJkLTRiYjcxZTRjOTM2N19fTmV3c0ZsYXNo_Vols \u00e0 l\u2019arrach\u00e9, jeunes filles achet\u00e9es et guerre de territoires\u00a0: \u00e0 Paris, la vie infernale des enfants exploit\u00e9s par un r\u00e9seau de pickpockets bosniens_101&quot;, &quot;customIDSPE&quot;: &quot;bGVmaWdhcm8uZnJfXzFmMDk5ZmJjLTYxOTYtNmIwMC04NDJkLTRiYjcxZTRjOTM2N19fTmV3c0ZsYXNo&quot;, &quot;event&quot;: &quot;customEventSPE&quot;}\" target=\"_blank\" rel=\"noopener\"><br \/>\n                    Connectez-vous<br \/>\n                <\/a>\n            <\/p>\n","protected":false},"excerpt":{"rendered":"Quatorze personnes comparaissent \u00e0 partir de ce vendredi pour avoir enr\u00f4l\u00e9 des enfants dans un groupe de voleurs&hellip;\n","protected":false},"author":2,"featured_media":418107,"comment_status":"","ping_status":"","sticky":false,"template":"","format":"standard","meta":{"footnotes":""},"categories":[1888],"tags":[11,1777,674,1011,27,12,626,25,20617],"class_list":{"0":"post-418106","1":"post","2":"type-post","3":"status-publish","4":"format-standard","5":"has-post-thumbnail","7":"category-paris","8":"tag-actualites","9":"tag-eu","10":"tag-europe","11":"tag-fr","12":"tag-france","13":"tag-news","14":"tag-paris","15":"tag-republique-francaise","16":"tag-roissy-charles-de-gaulle"},"share_on_mastodon":{"url":"https:\/\/pubeurope.com\/@fr\/115268734546029209","error":""},"_links":{"self":[{"href":"https:\/\/www.europesays.com\/fr\/wp-json\/wp\/v2\/posts\/418106","targetHints":{"allow":["GET"]}}],"collection":[{"href":"https:\/\/www.europesays.com\/fr\/wp-json\/wp\/v2\/posts"}],"about":[{"href":"https:\/\/www.europesays.com\/fr\/wp-json\/wp\/v2\/types\/post"}],"author":[{"embeddable":true,"href":"https:\/\/www.europesays.com\/fr\/wp-json\/wp\/v2\/users\/2"}],"replies":[{"embeddable":true,"href":"https:\/\/www.europesays.com\/fr\/wp-json\/wp\/v2\/comments?post=418106"}],"version-history":[{"count":0,"href":"https:\/\/www.europesays.com\/fr\/wp-json\/wp\/v2\/posts\/418106\/revisions"}],"wp:featuredmedia":[{"embeddable":true,"href":"https:\/\/www.europesays.com\/fr\/wp-json\/wp\/v2\/media\/418107"}],"wp:attachment":[{"href":"https:\/\/www.europesays.com\/fr\/wp-json\/wp\/v2\/media?parent=418106"}],"wp:term":[{"taxonomy":"category","embeddable":true,"href":"https:\/\/www.europesays.com\/fr\/wp-json\/wp\/v2\/categories?post=418106"},{"taxonomy":"post_tag","embeddable":true,"href":"https:\/\/www.europesays.com\/fr\/wp-json\/wp\/v2\/tags?post=418106"}],"curies":[{"name":"wp","href":"https:\/\/api.w.org\/{rel}","templated":true}]}}