{"id":418132,"date":"2025-09-26T04:51:24","date_gmt":"2025-09-26T04:51:24","guid":{"rendered":"https:\/\/www.europesays.com\/fr\/418132\/"},"modified":"2025-09-26T04:51:24","modified_gmt":"2025-09-26T04:51:24","slug":"alexis-loison-grand-vainqueur-de-la-solitaire-du-figaro-paprec-2025","status":"publish","type":"post","link":"https:\/\/www.europesays.com\/fr\/418132\/","title":{"rendered":"Alexis Loison, grand vainqueur de La Solitaire du Figaro Paprec 2025"},"content":{"rendered":"<p>Le Normand s\u2019offre enfin son premier titre sur cette course mythique en solitaire.<\/p>\n<p class=\"fig-paragraph\">C\u2019est \u00e0 3 heures 47 minutes et 14 secondes, qu\u2019Alexis Loison sur Groupe REEL, coupe en grand vainqueur la ligne d\u2019arriv\u00e9e situ\u00e9e \u00e0 quelques encablures du port normand de\u00a0<a href=\"http:\/\/www.lefigaro.fr\/voyages\/inspiration\/exceptionnelle-et-meconnue-saint-vaast-la-hougue-dans-la-cour-des-grands-de-la-solitaire-20250924\" target=\"_blank\" data-fig-type=\"Article\" rel=\"noopener\" data-gtm-custom-categorie=\"navigation\" data-gtm-custom-action=\"crossclick\" data-gtm-custom-label=\"Contextuel\" data-gtm-event=\"customEventSPE\" data-fig-domain=\"LEFIGARO\">Saint-Vaast-la-Hougue<\/a>. Avec cette deuxi\u00e8me victoire de manche et une place de deuxi\u00e8me, Alexis Loison s\u2019offre enfin son premier titre sur cette course mythique en solitaire.<\/p>\n<p class=\"fig-paragraph\">Il aura parcouru cette distance depuis Vigo en 4 jours 10 heures 35 minutes et 10 secondes \u00e0 la vitesse moyenne de 6,58 n\u0153uds pour un total de 701,39 milles. Le benjamin de la course Tom Goron (Groupe Dubreuil), \u00e2g\u00e9 de seulement 19 ans, s\u2019empare de la deuxi\u00e8me place de l\u2019\u00e9tape, Jules Ducelier sur R\u00e9gion Normandie compl\u00e8te le podium.<\/p>\n<p>                                    <a class=\"fig-a11y-skip a11y-hidden\" href=\"#fig-a11y-skip-main-inarticle\"><br \/>\n        Passer la publicit\u00e9<br \/>\n    <\/a><\/p>\n<p>\u00abSaison fabuleuse\u00bb<\/p>\n<p class=\"fig-paragraph\">\u00abCette Solitaire, c\u2019\u00e9tait dur, je suis trop content de la remporter. Mais celle-l\u00e0, je ne sais pas pourquoi, elle \u00e9tait plus dure que les autres\u00a0! J\u2019avais toujours une petite voix, tous les ans, qui me disait insiste, insiste, tu vas y arriver.\u00a0Enfin j\u2019y arrive et en plus avec la mani\u00e8re en faisant 1er, 2e et 1er, c\u2019est fabuleux\u00a0! Je n\u2019en reviens pas, j\u2019atterris complet. Depuis le d\u00e9but de l\u2019ann\u00e9e, je me dis que c\u2019est mon ann\u00e9e et j\u2019ai juste insist\u00e9 sur les\u00a0petits d\u00e9tails\u00a0pour ne rien laisser au hasard, et c\u2019est vrai que je fais une saison fabuleuse, c\u2019est compl\u00e8tement dingue. Il y aura une 20e Solitaire. Je vais d\u2019autant plus la savourer, celle-l\u00e0, sans pression de r\u00e9sultat. Mais je ne sais pas trop quand\u00a0: je me garde un peu de temps. On fera bien s\u00fbr une 20e pour le plaisir.\u00bb<\/p>\n<p class=\"fig-paragraph\">Derri\u00e8re Alexis, la bataille pour la deuxi\u00e8me et troisi\u00e8me place du classement g\u00e9n\u00e9ral a \u00e9t\u00e9 \u00e2prement disput\u00e9e entre Charlotte\u00a0Yven\u00a0(Skipper Macif 2023) et Arno\u00a0Biston\u00a0(Article.1). Apr\u00e8s une tr\u00e8s belle navigation depuis Vigo, oscillant entre la deuxi\u00e8me et la cinqui\u00e8me place, Charlotte, gr\u00e2ce \u00e0 son avance de 24 minutes et 5 secondes sur Arno\u00a0Biston, conserve d\u2019une tr\u00e8s belle mani\u00e8re sa deuxi\u00e8me place au classement g\u00e9n\u00e9ral. Le skipper d\u2019Article.1 compl\u00e8te donc ce magnifique podium.<\/p>\n<p class=\"fig-paragraph\">\u00abR\u00e9ussir \u00e0 faire un podium sur la Solitaire, c\u2019est incroyable. Je vais essayer de r\u00e9aliser. Avant de partir je me disais que je voulais faire aussi bien, je crois que c\u2019est r\u00e9ussi. Je me sentais bien sur mon bateau. C\u2019est l\u2019aboutissement de gros travail avec la Macif qui m\u2019a donn\u00e9 les moyens pour bien performer\u00bb,\u00a0confiait Charlotte\u00a0Yven\u00a0\u00e0 son arriv\u00e9e au ponton.<\/p>\n","protected":false},"excerpt":{"rendered":"Le Normand s\u2019offre enfin son premier titre sur cette course mythique en solitaire. C\u2019est \u00e0 3 heures 47&hellip;\n","protected":false},"author":2,"featured_media":418133,"comment_status":"","ping_status":"","sticky":false,"template":"","format":"standard","meta":{"footnotes":""},"categories":[1412],"tags":[54783,1451,1452,1453,1454,1455,1011,27,49062,60,10887],"class_list":{"0":"post-418132","1":"post","2":"type-post","3":"status-publish","4":"format-standard","5":"has-post-thumbnail","7":"category-f1","8":"tag-course-au-large","9":"tag-f1","10":"tag-formula-1","11":"tag-formula1","12":"tag-formule-1","13":"tag-formule1","14":"tag-fr","15":"tag-france","16":"tag-la-solitaire-du-figaro","17":"tag-sports","18":"tag-voile"},"share_on_mastodon":{"url":"https:\/\/pubeurope.com\/@fr\/115268805101023239","error":""},"_links":{"self":[{"href":"https:\/\/www.europesays.com\/fr\/wp-json\/wp\/v2\/posts\/418132","targetHints":{"allow":["GET"]}}],"collection":[{"href":"https:\/\/www.europesays.com\/fr\/wp-json\/wp\/v2\/posts"}],"about":[{"href":"https:\/\/www.europesays.com\/fr\/wp-json\/wp\/v2\/types\/post"}],"author":[{"embeddable":true,"href":"https:\/\/www.europesays.com\/fr\/wp-json\/wp\/v2\/users\/2"}],"replies":[{"embeddable":true,"href":"https:\/\/www.europesays.com\/fr\/wp-json\/wp\/v2\/comments?post=418132"}],"version-history":[{"count":0,"href":"https:\/\/www.europesays.com\/fr\/wp-json\/wp\/v2\/posts\/418132\/revisions"}],"wp:featuredmedia":[{"embeddable":true,"href":"https:\/\/www.europesays.com\/fr\/wp-json\/wp\/v2\/media\/418133"}],"wp:attachment":[{"href":"https:\/\/www.europesays.com\/fr\/wp-json\/wp\/v2\/media?parent=418132"}],"wp:term":[{"taxonomy":"category","embeddable":true,"href":"https:\/\/www.europesays.com\/fr\/wp-json\/wp\/v2\/categories?post=418132"},{"taxonomy":"post_tag","embeddable":true,"href":"https:\/\/www.europesays.com\/fr\/wp-json\/wp\/v2\/tags?post=418132"}],"curies":[{"name":"wp","href":"https:\/\/api.w.org\/{rel}","templated":true}]}}